{"id":51506,"date":"2020-07-20T21:42:39","date_gmt":"2020-07-20T21:42:39","guid":{"rendered":"http:\/\/diariodominicano.ddns.net\/?p=51506"},"modified":"2020-07-20T21:42:39","modified_gmt":"2020-07-20T21:42:39","slug":"comision-de-transicion-del-minerd-y-del-proximo-gobierno-se-reunen-para-dar-seguimiento-agenda-escolar-y-presentar-subcomisiones","status":"publish","type":"post","link":"https:\/\/diariodominicano.com\/?p=51506","title":{"rendered":"Comisi\u00f3n de transici\u00f3n del MINERD y del pr\u00f3ximo gobierno se re\u00fanen para dar seguimiento agenda escolar y presentar subcomisiones"},"content":{"rendered":"<p><body><\/p>\n<p><img decoding=\"async\" src=\"img3\/Educa20-7-20.jpg\" \/>  <\/p>\n<p><span class=\"text1noticias\">diariodominicano.com<\/span><\/p>\n<\/p>\n<p><span class=\"text1noticias\">Santo Domingo, R. D., 20 de julio, 2020.- Las comisiones designadas para trabajar el proceso de transici\u00f3n del Ministerio de Educaci\u00f3n (MINERD), encabezadas por el director de Gabinete Ministerial, Henry Santos, y el profesor Julio Fulcar se reunieron este lunes para dar seguimiento a la agenda sobre todo lo concerniente al inicio del a\u00f1o escolar, y presentar la designaci\u00f3n de varias subcomisiones que coordinar\u00e1n otras \u00e1reas fundamentales de la educaci\u00f3n.<\/span><\/p>\n<\/p>\n<p><span class=\"text1noticias\">La reuni\u00f3n se realiz\u00f3 en el Polit\u00e9cnico V\u00edctor Estrella Liz (La Perito), en un ambiente di\u00e1fano y arm\u00f3nico, donde abordaron los temas del protocolo sanitario, el reinicio del A\u00f1o Escolar 2020-2021, las posibles modalidades en que se impartir\u00eda la docencia ante la situaci\u00f3n de crisis sanitaria que vive el pa\u00eds por el coronavirus, las Pruebas Nacionales, entre otros temas de importancia para la educaci\u00f3n.<\/span><\/p>\n<\/p>\n<p><span class=\"text1noticias\">Santos dijo que el MINERD hizo un requerimiento al Programa de Medicamentos Esenciales y Central de Apoyo Log\u00edstico (PROMESECAL) de materiales insumos sanitarios como mascarillas, gel antibacterial y guantes para el inicio del pr\u00f3ximo del a\u00f1o escolar.<\/span><\/p>\n<\/p>\n<p><span class=\"text1noticias\">\u00abTodo lo que se va a utilizar para el inicio del a\u00f1o escolar ya est\u00e1 pedido a PROMESE para garantizar las medidas de higiene y la salud colectiva para cuando inicien las clases, del cual no hay una fecha debido a que entramos nueva vez a un estado de emergencia\u00bb, indic\u00f3 Santos.<\/span><\/p>\n<\/p>\n<p><span class=\"text1noticias\">Sobre las subcomisiones que trabajar\u00e1n temas particulares, Santos manifest\u00f3 que cada una est\u00e1 coordinada por viceministerios, instituciones descentralizadas, direcciones y departamentos de significativa importancia para la administraci\u00f3n del MINERD.<\/span><\/p>\n<\/p>\n<p><span class=\"text1noticias\">Santos detall\u00f3 que entre las subcomisiones est\u00e1n: la de Direcci\u00f3n de Gabinete, la cual \u00e9l coordina; de Edificaciones Escolares, Administrativa, Tecnolog\u00eda de la Informaci\u00f3n, Curr\u00edculum, Medios Educativos, Jur\u00eddica, ARS Semma, entre otras. <\/span><\/p>\n<\/p>\n<p><span class=\"text1noticias\">Igualmente, el director de Gabinete Ministerial, destac\u00f3 que, por instrucci\u00f3n directa de la Presidencia, el Ministerio le entregar\u00e1 a la comisi\u00f3n oficial un informe completo del Plan Estrat\u00e9gico Institucional, del Plan Operativo Anual y su porcentaje de avance hasta el mes de julio de este a\u00f1o, y el Plan Anual de Compras, as\u00ed como de las compras en curso.<\/span><\/p>\n<\/p>\n<p><span class=\"text1noticias\">Tambi\u00e9n entregar\u00e1n un informe de la estructura organizacional aprobada por el Ministerio de Administraci\u00f3n P\u00fablica (MAP), los mapas del proceso de la instituci\u00f3n, inventario de pol\u00edticas y procedimientos institucionales, manual de organizaci\u00f3n y funciones, as\u00ed como de cargos y distribuci\u00f3n de puestos, presupuesto aprobado y ejecutado a la fecha, cuotas comprometidas, estados financieros, deudas a proveedores, libramiento en proceso, pagos recurrentes, entre otras informaciones.<\/span><\/p>\n<\/p>\n<p><span class=\"text1noticias\">De su lado, Julio Fulcar manifest\u00f3 que igualmente ellos realizaron una subcomisi\u00f3n para que junto a la del MINERD puedan coordinar las reuniones y puedan intercambiar las informaciones y acciones pertinentes para que los resultados sean m\u00e1s agiles y efectivos para el bien de la educaci\u00f3n dominicana.<\/span><\/p>\n<\/p>\n<p><span class=\"text1noticias\">La comisi\u00f3n del MINERD est\u00e1 conformada, adem\u00e1s de Henry Santos, por Vivian B\u00e1ez, directora de Recursos Humanos; Denia Burgos, viceministra de Servicios T\u00e9cnicos y Pedag\u00f3gicos; V\u00edctor S\u00e1nchez, viceministro de Planificaci\u00f3n y Desarrollo; Dar\u00edo Rodr\u00edguez, viceministro de Gesti\u00f3n Administrativa; y Teresa Garc\u00e9s, consultora jur\u00eddica.<\/span><\/p>\n<\/p>\n<p><span class=\"text1noticias\">En tanto, la comisi\u00f3n designada por las nuevas autoridades la integran Julio Fulcar como presidente, Paulino Ogando, Franco de los Santos, Rafael Bello D\u00edaz, Ligia P\u00e9rez, Luis Soto y Julio C\u00e9sar de los Santos. <\/span><\/p>\n<\/p>\n<p><span class=\"text1noticias\">Ambas comisiones acordaron reunirse en esta semana, a los fines de establecer fluidez en la emisi\u00f3n y recepci\u00f3n de informaciones, con lo que se garantiza un proceso de transici\u00f3n di\u00e1fano, arm\u00f3nico y en total cooperaci\u00f3n de las partes, tal y como han establecido el ministro Antonio Pe\u00f1a Mirabal y el ministro designado Roberto Fulcar. <\/span><\/p>\n<\/p>\n<p><span class=\"text1noticias\">Fuente: Direcci\u00f3n de Comunicaci\u00f3n y Relaciones P\u00fablicas<\/span><\/p>\n<p><span class=\"text1noticias\">20 de julio 2020<\/span><\/p>\n<p><span class=\"text1noticias\"> Licda. Magdalena Nu\u00f1ez<\/span><\/p>\n<p><span class=\"text1noticias\">Enc. Relaciones P\u00fablicas<\/span><\/p>\n<p><span class=\"text1noticias\">Ministerio Educaci\u00f3n Rep\u00fablica Dominicana <\/span><\/p>\n<h6> 2020-07-20 21:42:39 <\/h6>\n<p><!--\n<link rel=\"stylesheet\" href=\"css\/bootstrap.min.css\">\n\n\n<ul class=\"pagination\">\n\t    \n\t\n\n<li >\n\t<a href='?page_no=393'>Previous<\/a>\n\t<\/li>\n\n\n       \n    \n\n<li><a href='?page_no=1'>1<\/a><\/li>\n\n\n\n<li><a href='?page_no=2'>2<\/a><\/li>\n\n\n\n<li><a>...<\/a><\/li>\n\n\n\n<li><a href='?page_no=392'>392<\/a><\/li>\n\n\n\n<li><a href='?page_no=393'>393<\/a><\/li>\n\n\n\n<li class='active'><a>394<\/a><\/li>\n\n\n\n<li><a href='?page_no=395'>395<\/a><\/li>\n\n\n\n<li><a href='?page_no=396'>396<\/a><\/li>\n\n\n\n<li><a>...<\/a><\/li>\n\n\n\n<li><a href='?page_no=22911'>22911<\/a><\/li>\n\n\n\n<li><a href='?page_no=22912'>22912<\/a><\/li>\n\n    \n\t\n\n<li >\n\t<a href='?page_no=395'>Next<\/a>\n\t<\/li>\n\n\n    \n\n<li><a href='?page_no=22912'>Last &rsaquo;&rsaquo;<\/a><\/li>\n\n<\/ul>\n\n\n--><br \/>\n<\/body><\/p>\n","protected":false},"excerpt":{"rendered":"<p>diariodominicano.com Santo Domingo, R. D., 20 de julio, 2020.- Las comisiones designadas para trabajar el proceso de transici\u00f3n del Ministerio de Educaci\u00f3n (MINERD), encabezadas por el director de Gabinete Ministerial, Henry Santos, y el profesor Julio Fulcar se reunieron este lunes para dar seguimiento a la agenda sobre todo lo concerniente al inicio del a\u00f1o [&hellip;]<\/p>\n","protected":false},"author":3,"featured_media":0,"comment_status":"open","ping_status":"open","sticky":false,"template":"","format":"standard","meta":{"footnotes":""},"categories":[21],"tags":[],"class_list":["post-51506","post","type-post","status-publish","format-standard","hentry","category-cultura"],"_links":{"self":[{"href":"https:\/\/diariodominicano.com\/index.php?rest_route=\/wp\/v2\/posts\/51506","targetHints":{"allow":["GET"]}}],"collection":[{"href":"https:\/\/diariodominicano.com\/index.php?rest_route=\/wp\/v2\/posts"}],"about":[{"href":"https:\/\/diariodominicano.com\/index.php?rest_route=\/wp\/v2\/types\/post"}],"author":[{"embeddable":true,"href":"https:\/\/diariodominicano.com\/index.php?rest_route=\/wp\/v2\/users\/3"}],"replies":[{"embeddable":true,"href":"https:\/\/diariodominicano.com\/index.php?rest_route=%2Fwp%2Fv2%2Fcomments&post=51506"}],"version-history":[{"count":0,"href":"https:\/\/diariodominicano.com\/index.php?rest_route=\/wp\/v2\/posts\/51506\/revisions"}],"wp:attachment":[{"href":"https:\/\/diariodominicano.com\/index.php?rest_route=%2Fwp%2Fv2%2Fmedia&parent=51506"}],"wp:term":[{"taxonomy":"category","embeddable":true,"href":"https:\/\/diariodominicano.com\/index.php?rest_route=%2Fwp%2Fv2%2Fcategories&post=51506"},{"taxonomy":"post_tag","embeddable":true,"href":"https:\/\/diariodominicano.com\/index.php?rest_route=%2Fwp%2Fv2%2Ftags&post=51506"}],"curies":[{"name":"wp","href":"https:\/\/api.w.org\/{rel}","templated":true}]}}