{"id":515007,"date":"2024-03-13T11:38:18","date_gmt":"2024-03-13T15:38:18","guid":{"rendered":"https:\/\/diariodominicano.com\/?p=515007"},"modified":"2024-03-13T11:38:18","modified_gmt":"2024-03-13T15:38:18","slug":"podemos-trabajar-juntos-para-ayudar-a-las-mujeres-en-nuestra-region-subdirectora-de-ops-comparte-su-pasion-y-objetivos","status":"publish","type":"post","link":"https:\/\/diariodominicano.com\/?p=515007","title":{"rendered":"\u201cPodemos trabajar juntos para ayudar a las mujeres en nuestra regi\u00f3n\u201d: subdirectora de OPS comparte su pasi\u00f3n y objetivos"},"content":{"rendered":"\n<p>La doctora Rhonda Sealey-Thomas durante su juramentaci\u00f3n como subdirectora de la Organizaci\u00f3n Panamericana de la Salud (OPS), que act\u00faa como Oficina Regional para las Am\u00e9ricas de la Organizaci\u00f3n Mundial de la Salud (OMS), el 12 de octubre de 2023.<\/p>\n\n\n\n<p>marzo 13, 2024<\/p>\n\n\n\n<ul class=\"wp-block-list\">\n<li><a href=\"https:\/\/www.vozdeamerica.com\/author\/salome-ramirez-vargas\/qu_vo\">Salom\u00e9 Ram\u00edrez Vargas<\/a><\/li>\n<\/ul>\n\n\n\n<ul class=\"wp-block-list\">\n<li><a href=\"https:\/\/facebook.com\/sharer.php?u=https%3a%2f%2fwww.vozdeamerica.com%2fa%2fayudar-mujeres-region-subdirectora-ops-pasion-objetivos%2f7524745.html\" target=\"_blank\" rel=\"noreferrer noopener\"><\/a><\/li>\n\n\n\n<li><a href=\"https:\/\/twitter.com\/share?url=https%3a%2f%2fwww.vozdeamerica.com%2fa%2fayudar-mujeres-region-subdirectora-ops-pasion-objetivos%2f7524745.html&amp;text=%e2%80%9cPodemos+trabajar+juntos+para+ayudar+a+las+mujeres+en+nuestra+regi%c3%b3n%e2%80%9d%3a+subdirectora+de++OPS+comparte+su+pasi%c3%b3n+y+objetivos\" target=\"_blank\" rel=\"noreferrer noopener\"><\/a><\/li>\n\n\n\n<li><\/li>\n\n\n\n<li><a href=\"mailto:?body=https%3a%2f%2fwww.vozdeamerica.com%2fa%2fayudar-mujeres-region-subdirectora-ops-pasion-objetivos%2f7524745.html&amp;subject=%E2%80%9CPodemos%20trabajar%20juntos%20para%20ayudar%20a%20las%20mujeres%20en%20nuestra%20regi%C3%B3n%E2%80%9D:%20subdirectora%20de%20OPS%20comparte%20su%20pasi%C3%B3n%20y%20objetivos\"><\/a><\/li>\n<\/ul>\n\n\n\n<p><a href=\"https:\/\/www.vozdeamerica.com\/a\/ayudar-mujeres-region-subdirectora-ops-pasion-objetivos\/7524745.html#comments\">&nbsp;Vea comentarios<\/a><\/p>\n\n\n\n<p>La doctora Rhonda Sealey-Thomas ha dedicado su vida a la medicina. Desde su natal Trinidad y Tobago hasta Washington, la experta en salud p\u00fablica hoy ejerce como subdirectora de la Organizaci\u00f3n Panamericana de la Salud (OPS) con un inter\u00e9s especial en la eliminaci\u00f3n del c\u00e1ncer.<\/p>\n\n\n\n<p>WASHINGTON \u2014&nbsp;<\/p>\n\n\n\n<p>Durante las \u00faltimas tres d\u00e9cadas, la doctora Rhonda Sealey-Thomas ha dedicado su vida a la salud p\u00fablica, desde el cuidado m\u00e9dico primario hasta la detecci\u00f3n y eliminaci\u00f3n de enfermedades. Hoy, como subdirectora de la Organizaci\u00f3n Panamericana de la Salud (OPS), mantiene una pasi\u00f3n particular por la eliminaci\u00f3n del c\u00e1ncer cervical en mujeres.<\/p>\n\n\n\n<p>Sealey-Thomas naci\u00f3 y creci\u00f3 en la ciudad de San Fernando, en Trinidad y Tobago, sin embargo, la mayor parte de su experiencia profesional se desarroll\u00f3 en Antigua y Barbuda, donde ejerci\u00f3 como oficial m\u00e9dico de salud para el Ministerio de Salud.<\/p>\n\n\n\n<p>La historia de esta profesional comenz\u00f3 de la mano de una \u201cfuerte figura femenina\u201d, su madre Teresa, quien influy\u00f3 de gran manera lo que ser\u00eda su futuro en la medicina.<\/p>\n\n\n\n<p>\u201cEra una educadora e inculc\u00f3 en mi valores muy importantes sobre la importancia de la educaci\u00f3n, el preocuparse por otras personas y la empat\u00eda\u2026 ella me ense\u00f1\u00f3 a ser ambiciosa\u201d, cont\u00f3 Sealey-Thomas a la&nbsp;<em><strong>Voz de Am\u00e9rica<\/strong><\/em>, al resaltar que fue su madre quien escogi\u00f3 la carrera de medicina por ella. \u201cCreo que vio cualidades en m\u00ed que le mostraron que yo ser\u00eda una buena m\u00e9dico\u201d.<\/p>\n\n\n\n<p><a href=\"https:\/\/www.vozdeamerica.com\/a\/aniversario-coronavirus-pandemia-virus-quedarse\/7523171.html\"><\/a><\/p>\n\n\n\n<p><a href=\"https:\/\/www.vozdeamerica.com\/a\/aniversario-coronavirus-pandemia-virus-quedarse\/7523171.html\">TAMBI\u00c9N LEA<\/a><\/p>\n\n\n\n<h4 class=\"wp-block-heading\"><a href=\"https:\/\/www.vozdeamerica.com\/a\/aniversario-coronavirus-pandemia-virus-quedarse\/7523171.html\">Se cumplen 4 a\u00f1os de la pandemia de COVID-19: \u201cEl virus lleg\u00f3 para quedarse\u201d<\/a><\/h4>\n\n\n\n<p>As\u00ed entonces, en 1988, Sealey-Thomas comenz\u00f3 su carrera de medicina en la Universidad de las Indias Occidentales en Jamaica, donde adem\u00e1s de encontrar su pasi\u00f3n por la ciencia, se top\u00f3 con el amor. Junto a su ahora esposo, se mud\u00f3 a Antigua y Barbuda, de donde \u00e9l es originario.<\/p>\n\n\n\n<p>Fue en esta nueva isla caribe\u00f1a donde Sealey-Thomas comenz\u00f3 a trabajar en una sala de emergencia. \u201cEra un trabajo muy interesante. Ve\u00eda a personas que ven\u00edan todo el tiempo y siempre pensaba en por qu\u00e9 ten\u00edan que regresar a verme con los mismos problemas, y qu\u00e9 pod\u00eda hacer yo como m\u00e9dico para evitar que se enfermaran\u201d, agreg\u00f3 la doctora.<\/p>\n\n\n\n<p>Ese sentimiento, dijo, la llev\u00f3 a estudiar salud p\u00fablica, la profesi\u00f3n que pondr\u00eda en pr\u00e1ctica en Antigua y Barbuda como oficial m\u00e9dico de salud, donde buscaba \u201cpropiciar un entorno\u201d para que las personas \u201cest\u00e9n bien y saludables en el caribe\u201d.<\/p>\n\n\n\n<p>Algunos de los retos, mencion\u00f3, son las disparidades entre la poblaci\u00f3n. Antigua y Barbuda, por ejemplo, con apenas 100.000 habitantes \u201ces especialmente vulnerable a experiencias como cambio clim\u00e1tico, huracanes y desastres naturales\u201d que afectan la salud de la poblaci\u00f3n, expuso.<\/p>\n\n\n\n<figure class=\"wp-block-image\"><img decoding=\"async\" src=\"https:\/\/gdb.voanews.com\/01000000-0aff-0242-3ab2-08dc42c8dda9_w650_r1_s.jpeg\" alt=\"Rhonda Sealey-Thomas participa de la Reuni\u00f3n de Gerentes de la OPS en Washington en noviembre de 2023.\"\/><figcaption class=\"wp-element-caption\">Rhonda Sealey-Thomas participa de la Reuni\u00f3n de Gerentes de la OPS en Washington en noviembre de 2023.<\/figcaption><\/figure>\n\n\n\n<p>\u201cQuer\u00eda utilizar mi puesto para ayudar a mitigar algunos de esos efectos del cambio clim\u00e1tico. Y esas son algunas de las cosas que espero hacer aqu\u00ed en la Organizaci\u00f3n Panamericana de la Salud como subdirectora\u201d, agreg\u00f3 Sealey-Thomas.<\/p>\n\n\n\n<p>Desde la OPS, no solo se enfoca en la eliminaci\u00f3n y an\u00e1lisis de enfermedades no transmisibles, sino en un tema de particular inter\u00e9s para ella:&nbsp;<em><a href=\"https:\/\/www.vozdeamerica.com\/a\/salud_oms-anuncia-estrategia-para-erradicar-el-cancer-cervical\/6069489.html\" target=\"_blank\" rel=\"noreferrer noopener\">eliminar el c\u00e1ncer de cuello uterino.<\/a><\/em><\/p>\n\n\n\n<p>\u201cTenemos una enfermedad que se puede prevenir usando una vacuna, contra el virus del papiloma humano, y tenemos una prueba tan simple que puede detectar el c\u00e1ncer de cuello uterino. Tenemos opciones de tratamiento disponibles, as\u00ed que me parece muy dif\u00edcil que en estos tiempos en los que tenemos las herramientas, las mujeres mueran a causa de una enfermedad prevenible\u201d, dijo Sealey-Thomas.<\/p>\n\n\n\n<h3 class=\"wp-block-heading\">Una visi\u00f3n para la regi\u00f3n<\/h3>\n\n\n\n<p>A pesar de su experiencia en el Caribe, la doctora trinitense ve desde la OPS una oportunidad para Am\u00e9rica Latina de \u201caprender unos de otros\u201d para atajar las enfermedades transmitidas entre la poblaci\u00f3n, especialmente entre mujeres.<\/p>\n\n\n\n<p>El c\u00e1ncer de cuello uterino, seg\u00fan la Organizaci\u00f3n Mundial de la Salud, es el&nbsp;<em><a href=\"https:\/\/gco.iarc.fr\/today\/en\/dataviz\/bars?mode=cancer&amp;populations=904&amp;sexes=2&amp;types=0_1&amp;sort_by=value1&amp;cancers=23&amp;multiple_populations=0&amp;key=total\" target=\"_blank\" rel=\"noreferrer noopener\">tercer c\u00e1ncer m\u00e1s frecuente<\/a><\/em>&nbsp;entre mujeres de Am\u00e9rica y Latina y el Caribe, cobrando la vida de m\u00e1s de 33.000 mujeres al a\u00f1o.<\/p>\n\n\n\n<p>\u201cTenemos muchas mujeres que no pueden acceder a una prueba de VPH o para detectar c\u00e1ncer debido al lugar donde viven. Es posible que se encuentren en zonas remotas o simplemente que le tengan miedo a la prueba. Muchas mujeres lo rechazan porque piensan que va a ser doloroso\u2026 o incluso cuando se la hace no pueden acceder a los resultados\u201d, explic\u00f3 Sealey-Thomas.<\/p>\n\n\n\n<p><a href=\"https:\/\/www.vozdeamerica.com\/a\/alejandra-mora-comision-interamericana-mujeres-oea-entrevista-voa\/7519415.html\"><\/a><\/p>\n\n\n\n<p><a href=\"https:\/\/www.vozdeamerica.com\/a\/alejandra-mora-comision-interamericana-mujeres-oea-entrevista-voa\/7519415.html\">TAMBI\u00c9N LEA<\/a><\/p>\n\n\n\n<h4 class=\"wp-block-heading\"><a href=\"https:\/\/www.vozdeamerica.com\/a\/alejandra-mora-comision-interamericana-mujeres-oea-entrevista-voa\/7519415.html\">\u00abEl feminismo funciona\u00bb pero queda mucho por hacer: Alejandra Mora, secretaria de la Comisi\u00f3n Interamericana de Mujeres<\/a><\/h4>\n\n\n\n<p>Estas condiciones, agreg\u00f3, se pueden contrarrestar con educaci\u00f3n y acceso a vacunas.<\/p>\n\n\n\n<p>\u201cLa Organizaci\u00f3n Panamericana de la Salud puede adquirir vacunas que sean seguras y efectivas y pruebas de diagn\u00f3stico que puedan servir a las mujeres de nuestra regi\u00f3n. Entonces la educaci\u00f3n, la adquisici\u00f3n de suministros y vacunas son formas en que podemos unirnos y trabajar juntos para ayudar a las mujeres en nuestra regi\u00f3n\u201d, agreg\u00f3.<\/p>\n\n\n\n<p>Desde su posici\u00f3n, la m\u00e9dico asegura que es necesario brindar m\u00e1s oportunidades educativas a las mujeres, para que tambi\u00e9n puedan ser parte de los procesos de estudio cient\u00edfico, m\u00e9dico y prevenci\u00f3n de enfermedades.<\/p>\n\n\n\n<p>\u201cTenemos que empoderarlas, hacerles saber que tambi\u00e9n pueden lograr lo que vean\u2026 en la fuerza laboral tenemos que brindar oportunidades a las mujeres en t\u00e9rminos de licencia de maternidad e igualdad salarial \u2026 debemos asegurarnos de que sea equitativo, que recibamos el mismo salario y las mismas oportunidades que los hombres en la fuerza laboral y eso las alentar\u00e1 tambi\u00e9n a dar un paso adelante\u201d, concluy\u00f3.<\/p>\n\n\n\n<p>Sealey-Thomas particip\u00f3 el pasado 8 de marzo, D\u00eda Internacional de la Mujer, del di\u00e1logo de alto nivel \u201cEl liderazgo de las mujeres en la agenda regional de salud y resiliencia\u201d, en la Organizaci\u00f3n de los Estados Americanos (OEA) en Washington.<\/p>\n\n\n\n<p>All\u00ed, puso en relieve algunos de los desaf\u00edos que enfrentan las mujeres y destac\u00f3 los esfuerzos de la OPS para lidiar con la baja representaci\u00f3n de las mujeres en el sector de la salud.<\/p>\n\n\n\n<p>En el evento, las autoridades y organizaciones acordaron continuar uniendo esfuerzos para eliminar barreras mediante la promoci\u00f3n de la retenci\u00f3n de mujeres y el acceso a posiciones de liderazgo, y abordando la desigualdad de g\u00e9nero en la fuerza laboral.<\/p>\n","protected":false},"excerpt":{"rendered":"<p>La doctora Rhonda Sealey-Thomas durante su juramentaci\u00f3n como subdirectora de la Organizaci\u00f3n Panamericana de la Salud (OPS), que act\u00faa como Oficina Regional para las Am\u00e9ricas de la Organizaci\u00f3n Mundial de la Salud (OMS), el 12 de octubre de 2023. marzo 13, 2024 &nbsp;Vea comentarios La doctora Rhonda Sealey-Thomas ha dedicado su vida a la medicina. [&hellip;]<\/p>\n","protected":false},"author":28,"featured_media":515008,"comment_status":"closed","ping_status":"","sticky":false,"template":"","format":"standard","meta":{"footnotes":""},"categories":[36,25,23],"tags":[],"class_list":["post-515007","post","type-post","status-publish","format-standard","has-post-thumbnail","hentry","category-hombresmujeresycosas","category-gente","category-internacional"],"_links":{"self":[{"href":"https:\/\/diariodominicano.com\/index.php?rest_route=\/wp\/v2\/posts\/515007","targetHints":{"allow":["GET"]}}],"collection":[{"href":"https:\/\/diariodominicano.com\/index.php?rest_route=\/wp\/v2\/posts"}],"about":[{"href":"https:\/\/diariodominicano.com\/index.php?rest_route=\/wp\/v2\/types\/post"}],"author":[{"embeddable":true,"href":"https:\/\/diariodominicano.com\/index.php?rest_route=\/wp\/v2\/users\/28"}],"replies":[{"embeddable":true,"href":"https:\/\/diariodominicano.com\/index.php?rest_route=%2Fwp%2Fv2%2Fcomments&post=515007"}],"version-history":[{"count":1,"href":"https:\/\/diariodominicano.com\/index.php?rest_route=\/wp\/v2\/posts\/515007\/revisions"}],"predecessor-version":[{"id":515009,"href":"https:\/\/diariodominicano.com\/index.php?rest_route=\/wp\/v2\/posts\/515007\/revisions\/515009"}],"wp:featuredmedia":[{"embeddable":true,"href":"https:\/\/diariodominicano.com\/index.php?rest_route=\/wp\/v2\/media\/515008"}],"wp:attachment":[{"href":"https:\/\/diariodominicano.com\/index.php?rest_route=%2Fwp%2Fv2%2Fmedia&parent=515007"}],"wp:term":[{"taxonomy":"category","embeddable":true,"href":"https:\/\/diariodominicano.com\/index.php?rest_route=%2Fwp%2Fv2%2Fcategories&post=515007"},{"taxonomy":"post_tag","embeddable":true,"href":"https:\/\/diariodominicano.com\/index.php?rest_route=%2Fwp%2Fv2%2Ftags&post=515007"}],"curies":[{"name":"wp","href":"https:\/\/api.w.org\/{rel}","templated":true}]}}