{"id":514964,"date":"2024-03-13T09:43:52","date_gmt":"2024-03-13T13:43:52","guid":{"rendered":"https:\/\/diariodominicano.com\/?p=514964"},"modified":"2024-03-13T10:08:42","modified_gmt":"2024-03-13T14:08:42","slug":"cepm-y-evergo-presentan-al-bid-proyectos-pioneros-en-movilidad-electrica-y-generacion-renovable","status":"publish","type":"post","link":"https:\/\/diariodominicano.com\/?p=514964","title":{"rendered":"CEPM y Evergo presentan al BID proyectos pioneros en movilidad el\u00e9ctrica y generaci\u00f3n renovable"},"content":{"rendered":"\n<p><strong><em><br><\/em><\/strong><strong><em>Evergo Connect prepara su inminente apertura oficial, con 29 estaciones de carga para veh\u00edculos el\u00e9ctricos alimentadas con energ\u00eda solar<\/em><\/strong><\/p>\n\n\n\n<p><strong><em>El parque solar FV3 de CEPM en B\u00e1varo presenta la tecnolog\u00eda de almacenamiento m\u00e1s grande de la regi\u00f3n, con capacidad de 40MWh.<\/em><\/strong><\/p>\n\n\n\n<p><strong><br><\/strong><strong>B\u00c1VARO, La Altagracia<\/strong>.- El Consejo de Directores del Banco Interamericano de Desarrollo (BID), la representante local y ejecutivos de esta entidad, representantes de m\u00e1s de 40 pa\u00edses, se dieron cita hoy en las instalaciones de la primera electrolinera de la regi\u00f3n, Evergo Connect, y del parque solar FV3 de CEPM, ubicados en B\u00e1varo, en el marco de la &nbsp;Reuni\u00f3n Anual del Grupo&nbsp;BID, para ser testigos de las grandes innovaciones que presentan estos proyectos pioneros en su categor\u00eda para promover la energ\u00eda limpia en el pa\u00eds.&nbsp;<\/p>\n\n\n\n<p>La comitiva estuvo guiada por diversos ejecutivos de CEPM y Evergo, encabezados por Roberto Herrera, gerente pa\u00eds de InterEnergy Group y director ejecutivo de CEPM; Oscar San Mart\u00edn, gerente general; Antonio Martorell, director comercial; Wellington Reyes, director de Innovaci\u00f3n; Carlos Rodr\u00edguez, gerente senior de Mercadeo y Asuntos Corporativos; Claudia Castillo, gerente comercial; Concepci\u00f3n Sambartolom\u00e9, business developer; y Natanael Rolffot, superintendente de Renovables.<\/p>\n\n\n\n<p>La electrolinera, Evergo Connect, parte de la alianza entre el Consorcio Energ\u00e9tico Punta Cana Macao (CEPM) y Evergo, ambas empresas de InterEnergy Group, para facilitar al creciente n\u00famero de usuarios de veh\u00edculos el\u00e9ctricos de la Rep\u00fablica Dominicana de un espacio \u00fanico con 29 estaciones de carga, alimentadas con energ\u00eda 100% renovable.&nbsp;<\/p>\n\n\n\n<p>Este <em>hub <\/em>Integra cargadores ultra r\u00e1pidos que pueden manejar una potencia m\u00e1xima de hasta 225 kW, lo que equivale a cargar un veh\u00edculo en apenas 15 &#8211; 20 minutos. Adem\u00e1s, este espacio facilita a sus usuarios \u00e1rea de trabajo; zonas de descanso, restaurantes y un \u00e1rea infantil. Tambi\u00e9n, un showroom de veh\u00edculos el\u00e9ctricos y servicio de alquiler de veh\u00edculos, entre otras facilidades.<\/p>\n\n\n\n<p><em>\u201cEste es el primer proyecto de estas caracter\u00edsticas en Latinoam\u00e9rica y aspiramos a replicar el modelo en otros puntos del pa\u00eds y Latinoam\u00e9rica, donde Evergo ya tiene presencia, a trav\u00e9s de la red m\u00e1s amplia y sofisticada de estaciones de carga para veh\u00edculos el\u00e9ctricos de la regi\u00f3n<\/em>\u201d, avanz\u00f3 Roberto Herrera, gerente pa\u00eds de InterEnergy Group, presente en la visita.&nbsp;<\/p>\n\n\n\n<p>Entre otra de las principales novedades que presenta este espacio es la primera estaci\u00f3n de <em>Battery Swapping<\/em> del pa\u00eds, mediante el cual los clientes que tengan los veh\u00edculos compatibles con la tecnolog\u00eda podr\u00e1n utilizar este novedoso sistema para reemplazar r\u00e1pidamente la bater\u00eda agotada de su autom\u00f3vil el\u00e9ctrico con una bater\u00eda completamente cargada. Incluye, asimismo, un espacio \u201cmicromovilidad\u201d para la carga de motores y bicicletas el\u00e9ctricas.<\/p>\n\n\n\n<p><strong>Pioneros en tecnolog\u00eda solar&nbsp;<\/strong><\/p>\n\n\n\n<p>Como parte de la visita, los ejecutivos visitaron el parque solar FV3 B\u00e1varo, cuya principal novedad radica en la capacidad de almacenamiento en bater\u00edas (BEES) que supera los 40MWh, la mayor de la regi\u00f3n de Centroam\u00e9rica y Caribe.&nbsp; Fruto de este esfuerzo, en lo que va de a\u00f1o se estima que se eviten m\u00e1s de 18,096 toneladas de C02 a la atm\u00f3sfera.<\/p>\n\n\n\n<p>Uno de los principales atributos del sistema de almacenamiento de energ\u00eda de este parque solar es que brinda servicios de firmeza fotovoltaica durante el d\u00eda y arbitraje de energ\u00eda durante los periodos de alta demanda a la red el\u00e9ctrica de CEPM, lo que facilita una estabilidad constante del servicio.&nbsp;<\/p>\n\n\n\n<p>Este proyecto suma un paso adelante en la meta de CEPM de lograr las cero emisiones antes de 2030, como parte de la iniciativa CEPM Zero. \u201cEsta misi\u00f3n parte de la voluntad de garantizar un servicio energ\u00e9tico cada vez m\u00e1s limpio, seguro y confiable en la zona de concesi\u00f3n y entre todos trabajar por un desarrollo m\u00e1s sostenible; y, sobre todo, verde\u201d, afirm\u00f3 Roberto Herrera.<\/p>\n\n\n\n<p>Estos proyectos, al que se suma el de la electrificaci\u00f3n de Isla Saona con energ\u00eda solar, parten de un programa financiado por BID Invest, el brazo de inversi\u00f3n privada del Banco Interamericano de Desarrollo (BID), y Bank of America, con el objetivo de fomentar la transici\u00f3n energ\u00e9tica en la regi\u00f3n. La inversi\u00f3n de estos proyectos alcanz\u00f3 los 40 millones de d\u00f3lares, de los cuales 32 provinieron de la banca multilateral.<\/p>\n\n\n\n<p>L\u00eda \u00c1lvarez L\u00f3pez<\/p>\n\n\n\n<p><a target=\"_blank\" href=\"mailto:lia@mediaticos.com.do\" rel=\"noreferrer noopener\">lia@mediaticos.com.do<\/a><\/p>\n","protected":false},"excerpt":{"rendered":"<p>Evergo Connect prepara su inminente apertura oficial, con 29 estaciones de carga para veh\u00edculos el\u00e9ctricos alimentadas con energ\u00eda solar El parque solar FV3 de CEPM en B\u00e1varo presenta la tecnolog\u00eda de almacenamiento m\u00e1s grande de la regi\u00f3n, con capacidad de 40MWh. B\u00c1VARO, La Altagracia.- El Consejo de Directores del Banco Interamericano de Desarrollo (BID), la [&hellip;]<\/p>\n","protected":false},"author":28,"featured_media":0,"comment_status":"closed","ping_status":"","sticky":true,"template":"","format":"standard","meta":{"footnotes":""},"categories":[20,18,27],"tags":[],"class_list":["post-514964","post","type-post","status-publish","format-standard","hentry","category-dominicana-hoy","category-economia","category-portada"],"_links":{"self":[{"href":"https:\/\/diariodominicano.com\/index.php?rest_route=\/wp\/v2\/posts\/514964","targetHints":{"allow":["GET"]}}],"collection":[{"href":"https:\/\/diariodominicano.com\/index.php?rest_route=\/wp\/v2\/posts"}],"about":[{"href":"https:\/\/diariodominicano.com\/index.php?rest_route=\/wp\/v2\/types\/post"}],"author":[{"embeddable":true,"href":"https:\/\/diariodominicano.com\/index.php?rest_route=\/wp\/v2\/users\/28"}],"replies":[{"embeddable":true,"href":"https:\/\/diariodominicano.com\/index.php?rest_route=%2Fwp%2Fv2%2Fcomments&post=514964"}],"version-history":[{"count":2,"href":"https:\/\/diariodominicano.com\/index.php?rest_route=\/wp\/v2\/posts\/514964\/revisions"}],"predecessor-version":[{"id":514968,"href":"https:\/\/diariodominicano.com\/index.php?rest_route=\/wp\/v2\/posts\/514964\/revisions\/514968"}],"wp:attachment":[{"href":"https:\/\/diariodominicano.com\/index.php?rest_route=%2Fwp%2Fv2%2Fmedia&parent=514964"}],"wp:term":[{"taxonomy":"category","embeddable":true,"href":"https:\/\/diariodominicano.com\/index.php?rest_route=%2Fwp%2Fv2%2Fcategories&post=514964"},{"taxonomy":"post_tag","embeddable":true,"href":"https:\/\/diariodominicano.com\/index.php?rest_route=%2Fwp%2Fv2%2Ftags&post=514964"}],"curies":[{"name":"wp","href":"https:\/\/api.w.org\/{rel}","templated":true}]}}