{"id":51495,"date":"2020-07-20T23:45:30","date_gmt":"2020-07-20T23:45:30","guid":{"rendered":"http:\/\/diariodominicano.ddns.net\/?p=51495"},"modified":"2020-07-20T23:45:30","modified_gmt":"2020-07-20T23:45:30","slug":"el-dia-que-fallecio-emilio-prudhomme","status":"publish","type":"post","link":"https:\/\/diariodominicano.com\/?p=51495","title":{"rendered":"El d\u00eda que falleci\u00f3 Emilio Prud,Homme"},"content":{"rendered":"<p><body><\/p>\n<p><img decoding=\"async\" src=\"img3\/Prud Homme arc.jpg\" \/>  <\/p>\n<p><strong>Diariodominicano.com<\/strong><\/p>\n<p><strong>El d\u00eda que falleci\u00f3 Emilio Prud,Homme<\/strong><\/p>\n<p><strong> Cuando el pa\u00eds fue invadido por militares de Estados Unidos en el a\u00f1o 1916, figur\u00f3 entre las voces que se pronunciaron en contra de la violaci\u00f3n de la soberan\u00eda nacional.<\/strong><\/p>\n<p><strong>Por HTN<\/strong><\/p>\n<p><strong>Diariodominicano.com<\/strong><\/p>\n<\/p>\n<p><strong>     <\/strong><\/p>\n<p><strong>SANTO DOMINGO,  el  21 de julio de 1932<\/strong>, falleci\u00f3 en la ciudad de Santo Domingo, el abogado, poeta  y educador Emilio Prud?Homme, autor de las letras del Himno Nacional.<\/p>\n<p>     Emilio Prud,Homme hab\u00eda nacido  en la ciudad de Puerto Plata, en el a\u00f1o 1856. Fue un colaborador del educador Eugenio Mar\u00eda de Hostos.<\/p>\n<\/p>\n<p>   Cuando el pa\u00eds fue invadido por militares de Estados Unidos en el a\u00f1o 1916, figur\u00f3 entre las voces que se pronunciaron en contra de la violaci\u00f3n de la soberan\u00eda nacional.<\/p>\n<\/p>\n<p>   Entre sus obras se incluyen el Himno Nacional, El 16 de Agosto, A la Juventud Dominicana, y Mi Tierra.<\/p>\n<\/p>\n<p>     Desde muy joven se dedic\u00f3 al magisterio. El  historiador  puertoplate\u00f1o Rufino Mart\u00ednez, en  su  obra \u00abDiccionario Biogr\u00e1fico-Hist\u00f3rico  Dominicano 1821-1930, refiere que dedic\u00f3 30 a\u00f1os al  magisterio, pero con la reorganizaci\u00f3n que hizo el Gobierno  estadounidense  de ocupaci\u00f3n en  1917, fue dejado fuera del sistema de ense\u00f1anza. <\/p>\n<\/p>\n<p>   Ante esa circunstancia se dedic\u00f3 a su labor de abogado, que hab\u00eda abandonado en 1882, para dedicarse al trabajo de educador.<\/p>\n<\/p>\n<p>   Durante los a\u00f1os 1910-1911, presidi\u00f3 el Centro de Profesores, una entidad con categor\u00eda de liceo,  que   puso en actividad el elemento intelectual  para estimular el esp\u00edritu creativo de las personas que se integraban a la organizaci\u00f3n.<\/p>\n<\/p>\n<p>   Emilio Prud?Homme, fue un estudioso de letras, arte y filosof\u00eda. Gustaba compartir los conocimientos con sus amigos y alumnos.<\/p>\n<\/p>\n<p>    Se destac\u00f3 por ser un poeta muy cr\u00edtico. A sus creaciones les hac\u00eda m\u00faltiples correcciones. Al escribir el Himno Nacional, busc\u00f3 a su amigo Jos\u00e9 Reyes para que  escribiera la m\u00fasica.<\/p>\n<\/p>\n<p>    La primera vez que el Himno Nacional fue interpretado, fue el d\u00eda 17 de agosto de 1883, en el local de la Logia Esperanza, de Santo Domingo.<\/p>\n<\/p>\n<p>    En opini\u00f3n de Rufino Mart\u00ednez, Emilio Prud?Homme fue el poeta de la sociedad puertoplate\u00f1a durante el primer cuarto del siglo XX.<\/p>\n<\/p>\n<p>    Su vida profesional e intelectual la desarroll\u00f3 en Puerto Plata, Azua y Santo Domingo. <\/p>\n<\/p>\n<p>    La \u00faltima residencia de Emilio Prud?Homme, fue en la ciudad de Santo Domingo, donde muri\u00f3 el 21 de julio de 1932. Hab\u00eda fijado domicilio en la capital dominicana  al ser nombrado en 1930, juez de la Suprema Corte de Justicia.<\/p>\n<\/p>\n<p>    Antes, en el Gobierno interino de  Francisco  Henr\u00edquez y Carvajal, en el a\u00f1o 1916, Emilio Prud?Homme, se desempe\u00f1\u00f3 como ministro de Justicia e Instrucci\u00f3n P\u00fablica.<\/p>\n<\/p>\n<h6> 2020-07-20 23:45:30 <\/h6>\n<p><!--\n<link rel=\"stylesheet\" href=\"css\/bootstrap.min.css\">\n\n\n<ul class=\"pagination\">\n\t    \n\t\n\n<li >\n\t<a href='?page_no=392'>Previous<\/a>\n\t<\/li>\n\n\n       \n    \n\n<li><a href='?page_no=1'>1<\/a><\/li>\n\n\n\n<li><a href='?page_no=2'>2<\/a><\/li>\n\n\n\n<li><a>...<\/a><\/li>\n\n\n\n<li><a href='?page_no=391'>391<\/a><\/li>\n\n\n\n<li><a href='?page_no=392'>392<\/a><\/li>\n\n\n\n<li class='active'><a>393<\/a><\/li>\n\n\n\n<li><a href='?page_no=394'>394<\/a><\/li>\n\n\n\n<li><a href='?page_no=395'>395<\/a><\/li>\n\n\n\n<li><a>...<\/a><\/li>\n\n\n\n<li><a href='?page_no=22911'>22911<\/a><\/li>\n\n\n\n<li><a href='?page_no=22912'>22912<\/a><\/li>\n\n    \n\t\n\n<li >\n\t<a href='?page_no=394'>Next<\/a>\n\t<\/li>\n\n\n    \n\n<li><a href='?page_no=22912'>Last &rsaquo;&rsaquo;<\/a><\/li>\n\n<\/ul>\n\n\n--><br \/>\n<\/body><\/p>\n","protected":false},"excerpt":{"rendered":"<p>Diariodominicano.com El d\u00eda que falleci\u00f3 Emilio Prud,Homme Cuando el pa\u00eds fue invadido por militares de Estados Unidos en el a\u00f1o 1916, figur\u00f3 entre las voces que se pronunciaron en contra de la violaci\u00f3n de la soberan\u00eda nacional. Por HTN Diariodominicano.com SANTO DOMINGO, el 21 de julio de 1932, falleci\u00f3 en la ciudad de Santo Domingo, [&hellip;]<\/p>\n","protected":false},"author":3,"featured_media":0,"comment_status":"open","ping_status":"open","sticky":false,"template":"","format":"standard","meta":{"footnotes":""},"categories":[21],"tags":[],"class_list":["post-51495","post","type-post","status-publish","format-standard","hentry","category-cultura"],"_links":{"self":[{"href":"https:\/\/diariodominicano.com\/index.php?rest_route=\/wp\/v2\/posts\/51495","targetHints":{"allow":["GET"]}}],"collection":[{"href":"https:\/\/diariodominicano.com\/index.php?rest_route=\/wp\/v2\/posts"}],"about":[{"href":"https:\/\/diariodominicano.com\/index.php?rest_route=\/wp\/v2\/types\/post"}],"author":[{"embeddable":true,"href":"https:\/\/diariodominicano.com\/index.php?rest_route=\/wp\/v2\/users\/3"}],"replies":[{"embeddable":true,"href":"https:\/\/diariodominicano.com\/index.php?rest_route=%2Fwp%2Fv2%2Fcomments&post=51495"}],"version-history":[{"count":0,"href":"https:\/\/diariodominicano.com\/index.php?rest_route=\/wp\/v2\/posts\/51495\/revisions"}],"wp:attachment":[{"href":"https:\/\/diariodominicano.com\/index.php?rest_route=%2Fwp%2Fv2%2Fmedia&parent=51495"}],"wp:term":[{"taxonomy":"category","embeddable":true,"href":"https:\/\/diariodominicano.com\/index.php?rest_route=%2Fwp%2Fv2%2Fcategories&post=51495"},{"taxonomy":"post_tag","embeddable":true,"href":"https:\/\/diariodominicano.com\/index.php?rest_route=%2Fwp%2Fv2%2Ftags&post=51495"}],"curies":[{"name":"wp","href":"https:\/\/api.w.org\/{rel}","templated":true}]}}