{"id":514949,"date":"2024-03-13T01:51:58","date_gmt":"2024-03-13T05:51:58","guid":{"rendered":"https:\/\/diariodominicano.com\/?p=514949"},"modified":"2024-03-13T01:51:58","modified_gmt":"2024-03-13T05:51:58","slug":"recuerdan-en-cuba-aniversario-67-del-asalto-al-palacio-presidencial","status":"publish","type":"post","link":"https:\/\/diariodominicano.com\/?p=514949","title":{"rendered":"Recuerdan en Cuba aniversario 67 del Asalto al Palacio Presidencial"},"content":{"rendered":"\n<p>La Habana, 13 mar (Prensa Latina) El pueblo de Cuba recuerda hoy el aniversario 67 del asalto al Palacio Presidencial y la toma de la emisora Radio Reloj, hechos que marcaron un hito de la lucha revolucionaria en la isla.<\/p>\n\n\n\n<ul class=\"wp-block-list\">\n<li><a href=\"https:\/\/www.prensa-latina.cu\/2024\/03\/13\/\">marzo 13, 2024 | 00:45<\/a><\/li>\n<\/ul>\n\n\n\n<p>Esas acciones fueron protagonizadas por j\u00f3venes del Directorio Revolucionario, brazo armado de la Federaci\u00f3n Estudiantil Universitaria (FEU), quienes ten\u00edan como objetivo ajusticiar al dictador Fulgencio Batista (1952-1958) y llamar a la insurrecci\u00f3n.<\/p>\n\n\n\n<p>Luego se entregar\u00edan las armas de la guarnici\u00f3n del Palacio al pueblo, el cual ser\u00eda convocado por medio de la emisora Radio Reloj y as\u00ed tomar otros puntos de la ciudad como el Cuartel Maestre de la Polic\u00eda para ocupar su fuerte arsenal.<\/p>\n\n\n\n<p>De acuerdo con apuntes hist\u00f3ricos, mediante este ataque en la capital los j\u00f3venes cooperaban con los guerrilleros que combat\u00edan en la Sierra Maestra, en el oriente cubano, comandados por Fidel Castro.<\/p>\n\n\n\n<p>El 13 de marzo de 1957 unos 50 j\u00f3venes lograron entrar al entonces Palacio Presidencial en medio de un fuerte combate que ocasion\u00f3 numerosas bajas entre los asaltantes, pero el dictador escap\u00f3 por una escalera interna, anexa a su oficina.<\/p>\n\n\n\n<p>Tras tomar Radio Reloj, el l\u00edder estudiantil de 24 a\u00f1os Jos\u00e9 Antonio Echeverr\u00eda, quien comand\u00f3 la acci\u00f3n, se dirigi\u00f3 a la Universidad de La Habana, en cuyo costado fue interceptado por una patrulla policial y ametrallado en desigual enfrentamiento.<\/p>\n\n\n\n<p>A pesar de no haber logrado su objetivo, la operaci\u00f3n revolucionaria tiene gran importancia hist\u00f3rica, pues conmocion\u00f3 la conciencia popular y acrecent\u00f3 el repudio al r\u00e9gimen de Batista.<\/p>\n\n\n\n<p>oda\/mpp<\/p>\n","protected":false},"excerpt":{"rendered":"<p>La Habana, 13 mar (Prensa Latina) El pueblo de Cuba recuerda hoy el aniversario 67 del asalto al Palacio Presidencial y la toma de la emisora Radio Reloj, hechos que marcaron un hito de la lucha revolucionaria en la isla. Esas acciones fueron protagonizadas por j\u00f3venes del Directorio Revolucionario, brazo armado de la Federaci\u00f3n Estudiantil [&hellip;]<\/p>\n","protected":false},"author":28,"featured_media":514950,"comment_status":"closed","ping_status":"","sticky":false,"template":"","format":"standard","meta":{"footnotes":""},"categories":[26],"tags":[],"class_list":["post-514949","post","type-post","status-publish","format-standard","has-post-thumbnail","hentry","category-efemerides"],"_links":{"self":[{"href":"https:\/\/diariodominicano.com\/index.php?rest_route=\/wp\/v2\/posts\/514949","targetHints":{"allow":["GET"]}}],"collection":[{"href":"https:\/\/diariodominicano.com\/index.php?rest_route=\/wp\/v2\/posts"}],"about":[{"href":"https:\/\/diariodominicano.com\/index.php?rest_route=\/wp\/v2\/types\/post"}],"author":[{"embeddable":true,"href":"https:\/\/diariodominicano.com\/index.php?rest_route=\/wp\/v2\/users\/28"}],"replies":[{"embeddable":true,"href":"https:\/\/diariodominicano.com\/index.php?rest_route=%2Fwp%2Fv2%2Fcomments&post=514949"}],"version-history":[{"count":1,"href":"https:\/\/diariodominicano.com\/index.php?rest_route=\/wp\/v2\/posts\/514949\/revisions"}],"predecessor-version":[{"id":514951,"href":"https:\/\/diariodominicano.com\/index.php?rest_route=\/wp\/v2\/posts\/514949\/revisions\/514951"}],"wp:featuredmedia":[{"embeddable":true,"href":"https:\/\/diariodominicano.com\/index.php?rest_route=\/wp\/v2\/media\/514950"}],"wp:attachment":[{"href":"https:\/\/diariodominicano.com\/index.php?rest_route=%2Fwp%2Fv2%2Fmedia&parent=514949"}],"wp:term":[{"taxonomy":"category","embeddable":true,"href":"https:\/\/diariodominicano.com\/index.php?rest_route=%2Fwp%2Fv2%2Fcategories&post=514949"},{"taxonomy":"post_tag","embeddable":true,"href":"https:\/\/diariodominicano.com\/index.php?rest_route=%2Fwp%2Fv2%2Ftags&post=514949"}],"curies":[{"name":"wp","href":"https:\/\/api.w.org\/{rel}","templated":true}]}}