{"id":514914,"date":"2024-03-13T01:08:51","date_gmt":"2024-03-13T05:08:51","guid":{"rendered":"https:\/\/diariodominicano.com\/?p=514914"},"modified":"2024-03-13T01:08:51","modified_gmt":"2024-03-13T05:08:51","slug":"uapa-juramenta-su-nueva-rectora-alejandra-hernandez-acosta","status":"publish","type":"post","link":"https:\/\/diariodominicano.com\/?p=514914","title":{"rendered":"UAPA juramenta su nueva Rectora Alejandra Hern\u00e1ndez Acosta"},"content":{"rendered":"\n<p>La doctora Miladys Francisco de la Junta de Directores jurament\u00f3 a la nueva rectora Alejandra Hern\u00e1ndez.<\/p>\n\n\n\n<p><strong><em>Es la mag\u00edster Alejandra Hern\u00e1ndez Acosta<\/em><\/strong><\/p>\n\n\n\n<p><strong>SANTIAGO, RD.- \u00a0<\/strong>Durante un emotivo acto,La Junta\u00a0 de Directores de la Universidad Abierta para Adultos (UAPA) jurament\u00f3 como nueva rectora a la mag\u00edster Alejandra Hern\u00e1ndez Acosta, posici\u00f3n que ocupar\u00e1 para el periodo 2024-2026.<\/p>\n\n\n\n<p>La flamante rectora fue designada mediante la resoluci\u00f3n 2-2024, le\u00edda por la doctora Corina Montero y fue juramentada por la doctora Miladys Francisco, miembro de la Junta de Directores de la casa de altos estudios.<\/p>\n\n\n\n<p>Tras tomar posesi\u00f3n como la m\u00e1s alta autoridad de la Universidad Abierta para Adultos , en su discurso se bas\u00f3 en continuar con el compromiso con la calidad, &nbsp;la innovaci\u00f3n, la excelencia y la internacionalizaci\u00f3n de la entidad, que fundaron sus progenitores, los maestros \u00c1ngel Hern\u00e1ndez y Miriam Acosta.<\/p>\n\n\n\n<p>\u00b4\u00b4En el d\u00eda de Hoy, estoy ante ustedes asumiendo la Rector\u00eda de la UAPA. La asumo con humildad, satisfacci\u00f3n y agradecimiento, pero, sobre todo, con el inmenso orgullo y la gran responsabilidad de suceder a \u00c1ngel y Mirian en la conducci\u00f3n de esta instituci\u00f3n que ellos idearon y desarrollaron, con pasi\u00f3n, entrega y dedicaci\u00f3n por 29 a\u00f1os\u00b4\u00b4, expres\u00f3 visiblemente emocionada la acad\u00e9mica.<\/p>\n\n\n\n<p>Adem\u00e1s, agradeci\u00f3 a la Junta de Directores su escogencia y por el apoyo firme de sus miembros: \u00b4 desde joven aprend\u00ed a querer y admirar a \u00e9sta Universidad que tantos frutos ha brindado a la sociedad dominicana y por ello so\u00f1\u00e9 en asumir el rol que se me otorga\u00b4.<\/p>\n\n\n\n<p>Hern\u00e1ndez Acosta tiene dos d\u00e9cadas laborando para la casa de altos estudios desde distintas vicerrector\u00edas, cuyo liderazgo ha transformado la instituci\u00f3n, promoviendo la internacionalizaci\u00f3n, la modernizaci\u00f3n administrativa y la creaci\u00f3n de oportunidades para el talento humano, refiere su historial profesional.<\/p>\n\n\n\n<p>Pero m\u00e1s que sus logros profesionales la administradora de empresas graduada con honores, tiene como su mayor satisfacci\u00f3n ser madre de dos hijos.<\/p>\n\n\n\n<p>La l\u00edder&nbsp;acad\u00e9mica jurament\u00f3 su equipo de vicerrectores&nbsp;y secretario general : Vilma Diaz, Alina Vicente, Randolph Morillo, Vladmir Hern\u00e1ndez, Raisa Hern\u00e1ndez , Maria Regina T\u00e1varez&nbsp;y Yanet Jimini\u00e1n.<\/p>\n\n\n\n<p>En el encuentro, la rectora saliente Mirian Acosta m\u00e1s que una rendici\u00f3n de sus logros obtenidos, mostr\u00f3 su alegr\u00eda por la sucesora y manifest\u00f3 su gratitud a todo el personal y comunidad universitaria por su apoyo en su rectorado en dos ocasiones.<\/p>\n\n\n\n<p>\u00b4\u00b4Este acto reviste una mayor trascendencia, que va m\u00e1s all\u00e1 de los beneficios del cambio, por el hecho de que una primera generaci\u00f3n, de manera planificada, pacientemente, inicia un proceso de transferencia y relevo generacional irreversible, justo y necesario\u00b4\u00b4, adujo la co-fundadora de la UAPA .<\/p>\n\n\n\n<p>La exrectora recibi\u00f3 un reconocimiento por su liderazgo visionario, dedicaci\u00f3n e innovaci\u00f3n en beneficio de la universidad. Los directivos Jovanny Rodr\u00edguez, Magdalena Cruz, &nbsp;Randoplh Morillo y Alejandra Hern\u00e1ndez le entregaron la distinci\u00f3n, en un momento cargado de emotividad que contagi\u00f3 a la concurrencia.<\/p>\n\n\n\n<p>En la ceremonia efectuada el Auditorio Central del campus universitario, tambi\u00e9n &nbsp;&nbsp;estuvieron presentes el reverendo padre Sergio de La Cruz, presidente de la Asociaci\u00f3n Dominicana de Rectores de Universidad (ADRU), Francisco Germ\u00e1n D\u00b4Oleo , viceministro de acreditaci\u00f3n del Ministerio de Educaci\u00f3n; Jos\u00e9 Hazin Torres, rector &nbsp;de la Universidad Central del Este; Wady Ram\u00edrez, presidente de la Asociaci\u00f3n Dominicana de Universidades&nbsp; (ADOU) y Clara Joa del Minerd y Mariano Rodr\u00edguez decano de Humanidades de la Pucmm, as\u00ed como miembros de la Junta de Directiva de la Fundaci\u00f3n Pro-Universidad Abierta para Adultos (FUPUAPA), directivos y colaboradores de la entidad pionera en educaci\u00f3n a distancia virtual.\/\/<\/p>\n\n\n\n<p><strong>Santiago ,marzo 2024<\/strong><\/p>\n","protected":false},"excerpt":{"rendered":"<p>La doctora Miladys Francisco de la Junta de Directores jurament\u00f3 a la nueva rectora Alejandra Hern\u00e1ndez. Es la mag\u00edster Alejandra Hern\u00e1ndez Acosta SANTIAGO, RD.- \u00a0Durante un emotivo acto,La Junta\u00a0 de Directores de la Universidad Abierta para Adultos (UAPA) jurament\u00f3 como nueva rectora a la mag\u00edster Alejandra Hern\u00e1ndez Acosta, posici\u00f3n que ocupar\u00e1 para el periodo 2024-2026. [&hellip;]<\/p>\n","protected":false},"author":28,"featured_media":0,"comment_status":"closed","ping_status":"","sticky":false,"template":"","format":"standard","meta":{"footnotes":""},"categories":[36,20],"tags":[],"class_list":["post-514914","post","type-post","status-publish","format-standard","hentry","category-hombresmujeresycosas","category-dominicana-hoy"],"_links":{"self":[{"href":"https:\/\/diariodominicano.com\/index.php?rest_route=\/wp\/v2\/posts\/514914","targetHints":{"allow":["GET"]}}],"collection":[{"href":"https:\/\/diariodominicano.com\/index.php?rest_route=\/wp\/v2\/posts"}],"about":[{"href":"https:\/\/diariodominicano.com\/index.php?rest_route=\/wp\/v2\/types\/post"}],"author":[{"embeddable":true,"href":"https:\/\/diariodominicano.com\/index.php?rest_route=\/wp\/v2\/users\/28"}],"replies":[{"embeddable":true,"href":"https:\/\/diariodominicano.com\/index.php?rest_route=%2Fwp%2Fv2%2Fcomments&post=514914"}],"version-history":[{"count":1,"href":"https:\/\/diariodominicano.com\/index.php?rest_route=\/wp\/v2\/posts\/514914\/revisions"}],"predecessor-version":[{"id":514917,"href":"https:\/\/diariodominicano.com\/index.php?rest_route=\/wp\/v2\/posts\/514914\/revisions\/514917"}],"wp:attachment":[{"href":"https:\/\/diariodominicano.com\/index.php?rest_route=%2Fwp%2Fv2%2Fmedia&parent=514914"}],"wp:term":[{"taxonomy":"category","embeddable":true,"href":"https:\/\/diariodominicano.com\/index.php?rest_route=%2Fwp%2Fv2%2Fcategories&post=514914"},{"taxonomy":"post_tag","embeddable":true,"href":"https:\/\/diariodominicano.com\/index.php?rest_route=%2Fwp%2Fv2%2Ftags&post=514914"}],"curies":[{"name":"wp","href":"https:\/\/api.w.org\/{rel}","templated":true}]}}