{"id":514855,"date":"2024-03-12T22:26:07","date_gmt":"2024-03-13T02:26:07","guid":{"rendered":"https:\/\/diariodominicano.com\/?p=514855"},"modified":"2024-03-12T23:31:46","modified_gmt":"2024-03-13T03:31:46","slug":"republica-dominicana-e-india-firman-acuerdo-de-cooperacion-economica-comercial","status":"publish","type":"post","link":"https:\/\/diariodominicano.com\/?p=514855","title":{"rendered":"Rep\u00fablica Dominicana y la India firman acuerdo de cooperaci\u00f3n econ\u00f3mica-comercial"},"content":{"rendered":"\n<p>diariodominicano.com<\/p>\n\n\n\n<p>Santo Domingo, 12 mar (Prensa Latina) Rep\u00fablica Dominicana y la India firmaron hoy un Protocolo de Cooperaci\u00f3n Econ\u00f3mica y Comercial para promover la colaboraci\u00f3n en diversas \u00e1reas de comercio, servicios, informaci\u00f3n y tecnolog\u00edas industriales.<\/p>\n\n\n\n<p>El convenio, suscrito por el canciller Roberto \u00c1lvarez y el embajador de la India en Rep\u00fablica Dominicana, Ramu Abbagani, representa un hito en las relaciones bilaterales y establece la creaci\u00f3n de un Comit\u00e9 Conjunto de Cooperaci\u00f3n Econ\u00f3mica y Comercial,\u2002inform\u00f3 la Canciller\u00eda.<\/p>\n\n\n\n<p>Precis\u00f3 que dicho Comit\u00e9, copresidido por altos funcionarios de ambas naciones, supervisar\u00e1 la implementaci\u00f3n del protocolo y explorar\u00e1 nuevas oportunidades de cooperaci\u00f3n.<\/p>\n\n\n\n<p>El ministro \u00c1lvarez sostuvo que del 2018 al 2023 Rep\u00fablica Dominicana ha mantenido un saldo positivo en el intercambio comercial con la India, lo cual, dijo, es muy esperanzador.<\/p>\n\n\n\n<p>Manifest\u00f3 que con este acuerdo, el Gobierno sienta las bases para que las empresas indias se establezcan en el pa\u00eds o entablen alianzas estrat\u00e9gicas con las nacionales.<\/p>\n\n\n\n<p>De su lado, Abbagani expres\u00f3 que la firma de este convenio generar\u00e1 m\u00e1s inter\u00e9s en los empresarios e inversionistas de uno y otro pa\u00eds, que ver\u00e1n las oportunidades de negocio en los dos territorios.<\/p>\n\n\n\n<p>La Canciller\u00eda precis\u00f3 que este Protocolo se enmarca en los lineamientos de la pol\u00edtica exterior dominicana, que contempla el fomento de las exportaciones y la atracci\u00f3n de inversi\u00f3n extranjera para la generaci\u00f3n de m\u00e1s empleos.<\/p>\n\n\n\n<p>npg\/mpv<\/p>\n","protected":false},"excerpt":{"rendered":"<p>diariodominicano.com Santo Domingo, 12 mar (Prensa Latina) Rep\u00fablica Dominicana y la India firmaron hoy un Protocolo de Cooperaci\u00f3n Econ\u00f3mica y Comercial para promover la colaboraci\u00f3n en diversas \u00e1reas de comercio, servicios, informaci\u00f3n y tecnolog\u00edas industriales. El convenio, suscrito por el canciller Roberto \u00c1lvarez y el embajador de la India en Rep\u00fablica Dominicana, Ramu Abbagani, representa [&hellip;]<\/p>\n","protected":false},"author":5,"featured_media":514858,"comment_status":"closed","ping_status":"","sticky":true,"template":"","format":"standard","meta":{"footnotes":""},"categories":[20,18,27],"tags":[],"class_list":["post-514855","post","type-post","status-publish","format-standard","has-post-thumbnail","hentry","category-dominicana-hoy","category-economia","category-portada"],"_links":{"self":[{"href":"https:\/\/diariodominicano.com\/index.php?rest_route=\/wp\/v2\/posts\/514855","targetHints":{"allow":["GET"]}}],"collection":[{"href":"https:\/\/diariodominicano.com\/index.php?rest_route=\/wp\/v2\/posts"}],"about":[{"href":"https:\/\/diariodominicano.com\/index.php?rest_route=\/wp\/v2\/types\/post"}],"author":[{"embeddable":true,"href":"https:\/\/diariodominicano.com\/index.php?rest_route=\/wp\/v2\/users\/5"}],"replies":[{"embeddable":true,"href":"https:\/\/diariodominicano.com\/index.php?rest_route=%2Fwp%2Fv2%2Fcomments&post=514855"}],"version-history":[{"count":4,"href":"https:\/\/diariodominicano.com\/index.php?rest_route=\/wp\/v2\/posts\/514855\/revisions"}],"predecessor-version":[{"id":514880,"href":"https:\/\/diariodominicano.com\/index.php?rest_route=\/wp\/v2\/posts\/514855\/revisions\/514880"}],"wp:featuredmedia":[{"embeddable":true,"href":"https:\/\/diariodominicano.com\/index.php?rest_route=\/wp\/v2\/media\/514858"}],"wp:attachment":[{"href":"https:\/\/diariodominicano.com\/index.php?rest_route=%2Fwp%2Fv2%2Fmedia&parent=514855"}],"wp:term":[{"taxonomy":"category","embeddable":true,"href":"https:\/\/diariodominicano.com\/index.php?rest_route=%2Fwp%2Fv2%2Fcategories&post=514855"},{"taxonomy":"post_tag","embeddable":true,"href":"https:\/\/diariodominicano.com\/index.php?rest_route=%2Fwp%2Fv2%2Ftags&post=514855"}],"curies":[{"name":"wp","href":"https:\/\/api.w.org\/{rel}","templated":true}]}}