{"id":514800,"date":"2024-03-12T22:48:44","date_gmt":"2024-03-13T02:48:44","guid":{"rendered":"https:\/\/diariodominicano.com\/?p=514800"},"modified":"2024-03-13T00:53:23","modified_gmt":"2024-03-13T04:53:23","slug":"trajano-vidal-potentini-es-el-unico-presidente-legitimo-del-card-proclamado-juramentado-y-ratificado-por-la-comision-nacional-electoral-original","status":"publish","type":"post","link":"https:\/\/diariodominicano.com\/?p=514800","title":{"rendered":"Potentini aclara es el \u00fanico Presidente leg\u00edtimo del CARD proclamado, juramentado y ratificado por la Comisi\u00f3n Nacional Electoral original"},"content":{"rendered":"\n<p><br><strong>Rechaza injerencia de la polic\u00eda y secuestro de uno de los locales del CARD por la plancha oficialista de Yohan L\u00f3pez<br><br>Trajano Potentini pide al Tribunal Constitucional fallar los expedientes del CARD para poner fin al conflicto<br><br>Presidente del CARD nombra comisi\u00f3n para enfrentar en los tribunales y organismos internacionales agresiones al gremio<\/strong><br><br><strong>Santo Domingo, Rep. Dom<\/strong>., martes 12 de marzo del 2024.-El presidente del Colegio de Abogados de la Rep\u00fablica Dominicana, Trajano Potentini, aclaro que es el \u00fanico presidente leg\u00edtimo, proclamado, juramentado y ratificado por la Comisi\u00f3n Nacional Electoral original, \u00f3rgano acreditado y facultado exclusivamente para el proceso eleccionario, comisionado por dem\u00e1s, para ejecutar la sentencia del Tribunal Superior Electoral (TSE).<br><br>Se recuerda que la Comisi\u00f3n Nacional Electoral el pasado 22 de febrero dio a conocer la resoluci\u00f3n de ratificaci\u00f3n de la presidencia de Trajano Potentini, explicando y motivando sobre la imposibilidad de recontar los votos, en virtud de la p\u00e9rdida de la cadena de custodia y los inn\u00fameros inconvenientes desde secuestro y agresi\u00f3n de la comisi\u00f3n electoral hasta la toma del local de la Gayetano Germosen, donde se alojan las valijas con los votos, adem\u00e1s de declarar y ratificar la validez de las alianzas regularmente aprobadas como suger\u00eda la sentencia del TSE, en consecuencia reiterando el triunfo de Potentini.<br><br><br>Rechaza injerencia de la polic\u00eda y secuestro de uno de los locales del CARD por la plancha oficialista de Yohan L\u00f3pez.<br><br>El jurista y presidente del gremio que agrupa los abogados, rechaz\u00f3 la injerencia de la polic\u00eda, que pese a haber sido notificada sobre la resoluci\u00f3n de ratificaci\u00f3n de nuestra presidencia, ha impedido conjuntamente con un equipo de paramilitares, que los empleados del CARD desarrollen su jornada de trabajo, en la sede central de la avenida Sim\u00f3n Bol\u00edvar, bajo el alegato de que esperan una sentencia, decidiendo qui\u00e9n es el presidente del CARD, y pero aun recibiendo en su sede central, con los medios de comunicaci\u00f3n a Yohan L\u00f3pez, como presidente del CARD, en desconocimiento de la referida resoluci\u00f3n, y reiteramos emanada del \u00fanico \u00f3rgano con facultad para decidir sobre el particular, que lo es la Comisi\u00f3n Nacional Electoral, designada y facultada, exclusivamente para organizar y llevar a cabo todo el proceso eleccionario del CARD.<br><br>Potentini lament\u00f3 que se haya instrumentalizado a la Polic\u00eda Nacional para servir a los designio de un grupo de funcionarios p\u00fablicos, de mucha influencia dentro del actual gobierno, como lo es el propio caso de Yohan L\u00f3pez, actual consultor jur\u00eddico del ministerio de agricultura, as\u00ed como otros funcionarios, que en tiempo record y al margen de todo institucionalidad y legalidad, nombraron una comisi\u00f3n electoral, la cual a seguidas, amparado en una presunta resoluci\u00f3n, y en el tiempo r\u00e9cord de una media hora, declar\u00f3 ganador a L\u00f3pez, y acto seguido tambi\u00e9n lo juramento, artificio que hoy exhiben para usurpar la presidencia del CARD, un absurdo de ser jueces y parte personas que nunca participaron en ninguna de las fases del proceso eleccionario.<br><br>De igual forma hacemos un llamado al oficialismo para que detengan el desprop\u00f3sito de querer legalizar a L\u00f3pez como presidente del CARD, bajo el supuesto cumplimiento de la mencionada resoluci\u00f3n No.2 de fecha 24 de febrero del a\u00f1o 2024, donde se autoproclaman como amos y se\u00f1ores del colegio de abogados, con la agravante que hasta certificados se hicieron ellos mismo expedir, sobre la base de un presunto consejo del CARD, que solo se constituye a requerimiento del presidente del gremio, el cual no tiene capacidad de destituir a ning\u00fan directivo, am\u00e9n de su imposibilidad de nombrar comisi\u00f3n electoral para servir a sus designios.<br><br>Asimismo, deploramos el secuestro con violencia de uno de nuestros locales, espec\u00edficamente el de la zona colonial, donde funciona el tribunal de honor del CARD, cuyo secuestro fue dirigido por un grupo del oficialismo, encabezado por L\u00f3pez, donde bajo la mirada c\u00f3mplice de las autoridades gubernamentales, ocuparon el referido local, afectando las labores del gremio, en un acto ilegal y bochornoso.<br><br>Trajano Potentini pide al Tribunal Constitucional fallar los expedientes del CARD para poner fin al conflicto.<br><br>Potentini inform\u00f3 que luego de la sentencia del Tribunal Superior Electoral y su posterior ratificaci\u00f3n por parte de la comisi\u00f3n electoral, ya lo \u00fanico que queda, fuera de este entorno, es esperar y encarecidamente le pedimos al Tribunal Constitucional que falle sobre el particular, para con car\u00e1cter definitivo, ponerle fin al conflicto, por lo pronto seguiremos apostando a la institucionalidad de forma c\u00edvica y pac\u00edfica, haciendo votos porque el poder gubernamental reflexione y nos deje como abogados, sin imparcialidades e interferencia, resolver el conflicto.<br><br>Presidente del CARD nombra comisi\u00f3n para enfrentar en los tribunales y organismos internacionales agresiones al gremio.<br><br>Finalmente y ante las botas y el monopolio del poder en nuestro cuello, estamos anunciando el nombramiento de una comisi\u00f3n de juristas directivos nacionales del colegio de abogados, con los mandatos y poderes suficientes, para enfrentar y defender, tanto en el plano nacional como internacional, siempre de manera c\u00edvica y pac\u00edfica, los embates y agresiones del oficialismo al gremio, en cualquiera de las instancias y terrenos posibles, integrada y encabezada por Josefina Batista, Lucia Florentino, Juan P\u00e9rez Roa, Elsa Alvarado, Julio \u00c1ngel Ledesma, Julio Cesar Terrero, Daniel Rond\u00f3n, Ces\u00e1reo Gonz\u00e1lez, Manuel Jerez y Misael Valenzuela.<br><br><strong>DEPARTAMENTO DE COMUNICACIONES<br><br>Contacto: Licda. Yasmiri Rodr\u00edguez<\/strong><\/p>\n","protected":false},"excerpt":{"rendered":"<p>Rechaza injerencia de la polic\u00eda y secuestro de uno de los locales del CARD por la plancha oficialista de Yohan L\u00f3pez Trajano Potentini pide al Tribunal Constitucional fallar los expedientes del CARD para poner fin al conflicto Presidente del CARD nombra comisi\u00f3n para enfrentar en los tribunales y organismos internacionales agresiones al gremio Santo Domingo, [&hellip;]<\/p>\n","protected":false},"author":7,"featured_media":514904,"comment_status":"closed","ping_status":"","sticky":true,"template":"","format":"standard","meta":{"footnotes":""},"categories":[20,27],"tags":[],"class_list":["post-514800","post","type-post","status-publish","format-standard","has-post-thumbnail","hentry","category-dominicana-hoy","category-portada"],"_links":{"self":[{"href":"https:\/\/diariodominicano.com\/index.php?rest_route=\/wp\/v2\/posts\/514800","targetHints":{"allow":["GET"]}}],"collection":[{"href":"https:\/\/diariodominicano.com\/index.php?rest_route=\/wp\/v2\/posts"}],"about":[{"href":"https:\/\/diariodominicano.com\/index.php?rest_route=\/wp\/v2\/types\/post"}],"author":[{"embeddable":true,"href":"https:\/\/diariodominicano.com\/index.php?rest_route=\/wp\/v2\/users\/7"}],"replies":[{"embeddable":true,"href":"https:\/\/diariodominicano.com\/index.php?rest_route=%2Fwp%2Fv2%2Fcomments&post=514800"}],"version-history":[{"count":4,"href":"https:\/\/diariodominicano.com\/index.php?rest_route=\/wp\/v2\/posts\/514800\/revisions"}],"predecessor-version":[{"id":514905,"href":"https:\/\/diariodominicano.com\/index.php?rest_route=\/wp\/v2\/posts\/514800\/revisions\/514905"}],"wp:featuredmedia":[{"embeddable":true,"href":"https:\/\/diariodominicano.com\/index.php?rest_route=\/wp\/v2\/media\/514904"}],"wp:attachment":[{"href":"https:\/\/diariodominicano.com\/index.php?rest_route=%2Fwp%2Fv2%2Fmedia&parent=514800"}],"wp:term":[{"taxonomy":"category","embeddable":true,"href":"https:\/\/diariodominicano.com\/index.php?rest_route=%2Fwp%2Fv2%2Fcategories&post=514800"},{"taxonomy":"post_tag","embeddable":true,"href":"https:\/\/diariodominicano.com\/index.php?rest_route=%2Fwp%2Fv2%2Ftags&post=514800"}],"curies":[{"name":"wp","href":"https:\/\/api.w.org\/{rel}","templated":true}]}}