{"id":514743,"date":"2024-03-12T10:38:49","date_gmt":"2024-03-12T14:38:49","guid":{"rendered":"https:\/\/diariodominicano.com\/?p=514743"},"modified":"2024-03-12T14:36:36","modified_gmt":"2024-03-12T18:36:36","slug":"aneih-reconoce-aportes-de-empresarias-en-puestos-de-direccion","status":"publish","type":"post","link":"https:\/\/diariodominicano.com\/?p=514743","title":{"rendered":"ANEIH reconoce aportes de empresarias en puestos de direcci\u00f3n\u00a0"},"content":{"rendered":"\n<p><strong>Santo Domingo, D.N<\/strong>. La Asociaci\u00f3n Nacional de Industrias y Empresas Herrera (ANEIH), reconoci\u00f3 el aporte y desempe\u00f1o de mujeres que se han destacado en el \u00e1mbito empresarial, y cuya participaci\u00f3n ha propiciado el avance del sector que representan.<\/p>\n\n\n\n<p>El acto de reconocimiento tuvo efecto en la sede de la entidad, en el marco del D\u00eda Internacional de la Mujer, y estuvo encabezado por su presidente, Euri And\u00fajar, junto a los miembros de la Junta Directiva.<\/p>\n\n\n\n<figure class=\"wp-block-gallery has-nested-images columns-default is-cropped wp-block-gallery-1 is-layout-flex wp-block-gallery-is-layout-flex\">\n<figure class=\"wp-block-image size-large\"><img loading=\"lazy\" decoding=\"async\" width=\"1024\" height=\"894\" data-id=\"514790\" src=\"https:\/\/diariodominicano.com\/wp-content\/uploads\/2024\/03\/ANEIH-reconoce-aportes-empresarias-en-puestos-de-direccion-1024x894.jpeg\" alt=\"\" class=\"wp-image-514790\" srcset=\"https:\/\/diariodominicano.com\/wp-content\/uploads\/2024\/03\/ANEIH-reconoce-aportes-empresarias-en-puestos-de-direccion-1024x894.jpeg 1024w, https:\/\/diariodominicano.com\/wp-content\/uploads\/2024\/03\/ANEIH-reconoce-aportes-empresarias-en-puestos-de-direccion-300x262.jpeg 300w, https:\/\/diariodominicano.com\/wp-content\/uploads\/2024\/03\/ANEIH-reconoce-aportes-empresarias-en-puestos-de-direccion-768x671.jpeg 768w, https:\/\/diariodominicano.com\/wp-content\/uploads\/2024\/03\/ANEIH-reconoce-aportes-empresarias-en-puestos-de-direccion-1536x1341.jpeg 1536w, https:\/\/diariodominicano.com\/wp-content\/uploads\/2024\/03\/ANEIH-reconoce-aportes-empresarias-en-puestos-de-direccion-816x712.jpeg 816w, https:\/\/diariodominicano.com\/wp-content\/uploads\/2024\/03\/ANEIH-reconoce-aportes-empresarias-en-puestos-de-direccion.jpeg 1600w\" sizes=\"auto, (max-width: 1024px) 100vw, 1024px\" \/><\/figure>\n<\/figure>\n\n\n\n<p>Entre las damas objeto de distinci\u00f3n estuvieron las empresarias Norma Rivera de Vargas, versada en administraci\u00f3n y gesti\u00f3n de proyectos, gemolog\u00eda, y practicas educativas; Maira Morla Pineda, experta en educaci\u00f3n y formaci\u00f3n t\u00e9cnico profesional, y de Formaci\u00f3n T\u00e9cnico Profesional (INFOTEP), y Posairis Peralta, especialista en administraci\u00f3n estrat\u00e9gica y representante de la manufactura de muebles y colchones.<\/p>\n\n\n\n<figure class=\"wp-block-gallery has-nested-images columns-default is-cropped wp-block-gallery-2 is-layout-flex wp-block-gallery-is-layout-flex\">\n<figure class=\"wp-block-image size-large\"><img loading=\"lazy\" decoding=\"async\" width=\"1024\" height=\"682\" data-id=\"514789\" src=\"https:\/\/diariodominicano.com\/wp-content\/uploads\/2024\/03\/ANEIH-reconoce-aportes-de-empresarias-puestos-direccion-1024x682.jpeg\" alt=\"\" class=\"wp-image-514789\" srcset=\"https:\/\/diariodominicano.com\/wp-content\/uploads\/2024\/03\/ANEIH-reconoce-aportes-de-empresarias-puestos-direccion-1024x682.jpeg 1024w, https:\/\/diariodominicano.com\/wp-content\/uploads\/2024\/03\/ANEIH-reconoce-aportes-de-empresarias-puestos-direccion-300x200.jpeg 300w, https:\/\/diariodominicano.com\/wp-content\/uploads\/2024\/03\/ANEIH-reconoce-aportes-de-empresarias-puestos-direccion-768x512.jpeg 768w, https:\/\/diariodominicano.com\/wp-content\/uploads\/2024\/03\/ANEIH-reconoce-aportes-de-empresarias-puestos-direccion-1536x1023.jpeg 1536w, https:\/\/diariodominicano.com\/wp-content\/uploads\/2024\/03\/ANEIH-reconoce-aportes-de-empresarias-puestos-direccion-816x544.jpeg 816w, https:\/\/diariodominicano.com\/wp-content\/uploads\/2024\/03\/ANEIH-reconoce-aportes-de-empresarias-puestos-direccion.jpeg 1600w\" sizes=\"auto, (max-width: 1024px) 100vw, 1024px\" \/><\/figure>\n<\/figure>\n\n\n\n<p>En su discurso de motivaci\u00f3n, el presidente de la ANEIH, Euri And\u00fajar, refrend\u00f3 el compromiso institucional de seguir fortaleciendo la representaci\u00f3n y participaci\u00f3n paritaria en todos los niveles y puestos de direcci\u00f3n en las empresas e industrias de ese gremio, para seguir consolidando dichos avances.<\/p>\n\n\n\n<figure class=\"wp-block-gallery has-nested-images columns-default is-cropped wp-block-gallery-3 is-layout-flex wp-block-gallery-is-layout-flex\">\n<figure class=\"wp-block-image size-large\"><img loading=\"lazy\" decoding=\"async\" width=\"682\" height=\"1024\" data-id=\"514787\" src=\"https:\/\/diariodominicano.com\/wp-content\/uploads\/2024\/03\/ANEIH-reconoce-aportes-de-empresarias-en-puestos-direccion-682x1024.jpeg\" alt=\"\" class=\"wp-image-514787\" srcset=\"https:\/\/diariodominicano.com\/wp-content\/uploads\/2024\/03\/ANEIH-reconoce-aportes-de-empresarias-en-puestos-direccion-682x1024.jpeg 682w, https:\/\/diariodominicano.com\/wp-content\/uploads\/2024\/03\/ANEIH-reconoce-aportes-de-empresarias-en-puestos-direccion-200x300.jpeg 200w, https:\/\/diariodominicano.com\/wp-content\/uploads\/2024\/03\/ANEIH-reconoce-aportes-de-empresarias-en-puestos-direccion-768x1153.jpeg 768w, https:\/\/diariodominicano.com\/wp-content\/uploads\/2024\/03\/ANEIH-reconoce-aportes-de-empresarias-en-puestos-direccion-1023x1536.jpeg 1023w, https:\/\/diariodominicano.com\/wp-content\/uploads\/2024\/03\/ANEIH-reconoce-aportes-de-empresarias-en-puestos-direccion-816x1225.jpeg 816w, https:\/\/diariodominicano.com\/wp-content\/uploads\/2024\/03\/ANEIH-reconoce-aportes-de-empresarias-en-puestos-direccion.jpeg 1066w\" sizes=\"auto, (max-width: 682px) 100vw, 682px\" \/><\/figure>\n<\/figure>\n\n\n\n<p>&lt;&lt;Si bien el informe \u201cIgualdad y Equidad de G\u00e9nero en la Industria de Manufactura Local de la Rep\u00fablica Dominicana\u201d dice que pese a un cambio de 4.5 puntos porcentuales a favor de la representaci\u00f3n femenina en la industria, a\u00fan persiste la brecha de equidad, para la ANEIH es un imperativo contribuir a disminuirla partiendo de que los avances realizados por las mujeres nos benefician a todos >>., apunt\u00f3 And\u00fajar. <\/p>\n\n\n\n<figure class=\"wp-block-gallery has-nested-images columns-default is-cropped wp-block-gallery-4 is-layout-flex wp-block-gallery-is-layout-flex\">\n<figure class=\"wp-block-image size-large\"><img loading=\"lazy\" decoding=\"async\" width=\"1024\" height=\"682\" data-id=\"514788\" src=\"https:\/\/diariodominicano.com\/wp-content\/uploads\/2024\/03\/ANEIH-reconoce-aportes-de-empresarias-puestos-de-direccion-1024x682.jpeg\" alt=\"\" class=\"wp-image-514788\" srcset=\"https:\/\/diariodominicano.com\/wp-content\/uploads\/2024\/03\/ANEIH-reconoce-aportes-de-empresarias-puestos-de-direccion-1024x682.jpeg 1024w, https:\/\/diariodominicano.com\/wp-content\/uploads\/2024\/03\/ANEIH-reconoce-aportes-de-empresarias-puestos-de-direccion-300x200.jpeg 300w, https:\/\/diariodominicano.com\/wp-content\/uploads\/2024\/03\/ANEIH-reconoce-aportes-de-empresarias-puestos-de-direccion-768x512.jpeg 768w, https:\/\/diariodominicano.com\/wp-content\/uploads\/2024\/03\/ANEIH-reconoce-aportes-de-empresarias-puestos-de-direccion-1536x1023.jpeg 1536w, https:\/\/diariodominicano.com\/wp-content\/uploads\/2024\/03\/ANEIH-reconoce-aportes-de-empresarias-puestos-de-direccion-816x544.jpeg 816w, https:\/\/diariodominicano.com\/wp-content\/uploads\/2024\/03\/ANEIH-reconoce-aportes-de-empresarias-puestos-de-direccion.jpeg 1600w\" sizes=\"auto, (max-width: 1024px) 100vw, 1024px\" \/><\/figure>\n<\/figure>\n\n\n\n<p>Rosa Mar\u00eda Jim\u00e9nez<\/p>\n\n\n\n<p><\/p>\n\n\n\n<p><a href=\"mailto:Rmj.comunicaciones@gmail.com\" target=\"_blank\" rel=\"noreferrer noopener\">Rmj.comunicaciones@gmail.com<\/a><a href=\"http:\/\/rmjimenezcomunicaciones.wordpress.com\/\" target=\"_blank\" rel=\"noreferrer noopener\"><\/a><\/p>\n","protected":false},"excerpt":{"rendered":"<p>Santo Domingo, D.N. La Asociaci\u00f3n Nacional de Industrias y Empresas Herrera (ANEIH), reconoci\u00f3 el aporte y desempe\u00f1o de mujeres que se han destacado en el \u00e1mbito empresarial, y cuya participaci\u00f3n ha propiciado el avance del sector que representan. El acto de reconocimiento tuvo efecto en la sede de la entidad, en el marco del D\u00eda [&hellip;]<\/p>\n","protected":false},"author":28,"featured_media":514786,"comment_status":"closed","ping_status":"open","sticky":false,"template":"","format":"standard","meta":{"footnotes":""},"categories":[36,20],"tags":[],"class_list":["post-514743","post","type-post","status-publish","format-standard","has-post-thumbnail","hentry","category-hombresmujeresycosas","category-dominicana-hoy"],"_links":{"self":[{"href":"https:\/\/diariodominicano.com\/index.php?rest_route=\/wp\/v2\/posts\/514743","targetHints":{"allow":["GET"]}}],"collection":[{"href":"https:\/\/diariodominicano.com\/index.php?rest_route=\/wp\/v2\/posts"}],"about":[{"href":"https:\/\/diariodominicano.com\/index.php?rest_route=\/wp\/v2\/types\/post"}],"author":[{"embeddable":true,"href":"https:\/\/diariodominicano.com\/index.php?rest_route=\/wp\/v2\/users\/28"}],"replies":[{"embeddable":true,"href":"https:\/\/diariodominicano.com\/index.php?rest_route=%2Fwp%2Fv2%2Fcomments&post=514743"}],"version-history":[{"count":3,"href":"https:\/\/diariodominicano.com\/index.php?rest_route=\/wp\/v2\/posts\/514743\/revisions"}],"predecessor-version":[{"id":514793,"href":"https:\/\/diariodominicano.com\/index.php?rest_route=\/wp\/v2\/posts\/514743\/revisions\/514793"}],"wp:featuredmedia":[{"embeddable":true,"href":"https:\/\/diariodominicano.com\/index.php?rest_route=\/wp\/v2\/media\/514786"}],"wp:attachment":[{"href":"https:\/\/diariodominicano.com\/index.php?rest_route=%2Fwp%2Fv2%2Fmedia&parent=514743"}],"wp:term":[{"taxonomy":"category","embeddable":true,"href":"https:\/\/diariodominicano.com\/index.php?rest_route=%2Fwp%2Fv2%2Fcategories&post=514743"},{"taxonomy":"post_tag","embeddable":true,"href":"https:\/\/diariodominicano.com\/index.php?rest_route=%2Fwp%2Fv2%2Ftags&post=514743"}],"curies":[{"name":"wp","href":"https:\/\/api.w.org\/{rel}","templated":true}]}}