{"id":514741,"date":"2024-03-12T10:18:20","date_gmt":"2024-03-12T14:18:20","guid":{"rendered":"https:\/\/diariodominicano.com\/?p=514741"},"modified":"2024-03-12T12:11:44","modified_gmt":"2024-03-12T16:11:44","slug":"cevapre-celebra-primer-aniversario","status":"publish","type":"post","link":"https:\/\/diariodominicano.com\/?p=514741","title":{"rendered":"CEVAPRE\u00a0 celebra primer aniversario"},"content":{"rendered":"\n<p>Es el primer centro de vacunaci\u00f3n para ni\u00f1os prematuros en Santo Domingo Oeste con servicio a domicilio.<\/p>\n\n\n\n<p>Santo Domingo, R.D.-El Centro de Vacunaci\u00f3n y Atenci\u00f3n al Prematuro (CEVAPRE), un lugar que ofrece vacunas a ni\u00f1os, mujeres embarazadas, adultos envejecientes y p\u00fablico en general, celebr\u00f3 su primer aniversario, en un encuentro donde asistieron profesionales del mundo m\u00e9dico, clientes y relacionados.<\/p>\n\n\n\n<figure class=\"wp-block-gallery has-nested-images columns-default is-cropped wp-block-gallery-1 is-layout-flex wp-block-gallery-is-layout-flex\">\n<figure class=\"wp-block-image size-large\"><img loading=\"lazy\" decoding=\"async\" width=\"576\" height=\"1024\" data-id=\"514756\" src=\"https:\/\/diariodominicano.com\/wp-content\/uploads\/2024\/03\/CEVAPRE-celebra-primer-aniversario-576x1024.jpeg\" alt=\"\" class=\"wp-image-514756\" srcset=\"https:\/\/diariodominicano.com\/wp-content\/uploads\/2024\/03\/CEVAPRE-celebra-primer-aniversario-576x1024.jpeg 576w, https:\/\/diariodominicano.com\/wp-content\/uploads\/2024\/03\/CEVAPRE-celebra-primer-aniversario-169x300.jpeg 169w, https:\/\/diariodominicano.com\/wp-content\/uploads\/2024\/03\/CEVAPRE-celebra-primer-aniversario-768x1365.jpeg 768w, https:\/\/diariodominicano.com\/wp-content\/uploads\/2024\/03\/CEVAPRE-celebra-primer-aniversario-864x1536.jpeg 864w, https:\/\/diariodominicano.com\/wp-content\/uploads\/2024\/03\/CEVAPRE-celebra-primer-aniversario-816x1451.jpeg 816w, https:\/\/diariodominicano.com\/wp-content\/uploads\/2024\/03\/CEVAPRE-celebra-primer-aniversario.jpeg 900w\" sizes=\"auto, (max-width: 576px) 100vw, 576px\" \/><\/figure>\n<\/figure>\n\n\n\n<p>La doctora Juana Ferreira, pediatra perinatologa e intensivista neonatal, agradeci\u00f3 el apoyo recibido por la comunidad m\u00e9dica de Santo Domingo Oeste y la confianza de los clientes, durante este primer a\u00f1o de funcionamiento.<\/p>\n\n\n\n<p>Ferreira destac\u00f3, que uno de los objetivos del centro es lograr mayores niveles de inmunizaci\u00f3n en ni\u00f1os y adultos, sobre enfermedades prevenibles.<\/p>\n\n\n\n<figure class=\"wp-block-gallery has-nested-images columns-default is-cropped wp-block-gallery-2 is-layout-flex wp-block-gallery-is-layout-flex\">\n<figure class=\"wp-block-image size-large\"><img loading=\"lazy\" decoding=\"async\" width=\"1024\" height=\"1024\" data-id=\"514758\" src=\"https:\/\/diariodominicano.com\/wp-content\/uploads\/2024\/03\/Centro-de-Vacunacion-y-Atencion-al-Prematuro-CEVAPRE-1024x1024.jpeg\" alt=\"\" class=\"wp-image-514758\" srcset=\"https:\/\/diariodominicano.com\/wp-content\/uploads\/2024\/03\/Centro-de-Vacunacion-y-Atencion-al-Prematuro-CEVAPRE-1024x1024.jpeg 1024w, https:\/\/diariodominicano.com\/wp-content\/uploads\/2024\/03\/Centro-de-Vacunacion-y-Atencion-al-Prematuro-CEVAPRE-300x300.jpeg 300w, https:\/\/diariodominicano.com\/wp-content\/uploads\/2024\/03\/Centro-de-Vacunacion-y-Atencion-al-Prematuro-CEVAPRE-150x150.jpeg 150w, https:\/\/diariodominicano.com\/wp-content\/uploads\/2024\/03\/Centro-de-Vacunacion-y-Atencion-al-Prematuro-CEVAPRE-768x768.jpeg 768w, https:\/\/diariodominicano.com\/wp-content\/uploads\/2024\/03\/Centro-de-Vacunacion-y-Atencion-al-Prematuro-CEVAPRE-88x88.jpeg 88w, https:\/\/diariodominicano.com\/wp-content\/uploads\/2024\/03\/Centro-de-Vacunacion-y-Atencion-al-Prematuro-CEVAPRE-816x816.jpeg 816w, https:\/\/diariodominicano.com\/wp-content\/uploads\/2024\/03\/Centro-de-Vacunacion-y-Atencion-al-Prematuro-CEVAPRE.jpeg 1080w\" sizes=\"auto, (max-width: 1024px) 100vw, 1024px\" \/><\/figure>\n<\/figure>\n\n\n\n<p>Se\u00f1al\u00f3 que en 2023, pudieron lograr la vacunaci\u00f3n de m\u00e1s de 500 ni\u00f1os y 100 adultos, cifras que llenan de satisfacci\u00f3n al centro.<\/p>\n\n\n\n<p>CEVAPRE ofrece adem\u00e1s de vacunaci\u00f3n a reci\u00e9n nacidos y ni\u00f1os prematuros, servicios de psicolog\u00eda cl\u00ednica, emisiones otoac\u00fasticas, evaluaciones oftalmol\u00f3gicas, ecocardiograma pedi\u00e1trico, estimulaci\u00f3n temprana, nutrici\u00f3n y consultas en general.<\/p>\n\n\n\n<p>CEVAPRE est\u00e1 ubicado en la Av. Los Beisbolistas no. 60, Plaza Balcones del Oeste, local 114, Villa Aura, Santo Domingo Oeste.<\/p>\n\n\n\n<p>Contacto de Medios<\/p>\n\n\n\n<p>Federico Castillo-Gonzalez<\/p>\n\n\n\n<p>809.881.5970<\/p>\n\n\n\n<p>Federico Castillo G.<\/p>\n\n\n\n<p><a target=\"_blank\" href=\"mailto:federicocastillog@gmail.com\" rel=\"noreferrer noopener\">federicocastillog@gmail.com<\/a><\/p>\n","protected":false},"excerpt":{"rendered":"<p>Es el primer centro de vacunaci\u00f3n para ni\u00f1os prematuros en Santo Domingo Oeste con servicio a domicilio. Santo Domingo, R.D.-El Centro de Vacunaci\u00f3n y Atenci\u00f3n al Prematuro (CEVAPRE), un lugar que ofrece vacunas a ni\u00f1os, mujeres embarazadas, adultos envejecientes y p\u00fablico en general, celebr\u00f3 su primer aniversario, en un encuentro donde asistieron profesionales del mundo [&hellip;]<\/p>\n","protected":false},"author":28,"featured_media":514757,"comment_status":"closed","ping_status":"","sticky":true,"template":"","format":"standard","meta":{"footnotes":""},"categories":[36,25,27],"tags":[],"class_list":["post-514741","post","type-post","status-publish","format-standard","has-post-thumbnail","hentry","category-hombresmujeresycosas","category-gente","category-portada"],"_links":{"self":[{"href":"https:\/\/diariodominicano.com\/index.php?rest_route=\/wp\/v2\/posts\/514741","targetHints":{"allow":["GET"]}}],"collection":[{"href":"https:\/\/diariodominicano.com\/index.php?rest_route=\/wp\/v2\/posts"}],"about":[{"href":"https:\/\/diariodominicano.com\/index.php?rest_route=\/wp\/v2\/types\/post"}],"author":[{"embeddable":true,"href":"https:\/\/diariodominicano.com\/index.php?rest_route=\/wp\/v2\/users\/28"}],"replies":[{"embeddable":true,"href":"https:\/\/diariodominicano.com\/index.php?rest_route=%2Fwp%2Fv2%2Fcomments&post=514741"}],"version-history":[{"count":3,"href":"https:\/\/diariodominicano.com\/index.php?rest_route=\/wp\/v2\/posts\/514741\/revisions"}],"predecessor-version":[{"id":514763,"href":"https:\/\/diariodominicano.com\/index.php?rest_route=\/wp\/v2\/posts\/514741\/revisions\/514763"}],"wp:featuredmedia":[{"embeddable":true,"href":"https:\/\/diariodominicano.com\/index.php?rest_route=\/wp\/v2\/media\/514757"}],"wp:attachment":[{"href":"https:\/\/diariodominicano.com\/index.php?rest_route=%2Fwp%2Fv2%2Fmedia&parent=514741"}],"wp:term":[{"taxonomy":"category","embeddable":true,"href":"https:\/\/diariodominicano.com\/index.php?rest_route=%2Fwp%2Fv2%2Fcategories&post=514741"},{"taxonomy":"post_tag","embeddable":true,"href":"https:\/\/diariodominicano.com\/index.php?rest_route=%2Fwp%2Fv2%2Ftags&post=514741"}],"curies":[{"name":"wp","href":"https:\/\/api.w.org\/{rel}","templated":true}]}}