{"id":51473,"date":"2020-07-21T00:57:51","date_gmt":"2020-07-21T00:57:51","guid":{"rendered":"http:\/\/diariodominicano.ddns.net\/?p=51473"},"modified":"2020-07-21T00:57:51","modified_gmt":"2020-07-21T00:57:51","slug":"congreso-nacional-crea-la-orden-heraldica-de-cristobal-colon-2","status":"publish","type":"post","link":"https:\/\/diariodominicano.com\/?p=51473","title":{"rendered":"Congreso Nacional crea la \u00abOrden her\u00e1ldica de Crist\u00f3bal Col\u00f3n\u00bb"},"content":{"rendered":"<p><body><\/p>\n<p><strong>Diariodominicano.com<\/strong><\/p>\n<p><strong> Congreso Nacional crea la \u00abOrden her\u00e1ldica de Crist\u00f3bal Col\u00f3n\u00bb<\/strong><\/p>\n<p><strong>SANTO DOMINGO,<\/strong>  el  21 de julio de 1937, el Congreso Nacional convirti\u00f3 en ley un proyecto en virtud del cual cre\u00f3 la \u00abOrden her\u00e1ldica de Crist\u00f3bal Col\u00f3n\u00bb.<\/p>\n<\/p>\n<p>    El proyecto fue sometido por el dictador Rafael Le\u00f3nidas Trujillo Molina. Ten\u00eda como objetivo premiar \u00ablos hechos y trabajos meritorios que se relacionen con la gloria del Descubridor\u00bb.<\/p>\n<\/p>\n<p>    Crist\u00f3bal Col\u00f3n y su comitiva llegaron al continente Americano el d\u00eda 12 de octubre de 1492. Descubri\u00f3 la isla de Santo Domingo, el 5 de diciembre de 1492.<\/p>\n<\/p>\n<\/p>\n<\/p>\n<h6> 2020-07-21 00:57:51 <\/h6>\n<p><!--\n<link rel=\"stylesheet\" href=\"css\/bootstrap.min.css\">\n\n\n<ul class=\"pagination\">\n\t    \n\t\n\n<li >\n\t<a href='?page_no=390'>Previous<\/a>\n\t<\/li>\n\n\n       \n    \n\n<li><a href='?page_no=1'>1<\/a><\/li>\n\n\n\n<li><a href='?page_no=2'>2<\/a><\/li>\n\n\n\n<li><a>...<\/a><\/li>\n\n\n\n<li><a href='?page_no=389'>389<\/a><\/li>\n\n\n\n<li><a href='?page_no=390'>390<\/a><\/li>\n\n\n\n<li class='active'><a>391<\/a><\/li>\n\n\n\n<li><a href='?page_no=392'>392<\/a><\/li>\n\n\n\n<li><a href='?page_no=393'>393<\/a><\/li>\n\n\n\n<li><a>...<\/a><\/li>\n\n\n\n<li><a href='?page_no=22911'>22911<\/a><\/li>\n\n\n\n<li><a href='?page_no=22912'>22912<\/a><\/li>\n\n    \n\t\n\n<li >\n\t<a href='?page_no=392'>Next<\/a>\n\t<\/li>\n\n\n    \n\n<li><a href='?page_no=22912'>Last &rsaquo;&rsaquo;<\/a><\/li>\n\n<\/ul>\n\n\n--><br \/>\n<\/body><\/p>\n","protected":false},"excerpt":{"rendered":"<p>Diariodominicano.com Congreso Nacional crea la \u00abOrden her\u00e1ldica de Crist\u00f3bal Col\u00f3n\u00bb SANTO DOMINGO, el 21 de julio de 1937, el Congreso Nacional convirti\u00f3 en ley un proyecto en virtud del cual cre\u00f3 la \u00abOrden her\u00e1ldica de Crist\u00f3bal Col\u00f3n\u00bb. El proyecto fue sometido por el dictador Rafael Le\u00f3nidas Trujillo Molina. Ten\u00eda como objetivo premiar \u00ablos hechos y [&hellip;]<\/p>\n","protected":false},"author":3,"featured_media":0,"comment_status":"open","ping_status":"open","sticky":false,"template":"","format":"standard","meta":{"footnotes":""},"categories":[21],"tags":[],"class_list":["post-51473","post","type-post","status-publish","format-standard","hentry","category-cultura"],"_links":{"self":[{"href":"https:\/\/diariodominicano.com\/index.php?rest_route=\/wp\/v2\/posts\/51473","targetHints":{"allow":["GET"]}}],"collection":[{"href":"https:\/\/diariodominicano.com\/index.php?rest_route=\/wp\/v2\/posts"}],"about":[{"href":"https:\/\/diariodominicano.com\/index.php?rest_route=\/wp\/v2\/types\/post"}],"author":[{"embeddable":true,"href":"https:\/\/diariodominicano.com\/index.php?rest_route=\/wp\/v2\/users\/3"}],"replies":[{"embeddable":true,"href":"https:\/\/diariodominicano.com\/index.php?rest_route=%2Fwp%2Fv2%2Fcomments&post=51473"}],"version-history":[{"count":0,"href":"https:\/\/diariodominicano.com\/index.php?rest_route=\/wp\/v2\/posts\/51473\/revisions"}],"wp:attachment":[{"href":"https:\/\/diariodominicano.com\/index.php?rest_route=%2Fwp%2Fv2%2Fmedia&parent=51473"}],"wp:term":[{"taxonomy":"category","embeddable":true,"href":"https:\/\/diariodominicano.com\/index.php?rest_route=%2Fwp%2Fv2%2Fcategories&post=51473"},{"taxonomy":"post_tag","embeddable":true,"href":"https:\/\/diariodominicano.com\/index.php?rest_route=%2Fwp%2Fv2%2Ftags&post=51473"}],"curies":[{"name":"wp","href":"https:\/\/api.w.org\/{rel}","templated":true}]}}