{"id":514717,"date":"2024-03-12T01:35:21","date_gmt":"2024-03-12T05:35:21","guid":{"rendered":"https:\/\/diariodominicano.com\/?p=514717"},"modified":"2024-03-12T01:35:21","modified_gmt":"2024-03-12T05:35:21","slug":"conmemoran-aniversario-del-ii-frente-oriental-frank-pais-garcia","status":"publish","type":"post","link":"https:\/\/diariodominicano.com\/?p=514717","title":{"rendered":"Conmemoran aniversario del II Frente Oriental Frank Pa\u00eds Garc\u00eda"},"content":{"rendered":"\n<p>Santiago de Cuba, mar 11 (Prensa Latina) Al pie de la monta\u00f1a de M\u00edcara y ante el mausoleo a los H\u00e9roes y M\u00e1rtires del II Frente Oriental Frank Pa\u00eds Garc\u00eda, Cuba conmemor\u00f3 hoy el aniversario 66 de la fundaci\u00f3n del frente guerrillero.<\/p>\n\n\n\n<ul class=\"wp-block-list\">\n<li><a href=\"https:\/\/www.prensa-latina.cu\/2024\/03\/11\/\">marzo 11, 2024 | 11:23<\/a><\/li>\n<\/ul>\n\n\n\n<p>El acto pol\u00edtico y ceremonia militar inici\u00f3 con la colocaci\u00f3n de ofrendas florales en nombre del general de ej\u00e9rcito Ra\u00fal Castro, fundador del II Frente, y del primer secretario del Comit\u00e9 Central del Partido Comunista de Cuba y presidente de la Rep\u00fablica Miguel D\u00edaz-Canel Berm\u00fadez.<\/p>\n\n\n\n<p>Tambi\u00e9n del presidente de la Asamblea Nacional del Poder Popular y del Consejo de Estado, Esteban Lazo Hern\u00e1ndez y del pueblo de Cuba representado all\u00ed por m\u00e1s de dos mil pobladores.<\/p>\n\n\n\n<p>Encabezaron la ceremonia Beatriz Johnson, miembro del Comit\u00e9 Central del Partido y primera Secretaria en Santiago de Cuba, y el general de brigada Antonio Muguercia, jefe de la Regi\u00f3n Militar Santiago, adem\u00e1s del gobernador en funciones Manuel Falc\u00f3n.<\/p>\n\n\n\n<p>Como invitados especiales el coronel (R) Alberto V\u00e1zquez Garc\u00eda, H\u00e9roe del Trabajo de la Rep\u00fablica de Cuba y fundador del frente y otros iniciadores de aquella epopeya encabezada por Ra\u00fal Castro, el 11 de marzo de 1958.<\/p>\n\n\n\n<p>El II Frente se reconoce en la historia de Cuba como un modelo de organizaci\u00f3n de lo que ser\u00eda poco tiempo despu\u00e9s la obra de la Revoluci\u00f3n en aquellas serran\u00edas y en todo el pa\u00eds.<\/p>\n\n\n\n<p>ro\/yvg<\/p>\n","protected":false},"excerpt":{"rendered":"<p>Santiago de Cuba, mar 11 (Prensa Latina) Al pie de la monta\u00f1a de M\u00edcara y ante el mausoleo a los H\u00e9roes y M\u00e1rtires del II Frente Oriental Frank Pa\u00eds Garc\u00eda, Cuba conmemor\u00f3 hoy el aniversario 66 de la fundaci\u00f3n del frente guerrillero. El acto pol\u00edtico y ceremonia militar inici\u00f3 con la colocaci\u00f3n de ofrendas florales [&hellip;]<\/p>\n","protected":false},"author":28,"featured_media":514718,"comment_status":"closed","ping_status":"","sticky":false,"template":"","format":"standard","meta":{"footnotes":""},"categories":[26],"tags":[],"class_list":["post-514717","post","type-post","status-publish","format-standard","has-post-thumbnail","hentry","category-efemerides"],"_links":{"self":[{"href":"https:\/\/diariodominicano.com\/index.php?rest_route=\/wp\/v2\/posts\/514717","targetHints":{"allow":["GET"]}}],"collection":[{"href":"https:\/\/diariodominicano.com\/index.php?rest_route=\/wp\/v2\/posts"}],"about":[{"href":"https:\/\/diariodominicano.com\/index.php?rest_route=\/wp\/v2\/types\/post"}],"author":[{"embeddable":true,"href":"https:\/\/diariodominicano.com\/index.php?rest_route=\/wp\/v2\/users\/28"}],"replies":[{"embeddable":true,"href":"https:\/\/diariodominicano.com\/index.php?rest_route=%2Fwp%2Fv2%2Fcomments&post=514717"}],"version-history":[{"count":1,"href":"https:\/\/diariodominicano.com\/index.php?rest_route=\/wp\/v2\/posts\/514717\/revisions"}],"predecessor-version":[{"id":514719,"href":"https:\/\/diariodominicano.com\/index.php?rest_route=\/wp\/v2\/posts\/514717\/revisions\/514719"}],"wp:featuredmedia":[{"embeddable":true,"href":"https:\/\/diariodominicano.com\/index.php?rest_route=\/wp\/v2\/media\/514718"}],"wp:attachment":[{"href":"https:\/\/diariodominicano.com\/index.php?rest_route=%2Fwp%2Fv2%2Fmedia&parent=514717"}],"wp:term":[{"taxonomy":"category","embeddable":true,"href":"https:\/\/diariodominicano.com\/index.php?rest_route=%2Fwp%2Fv2%2Fcategories&post=514717"},{"taxonomy":"post_tag","embeddable":true,"href":"https:\/\/diariodominicano.com\/index.php?rest_route=%2Fwp%2Fv2%2Ftags&post=514717"}],"curies":[{"name":"wp","href":"https:\/\/api.w.org\/{rel}","templated":true}]}}