{"id":514664,"date":"2024-03-11T23:43:23","date_gmt":"2024-03-12T03:43:23","guid":{"rendered":"https:\/\/diariodominicano.com\/?p=514664"},"modified":"2024-03-11T23:44:41","modified_gmt":"2024-03-12T03:44:41","slug":"el-cmd-convoca-a-asamblea-nacional-extraordinaria-para-explicar-como-van-las-negociaciones-con-el-gobierno","status":"publish","type":"post","link":"https:\/\/diariodominicano.com\/?p=514664","title":{"rendered":"El CMD convoca a Asamblea Nacional Extraordinaria para explicar c\u00f3mo van las negociaciones con el Gobierno"},"content":{"rendered":"\n<p>Ariel Suero, dijo que el CMD ha sostenido dos reuniones con el presidente de la Luis Abinader y con la Vicepresidenta Raquel Pe\u00f1a.<\/p>\n\n\n\n<p>La Junta Directiva Nacional del Colegio M\u00e9dico Dominicano, mediante resoluci\u00f3n, convoc\u00f3 el lunes a todos sus miembros a participar en la gran Asamblea Nacional Extraordinaria, el pr\u00f3ximo mi\u00e9rcoles 13 de marzo a las 9:00 de la ma\u00f1ana en la sede central del Colegio M\u00e9dico Dominicano.<\/p>\n\n\n\n<p>El  presidente nacional del gremio Waldo Ariel Suero al dar la informaci\u00f3n  explic\u00f3 que el objetivo fundamental de esta asamblea es con la finalidad de informarles a los m\u00e9dicos, a qu\u00e9 nivel est\u00e1n las conversaciones que existen entre el CMD y las autoridades gubernamentales.<\/p>\n\n\n\n<p>El  presidente del gremio m\u00e9dico dijo que  \u201ces un deber estatutario mantener a los m\u00e9dicos edificados de estas conversaciones, para que sobre esta base los m\u00e9dicos en asambleas definan los pr\u00f3ximos pasos y estrategias a seguir\u201d.<\/p>\n\n\n\n<p> Ariel Suero, dijo que el CMD ha sostenido dos reuniones con el presidente de la Rep\u00fablica Luis Abinader y con la Vicepresidenta Raquel Pe\u00f1a y en las mismas el gremio m\u00e9dico les present\u00f3 unos 14 puntos, que \u201ca\u00fan en su gran mayor\u00eda no tenemos respuestas, sobre todo en aquellos puntos como los del Aumento Salarial, el Salario 14, el Seguro de los M\u00e9dicos Pensionados, la Reclasificaci\u00f3n de Puestos, entre otros\u201d.<\/p>\n\n\n\n<p>Por otra parte asegur\u00f3, que  han llegado a un consenso en pocos puntos como los m\u00e9dicos Covid, y  el proyecto de la Jacobo Majluta.<\/p>\n\n\n\n<p>El Colegio M\u00e9dico Dominicano aspira a que en un nuevo encuentro con el presidente de la Republica  Luis Abinader, las partes lleguen a acuerdos.<\/p>\n\n\n\n<p>Dijo que estamos a la espera de la fecha de esta nueva reuni\u00f3n,<\/p>\n\n\n\n<p>robertocavada.com<\/p>\n\n\n\n<p><a target=\"_blank\" href=\"mailto:contactocavada-gmail.com@shared1.ccsend.com\" rel=\"noreferrer noopener\">contactocavada-gmail.com@sha<\/a><\/p>\n","protected":false},"excerpt":{"rendered":"<p>Ariel Suero, dijo que el CMD ha sostenido dos reuniones con el presidente de la Luis Abinader y con la Vicepresidenta Raquel Pe\u00f1a. La Junta Directiva Nacional del Colegio M\u00e9dico Dominicano, mediante resoluci\u00f3n, convoc\u00f3 el lunes a todos sus miembros a participar en la gran Asamblea Nacional Extraordinaria, el pr\u00f3ximo mi\u00e9rcoles 13 de marzo a [&hellip;]<\/p>\n","protected":false},"author":28,"featured_media":514665,"comment_status":"closed","ping_status":"","sticky":true,"template":"","format":"standard","meta":{"footnotes":""},"categories":[20,27],"tags":[],"class_list":["post-514664","post","type-post","status-publish","format-standard","has-post-thumbnail","hentry","category-dominicana-hoy","category-portada"],"_links":{"self":[{"href":"https:\/\/diariodominicano.com\/index.php?rest_route=\/wp\/v2\/posts\/514664","targetHints":{"allow":["GET"]}}],"collection":[{"href":"https:\/\/diariodominicano.com\/index.php?rest_route=\/wp\/v2\/posts"}],"about":[{"href":"https:\/\/diariodominicano.com\/index.php?rest_route=\/wp\/v2\/types\/post"}],"author":[{"embeddable":true,"href":"https:\/\/diariodominicano.com\/index.php?rest_route=\/wp\/v2\/users\/28"}],"replies":[{"embeddable":true,"href":"https:\/\/diariodominicano.com\/index.php?rest_route=%2Fwp%2Fv2%2Fcomments&post=514664"}],"version-history":[{"count":3,"href":"https:\/\/diariodominicano.com\/index.php?rest_route=\/wp\/v2\/posts\/514664\/revisions"}],"predecessor-version":[{"id":514668,"href":"https:\/\/diariodominicano.com\/index.php?rest_route=\/wp\/v2\/posts\/514664\/revisions\/514668"}],"wp:featuredmedia":[{"embeddable":true,"href":"https:\/\/diariodominicano.com\/index.php?rest_route=\/wp\/v2\/media\/514665"}],"wp:attachment":[{"href":"https:\/\/diariodominicano.com\/index.php?rest_route=%2Fwp%2Fv2%2Fmedia&parent=514664"}],"wp:term":[{"taxonomy":"category","embeddable":true,"href":"https:\/\/diariodominicano.com\/index.php?rest_route=%2Fwp%2Fv2%2Fcategories&post=514664"},{"taxonomy":"post_tag","embeddable":true,"href":"https:\/\/diariodominicano.com\/index.php?rest_route=%2Fwp%2Fv2%2Ftags&post=514664"}],"curies":[{"name":"wp","href":"https:\/\/api.w.org\/{rel}","templated":true}]}}