{"id":51462,"date":"2020-07-21T01:28:38","date_gmt":"2020-07-21T01:28:38","guid":{"rendered":"http:\/\/diariodominicano.ddns.net\/?p=51462"},"modified":"2020-07-21T01:28:38","modified_gmt":"2020-07-21T01:28:38","slug":"organizaciones-culturales-realizaran-primer-congreso-mundial-virtual-de-teatro","status":"publish","type":"post","link":"https:\/\/diariodominicano.com\/?p=51462","title":{"rendered":"Organizaciones culturales realizar\u00e1n primer congreso mundial virtual de teatro"},"content":{"rendered":"<p><body><\/p>\n<p><strong>Organizaciones culturales realizar\u00e1n primer congreso mundial virtual de teatro<\/strong><\/p>\n<p><strong>Por Freddy P. Galarza<\/strong><\/p>\n<p><strong>New York.-<\/strong> Organizaciones culturales realizar\u00e1n el primer congreso mundial virtual de teatro, artes esc\u00e9nicas por la plataforma de FB en vivo, del 20 al 31 de julio en horario de 7:00 PM, hora de M\u00e9xico y 8:PM de Nueva York.<\/p>\n<\/p>\n<p>La informaci\u00f3n fue suministrada por la reconocida periodista Lissette Montol\u00edo, quien manifest\u00f3 que en el encuentro participan la compa\u00f1ia teatral TraDraco, inc., The Group For The Performing Arts, la organizaci\u00f3n de Teatristas Dominicanos en el Exterior( Tedeex), Acroarte, filial de Nueva York y Clobal Creaci\u00f3n sin l\u00edmites y su fundador el doctor Pako Olvera.<\/p>\n<\/p>\n<p>Se\u00f1al\u00f3 que es la primera experiencia virtual de teatro que durar\u00e1 dos semanas y se realiza con la inquietud de mantener el teatro latinoamericano \u00abvivo en nuestras comunidades y el mundo y con el deseo de enriquecernos a trav\u00e9s del intercambio mutuo de conocimientos en el \u00e1rea del teatro y la literatura hispana\u00bb.<\/p>\n<\/p>\n<p>La tambi\u00e9n fundadora de la Compa\u00f1\u00eda de \u00abTeatro Tradraco\u00bb Lissette Montol\u00edo, dijo que las organizaciones convocantes contar\u00e1n con la participaci\u00f3n de los teatristas y compa\u00f1\u00edas de teatro latinoamericanas que desean hablar de la importancia y desarrollo del mismo presentando un tema con relaci\u00f3n al pasado, presente y el futuro despu\u00e9s del Covid-19, para buscar, sugerir o presentar soluciones ante la crisis \u00bb que hemos sufrido los teatreros del mundo a ra\u00edz de la pandemia\u00bb.<\/p>\n<\/p>\n<p>Resalt\u00f3 como uno  de sus prop\u00f3sitos de llegar a las audiencias interesadas en los t\u00f3picos propuestos, en nuestro caso dijo, el teatro y la dramaturgia de latinoamerica \u00bb sin tener que ser teatristas de profesi\u00f3n, pero deseoso de conocer m\u00e1s sobre el arte de la actuaci\u00f3n\u00bb.<\/p>\n<\/p>\n<p>\u00abEste primer congreso virtual de teatro ser\u00e1 realizado a trav\u00e9s de la plataforma en vivo de Facebook, de la compa\u00f1\u00eda Global Creaci\u00f3n sin L\u00edmite, l\u00edder en el desarrollo de los eventos virtuales liderado por el doctor Francisco Olvera, presidente de dicha entidad y vice-presidente general de la FIA y 2da oportunidad\u00bb, recalc\u00f3 .<\/p>\n<\/p>\n<p>La comunicadora y activista cultural signific\u00f3 que la primera emisi\u00f3n de dicho evento la convocatoria ha sido a todos los grupos teatristas hispanos del mundo que quisieran participar, para adem\u00e1s de educar, buscar unidos respuestas a varias preguntas, entre ellas, dos b\u00e1sicas, c\u00faal es el papel de la tecnolog\u00eda en el desarrollo del teatro de ahora en adelante y c\u00f3mo crear y hacer crecer \u00abnuesta comunidad teatrista en escenarios, posiblemente en espacios p\u00fablicos durante el verano y buscar soluciones \u00ab, concluy\u00f3 .<\/p>\n<\/p>\n<p>freddy.galarza@yahoo.com<\/p>\n<p>Zona de los archivos adjuntos<\/p>\n<h6> 2020-07-21 01:28:38 <\/h6>\n<p><!--\n<link rel=\"stylesheet\" href=\"css\/bootstrap.min.css\">\n\n\n<ul class=\"pagination\">\n\t    \n\t\n\n<li >\n\t<a href='?page_no=389'>Previous<\/a>\n\t<\/li>\n\n\n       \n    \n\n<li><a href='?page_no=1'>1<\/a><\/li>\n\n\n\n<li><a href='?page_no=2'>2<\/a><\/li>\n\n\n\n<li><a>...<\/a><\/li>\n\n\n\n<li><a href='?page_no=388'>388<\/a><\/li>\n\n\n\n<li><a href='?page_no=389'>389<\/a><\/li>\n\n\n\n<li class='active'><a>390<\/a><\/li>\n\n\n\n<li><a href='?page_no=391'>391<\/a><\/li>\n\n\n\n<li><a href='?page_no=392'>392<\/a><\/li>\n\n\n\n<li><a>...<\/a><\/li>\n\n\n\n<li><a href='?page_no=22911'>22911<\/a><\/li>\n\n\n\n<li><a href='?page_no=22912'>22912<\/a><\/li>\n\n    \n\t\n\n<li >\n\t<a href='?page_no=391'>Next<\/a>\n\t<\/li>\n\n\n    \n\n<li><a href='?page_no=22912'>Last &rsaquo;&rsaquo;<\/a><\/li>\n\n<\/ul>\n\n\n--><br \/>\n<\/body><\/p>\n","protected":false},"excerpt":{"rendered":"<p>Organizaciones culturales realizar\u00e1n primer congreso mundial virtual de teatro Por Freddy P. Galarza New York.- Organizaciones culturales realizar\u00e1n el primer congreso mundial virtual de teatro, artes esc\u00e9nicas por la plataforma de FB en vivo, del 20 al 31 de julio en horario de 7:00 PM, hora de M\u00e9xico y 8:PM de Nueva York. La informaci\u00f3n [&hellip;]<\/p>\n","protected":false},"author":3,"featured_media":0,"comment_status":"open","ping_status":"open","sticky":false,"template":"","format":"standard","meta":{"footnotes":""},"categories":[21],"tags":[],"class_list":["post-51462","post","type-post","status-publish","format-standard","hentry","category-cultura"],"_links":{"self":[{"href":"https:\/\/diariodominicano.com\/index.php?rest_route=\/wp\/v2\/posts\/51462","targetHints":{"allow":["GET"]}}],"collection":[{"href":"https:\/\/diariodominicano.com\/index.php?rest_route=\/wp\/v2\/posts"}],"about":[{"href":"https:\/\/diariodominicano.com\/index.php?rest_route=\/wp\/v2\/types\/post"}],"author":[{"embeddable":true,"href":"https:\/\/diariodominicano.com\/index.php?rest_route=\/wp\/v2\/users\/3"}],"replies":[{"embeddable":true,"href":"https:\/\/diariodominicano.com\/index.php?rest_route=%2Fwp%2Fv2%2Fcomments&post=51462"}],"version-history":[{"count":0,"href":"https:\/\/diariodominicano.com\/index.php?rest_route=\/wp\/v2\/posts\/51462\/revisions"}],"wp:attachment":[{"href":"https:\/\/diariodominicano.com\/index.php?rest_route=%2Fwp%2Fv2%2Fmedia&parent=51462"}],"wp:term":[{"taxonomy":"category","embeddable":true,"href":"https:\/\/diariodominicano.com\/index.php?rest_route=%2Fwp%2Fv2%2Fcategories&post=51462"},{"taxonomy":"post_tag","embeddable":true,"href":"https:\/\/diariodominicano.com\/index.php?rest_route=%2Fwp%2Fv2%2Ftags&post=51462"}],"curies":[{"name":"wp","href":"https:\/\/api.w.org\/{rel}","templated":true}]}}