{"id":514614,"date":"2024-03-11T19:30:29","date_gmt":"2024-03-11T23:30:29","guid":{"rendered":"https:\/\/diariodominicano.com\/?p=514614"},"modified":"2024-03-11T19:30:29","modified_gmt":"2024-03-11T23:30:29","slug":"uasd-recuerda-a-ex-rector-mateo-aquino-febrillet","status":"publish","type":"post","link":"https:\/\/diariodominicano.com\/?p=514614","title":{"rendered":"UASD recuerda a ex rector Mateo Aquino Febrillet"},"content":{"rendered":"\n<p>diariodominicano.com<\/p>\n\n\n\n<p>Santo Domingo, R. D.,\u200211 de marzo, 2024.-\u2002La Universidad Aut\u00f3noma\u00a0 de Santo Domingo (UASD) y el Movimiento Avance Acad\u00e9mico recordaron hoy con un acto\u00a0 al ex rector de esa casa de altos estudios, maestro Mateo Aquino Febrillet, al cumplirse el octavo aniversario de su fallecimiento.<\/p>\n\n\n\n<p>En el acto de recordaci\u00f3n al maestro Aquino Febrillet fue depositada una ofrenda floral en la tarja erigida en su honor en el ala sur del Aula Magna de esa academia.<\/p>\n\n\n\n<p>El&nbsp; doctor Julio Ravelo Astacio, ex rector de la instituci\u00f3n y director del movimiento, se\u00f1al\u00f3 que Aquino Febrillet fue ejemplo de constante superaci\u00f3n y crecimiento personal.<\/p>\n\n\n\n<p>\u201cCada a\u00f1o recordamos a nuestro querido Mateo, que aquel infausto 11 de marzo del a\u00f1o 2016 le fue arrebatada la vida, una vida valiosa,&nbsp; a un hombre cargado de proyectos para el bienestar del pa\u00eds \u00ab, expres\u00f3 Ravelo Astacio.<\/p>\n\n\n\n<p>Dijo que Mateo Aquino Febrillet fue visionario,&nbsp; propulsor de grandes reformas en la Primada de Am\u00e9rica y que sus aportes a la academia se mantendr\u00e1n a trav\u00e9s del tiempo.<\/p>\n\n\n\n<p>En el acto en homenaje al pasado rector, su hijo David Aquino Febrillet al hablar en nombre de la familia, agradeci\u00f3 a las autoridades de la academia y al Movimiento Avance Acad\u00e9mico por cada marzo honrar la memoria de su padre.<\/p>\n\n\n\n<p>La actividad cont\u00f3 con la presencia adem\u00e1s de los vicerrectores Administrativo y de Extensi\u00f3n, maestros Ram\u00f3n Desangles y Rosal\u00eda Sosa, respectivamente, pasadas autoridades de la academia, familiares, profesores y empleados.<\/p>\n\n\n\n<p>Relaciones P\u00fablicas<\/p>\n\n\n\n<p><a target=\"_blank\" href=\"mailto:relacionespublicas@uasd.edu.do\" rel=\"noreferrer noopener\">relacionespublicas@uasd.edu.do<\/a><\/p>\n","protected":false},"excerpt":{"rendered":"<p>diariodominicano.com Santo Domingo, R. D.,\u200211 de marzo, 2024.-\u2002La Universidad Aut\u00f3noma\u00a0 de Santo Domingo (UASD) y el Movimiento Avance Acad\u00e9mico recordaron hoy con un acto\u00a0 al ex rector de esa casa de altos estudios, maestro Mateo Aquino Febrillet, al cumplirse el octavo aniversario de su fallecimiento. En el acto de recordaci\u00f3n al maestro Aquino Febrillet fue [&hellip;]<\/p>\n","protected":false},"author":5,"featured_media":514615,"comment_status":"closed","ping_status":"","sticky":true,"template":"","format":"standard","meta":{"footnotes":""},"categories":[20,27],"tags":[],"class_list":["post-514614","post","type-post","status-publish","format-standard","has-post-thumbnail","hentry","category-dominicana-hoy","category-portada"],"_links":{"self":[{"href":"https:\/\/diariodominicano.com\/index.php?rest_route=\/wp\/v2\/posts\/514614","targetHints":{"allow":["GET"]}}],"collection":[{"href":"https:\/\/diariodominicano.com\/index.php?rest_route=\/wp\/v2\/posts"}],"about":[{"href":"https:\/\/diariodominicano.com\/index.php?rest_route=\/wp\/v2\/types\/post"}],"author":[{"embeddable":true,"href":"https:\/\/diariodominicano.com\/index.php?rest_route=\/wp\/v2\/users\/5"}],"replies":[{"embeddable":true,"href":"https:\/\/diariodominicano.com\/index.php?rest_route=%2Fwp%2Fv2%2Fcomments&post=514614"}],"version-history":[{"count":1,"href":"https:\/\/diariodominicano.com\/index.php?rest_route=\/wp\/v2\/posts\/514614\/revisions"}],"predecessor-version":[{"id":514616,"href":"https:\/\/diariodominicano.com\/index.php?rest_route=\/wp\/v2\/posts\/514614\/revisions\/514616"}],"wp:featuredmedia":[{"embeddable":true,"href":"https:\/\/diariodominicano.com\/index.php?rest_route=\/wp\/v2\/media\/514615"}],"wp:attachment":[{"href":"https:\/\/diariodominicano.com\/index.php?rest_route=%2Fwp%2Fv2%2Fmedia&parent=514614"}],"wp:term":[{"taxonomy":"category","embeddable":true,"href":"https:\/\/diariodominicano.com\/index.php?rest_route=%2Fwp%2Fv2%2Fcategories&post=514614"},{"taxonomy":"post_tag","embeddable":true,"href":"https:\/\/diariodominicano.com\/index.php?rest_route=%2Fwp%2Fv2%2Ftags&post=514614"}],"curies":[{"name":"wp","href":"https:\/\/api.w.org\/{rel}","templated":true}]}}