{"id":51461,"date":"2020-11-19T13:25:46","date_gmt":"2020-11-19T13:25:46","guid":{"rendered":"http:\/\/diariodominicano.ddns.net\/?p=51461"},"modified":"2020-11-19T13:25:46","modified_gmt":"2020-11-19T13:25:46","slug":"el-dia-que-asesinaron-al-presidente-ramon-caceres","status":"publish","type":"post","link":"https:\/\/diariodominicano.com\/?p=51461","title":{"rendered":"El d\u00eda que asesinaron al presidente Ram\u00f3n C\u00e1ceres"},"content":{"rendered":"<p><body><\/p>\n<p><img decoding=\"async\" src=\"img3\/Ramon  Mon Caceres.jpg\" \/>  <\/p>\n<p><strong>Diariodominicano.com<\/strong><\/p>\n<p><strong>El d\u00eda que asesinaron al presidente Ram\u00f3n C\u00e1ceres<\/strong><\/p>\n<p><strong>  De acuerdo con una versi\u00f3n,  el grupo que encabezaba Luis Tejera ten\u00eda el prop\u00f3sito de secuestrar al Jefe del Estado, pero al ser enfrentado por el edec\u00e1n, dispararon contra  Mon C\u00e1ceres.<\/strong><\/p>\n<p><strong>Diariodominicano.com<\/strong><\/p>\n<\/p>\n<p><strong>    SANTO DOMINGO, el  19 de Noviembre de 1911<\/strong>, fue asesinado en la ciudad de Santo Domingo, el Presidente de la Rep\u00fablica Dominicana, Ram\u00f3n (Mon) C\u00e1ceres. Fue atacado a balazos  en el momento que daba un paseo en coche  por  la carretera que conduce a Haina. Al llegar a G\u00fcibia fue sorprendido por una emboscada que organiz\u00f3 el general Luis Tejera, hijo del ministro de Relaciones Exteriores, el historiador y abogado Emiliano Tejera.<\/p>\n<\/p>\n<p>     De acuerdo con una versi\u00f3n,  el grupo que encabezaba Luis Tejera ten\u00eda el prop\u00f3sito de secuestrar al Jefe del Estado, pero al ser enfrentado por el edec\u00e1n, dispararon contra  Mon C\u00e1ceres.<\/p>\n<\/p>\n<p>    En el instante del atentado el Presidente de la Rep\u00fablica  iba acompa\u00f1ado de su edec\u00e1n el coronel Ram\u00f3n (Chip\u00ed)  P\u00e9rez, quien conduc\u00eda el coche del Presidente, un modelo Victoria.<\/p>\n<\/p>\n<p>   Al llegar a G\u00fcibia, advirtieron que un grupo de hombres estaban parados al lado de un veh\u00edculo, y aproximarse el coche le cerraron el paso y gritaron: \u00abalto, r\u00edndanse, preso\u00bb.  El cochero intent\u00f3 escapar, pero los conjurados dispararon contra Mon C\u00e1ceres, quien se desplom\u00f3 herido de muerte.<\/p>\n<p>    Una versi\u00f3n de la \u00e9poca da cuenta de que al escuchar los disparos, tres miembros de la Guardia Republicana que se encontraban en la zona se presentaron al lugar y atacaron a los asesinos del Presidente. <\/p>\n<\/p>\n<p> En el incidente el cabecilla del grupo, Luis Tejera fue herido y luego ejecutado por disposici\u00f3n del Jefe de la Guardia, general Alfredo Victoria. Sin embargo, otra versi\u00f3n indica que Tejera muri\u00f3 ahogado en el r\u00edo Haina cuando intentaba escapar.<\/p>\n<\/p>\n<p>     De inmediato, circularon versiones de que el general Alfredo Victoria tomar\u00eda el poder.<\/p>\n<\/p>\n<p>    Luis Tejera desde hac\u00eda alg\u00fan tiempo estaba en un plan dirigido a derrocar al presidente C\u00e1ceres, pero el Jefe del Estado no le hab\u00eda dado  importancia a las versiones en ese sentido, pues  estimaba  en la ciudad de Santo Domingo nadie quer\u00eda atentar contra su vida.<\/p>\n<\/p>\n<p>    Ram\u00f3n C\u00e1ceres hab\u00eda tomado el poder d\u00eda  1 de julio de 1908, al ser juramentado  como  Presidente de la Rep\u00fablica. Fue  electo con la Constituci\u00f3n de abril de 1908, que establec\u00eda un per\u00edodo de Gobierno de 6 a\u00f1os.<\/p>\n<\/p>\n<p>    Asimismo, esa carta magna elimin\u00f3 la figura del Vicepresidente de la Rep\u00fablica.<\/p>\n<\/p>\n<p>       Mon C\u00e1ceres, fue electo el 30 de mayo de 1908 y tom\u00f3 posesi\u00f3n el primero de julio. Hab\u00eda participado  en actividades pol\u00edticas desde muy joven. Fue de los integrantes del complot que culmin\u00f3 con el asesinato del Presidente Ulises Heureaux, el 26 de julio de 1899, en Moca.<\/p>\n<\/p>\n<p>     Cuando fue electo Presidente de la Rep\u00fablica, el 30 de Mayo de 1908, se desempe\u00f1aba como Presidente provisional, tras  la  ca\u00edda del Presidente Carlos Morales Languasco, en  1905.<\/p>\n<\/p>\n<p>    En su administraci\u00f3n, el Presidente  C\u00e1ceres se distingui\u00f3 por el proceso de reorganizaci\u00f3n del Estado dominicano y porque invert\u00eda los excedentes de las Aduanas en obras de infraestructura.<\/p>\n<\/p>\n<p>     En ese momento las aduanas dominicanas eran controladas por el Gobierno de Estados Unidos, en virtud de la Convenci\u00f3n Dom\u00ednico-Americana, que fue ratificada por el Congreso Nacional el 3 de mayo de 1907.<\/p>\n<\/p>\n<p>    En una ocasi\u00f3n Carlos Morales Languasco intent\u00f3 llevar a cabo una invasi\u00f3n desde Puerto Rico para derrocar al Presidente Mon C\u00e1ceres, pero no  lleg\u00f3 a materializarla.<\/p>\n<\/p>\n<p>    C\u00e1ceres naci\u00f3  el 15 de diciembre de 1866, en Estancia Nueva, Moca, hijo de Manuel Altagracia C\u00e1ceres y Remigia V\u00e1squez Lizardo.<\/p>\n<\/p>\n<p>    En los primeros a\u00f1os de su juventud se dedic\u00f3 a las labores de ganader\u00eda y agr\u00edcola.<\/p>\n<\/p>\n<p>    Entr\u00f3 a la pol\u00edtica a partir del momento  en que particip\u00f3 en el plan para asesinar al dictador Ulises (Lil\u00eds)  Heureaux.<\/p>\n<\/p>\n<h6> 2020-11-19 13:25:46 <\/h6>\n<p><!--\n<link rel=\"stylesheet\" href=\"css\/bootstrap.min.css\">\n\n\n<ul class=\"pagination\">\n\t    \n\t\n\n<li >\n\t<a href='?page_no=38'>Previous<\/a>\n\t<\/li>\n\n\n       \n    \n\n<li><a href='?page_no=1'>1<\/a><\/li>\n\n\n\n<li><a href='?page_no=2'>2<\/a><\/li>\n\n\n\n<li><a>...<\/a><\/li>\n\n\n\n<li><a href='?page_no=37'>37<\/a><\/li>\n\n\n\n<li><a href='?page_no=38'>38<\/a><\/li>\n\n\n\n<li class='active'><a>39<\/a><\/li>\n\n\n\n<li><a href='?page_no=40'>40<\/a><\/li>\n\n\n\n<li><a href='?page_no=41'>41<\/a><\/li>\n\n\n\n<li><a>...<\/a><\/li>\n\n\n\n<li><a href='?page_no=22911'>22911<\/a><\/li>\n\n\n\n<li><a href='?page_no=22912'>22912<\/a><\/li>\n\n    \n\t\n\n<li >\n\t<a href='?page_no=40'>Next<\/a>\n\t<\/li>\n\n\n    \n\n<li><a href='?page_no=22912'>Last &rsaquo;&rsaquo;<\/a><\/li>\n\n<\/ul>\n\n\n--><br \/>\n<\/body><\/p>\n","protected":false},"excerpt":{"rendered":"<p>Diariodominicano.com El d\u00eda que asesinaron al presidente Ram\u00f3n C\u00e1ceres De acuerdo con una versi\u00f3n, el grupo que encabezaba Luis Tejera ten\u00eda el prop\u00f3sito de secuestrar al Jefe del Estado, pero al ser enfrentado por el edec\u00e1n, dispararon contra Mon C\u00e1ceres. Diariodominicano.com SANTO DOMINGO, el 19 de Noviembre de 1911, fue asesinado en la ciudad de [&hellip;]<\/p>\n","protected":false},"author":3,"featured_media":0,"comment_status":"open","ping_status":"open","sticky":false,"template":"","format":"standard","meta":{"footnotes":""},"categories":[21],"tags":[],"class_list":["post-51461","post","type-post","status-publish","format-standard","hentry","category-cultura"],"_links":{"self":[{"href":"https:\/\/diariodominicano.com\/index.php?rest_route=\/wp\/v2\/posts\/51461","targetHints":{"allow":["GET"]}}],"collection":[{"href":"https:\/\/diariodominicano.com\/index.php?rest_route=\/wp\/v2\/posts"}],"about":[{"href":"https:\/\/diariodominicano.com\/index.php?rest_route=\/wp\/v2\/types\/post"}],"author":[{"embeddable":true,"href":"https:\/\/diariodominicano.com\/index.php?rest_route=\/wp\/v2\/users\/3"}],"replies":[{"embeddable":true,"href":"https:\/\/diariodominicano.com\/index.php?rest_route=%2Fwp%2Fv2%2Fcomments&post=51461"}],"version-history":[{"count":0,"href":"https:\/\/diariodominicano.com\/index.php?rest_route=\/wp\/v2\/posts\/51461\/revisions"}],"wp:attachment":[{"href":"https:\/\/diariodominicano.com\/index.php?rest_route=%2Fwp%2Fv2%2Fmedia&parent=51461"}],"wp:term":[{"taxonomy":"category","embeddable":true,"href":"https:\/\/diariodominicano.com\/index.php?rest_route=%2Fwp%2Fv2%2Fcategories&post=51461"},{"taxonomy":"post_tag","embeddable":true,"href":"https:\/\/diariodominicano.com\/index.php?rest_route=%2Fwp%2Fv2%2Ftags&post=51461"}],"curies":[{"name":"wp","href":"https:\/\/api.w.org\/{rel}","templated":true}]}}