{"id":514608,"date":"2024-03-11T19:06:03","date_gmt":"2024-03-11T23:06:03","guid":{"rendered":"https:\/\/diariodominicano.com\/?p=514608"},"modified":"2024-03-11T23:50:46","modified_gmt":"2024-03-12T03:50:46","slug":"ministro-ito-bisono-destaca-en-encuentro-con-subsecretario-de-estado-avances-de-la-industria-medico-farmaceutica-en-rd","status":"publish","type":"post","link":"https:\/\/diariodominicano.com\/?p=514608","title":{"rendered":"Ministro Ito Bison\u00f3 destaca en encuentro con subsecretario de Estado avances de la industria m\u00e9dico-farmac\u00e9utica en RD"},"content":{"rendered":"\n<p>diariodominicano.com<\/p>\n\n\n\n<p>Punta Cana, La Altagracia, R. D.,\u200211 de marzo, 2024.-\u00a0<strong>El ministro de Industria, Comercio y Mipymes, V\u00edctor -Ito- Bison\u00f3<\/strong>, resalt\u00f3 el papel fundamental de la\u00a0<strong>Rep\u00fablica Dominicana<\/strong>\u00a0en el sector\u00a0<strong>m\u00e9dico-farmac\u00e9utico, y destac\u00f3 <\/strong> la\u00a0<strong>resiliencia y capacidad operativa\u00a0<\/strong>demostrada por las\u00a0<strong>zonas francas<\/strong>\u00a0de Rep\u00fablica Dominicana durante la\u00a0<strong>crisis global<\/strong>.<\/p>\n\n\n\n<p>Hizo la afirmaci\u00f3n durante la segunda reuni\u00f3n de alto nivel del\u00a0<strong>Di\u00e1logo Econ\u00f3mico y de Salud de las Am\u00e9ricas<\/strong>\u00a0(EHA por sus siglas en ingl\u00e9s), en la que particip\u00f3 el secretario de Estado para el Crecimiento Econ\u00f3mico, Energ\u00eda y Medio Ambiente,\u00a0<strong>Jos\u00e9 W. Fern\u00e1ndez<\/strong>\u00a0y el ministro de Salud P\u00fablica,\u00a0<strong>V\u00edctor Atallah<\/strong>.<\/p>\n\n\n\n<p>En esta reuni\u00f3n del m\u00e1s alto nivel celebrada en ciudad  Punta Cana, Bison\u00f3 hizo \u00e9nfasis en que el \u00e1rea de productos m\u00e9dicos y farmac\u00e9uticos ha sido un motor importante de las exportaciones del pa\u00eds, acumulando inversiones significativas en las zonas francas. En el a\u00f1o 2023, las exportaciones en este sector alcanzaron la cifra impresionante de US 2,521.7 millones, representando un crecimiento notable respecto a a\u00f1os anteriores.<\/p>\n\n\n\n<p>Adem\u00e1s, Bison\u00f3 resalt\u00f3 que la&nbsp;<strong>diversidad de productos exportados<\/strong>, incluyendo equipos de ostom\u00eda, productos de transfusi\u00f3n y v\u00e1lvulas neuroquir\u00fargicas, entre otros, ha permitido al pa\u00eds&nbsp;<strong>consolidarse como un actor clave<\/strong>&nbsp;en el mercado global de&nbsp;<strong>dispositivos m\u00e9dicos.<\/strong>&nbsp;<em>\u201cLa Rep\u00fablica Dominicana se ha consolidado como un actor clave en el mercado global de dispositivos m\u00e9dicos, nos enorgullece ser el tercer exportador mundial de aparatos de ostom\u00eda, el tercer exportador latinoamericano de instrumentos m\u00e9dicos a Estados Unidos, y el primer exportador de aparatos de ostom\u00eda hacia dicho mercado\u201d,&nbsp;<\/em>dijo.<\/p>\n\n\n\n<p>El ministro aprovech\u00f3 la oportunidad para reiterar el compromiso del pa\u00eds con el&nbsp;<strong>fortalecimiento de la industria de la salud<\/strong>, as\u00ed como con la colaboraci\u00f3n regional para abordar desaf\u00edos comunes y promover un&nbsp;<strong>desarrollo sostenible<\/strong>&nbsp;en la regi\u00f3n.&nbsp;<\/p>\n\n\n\n<p>La segunda reuni\u00f3n de alto nivel del EHA cont\u00f3 con la participaci\u00f3n de representantes de&nbsp;<strong>Estados Unidos<\/strong>, la Organizaci\u00f3n Panamericana de la Salud (<strong>OPS)<\/strong>&nbsp;y el Banco Interamericano de Desarrollo (<strong>BID)<\/strong>, entre otros actores clave.<\/p>\n\n\n\n<p>Durante el encuentro, se discutieron temas como la&nbsp;<strong>Protecci\u00f3n Social Adaptativa<\/strong>&nbsp;y el fortalecimiento de las cadenas de suministro en el hemisferio occidental. En este sentido, se presentaron avances significativos en la&nbsp;<strong>cooperaci\u00f3n regional<\/strong>, con la participaci\u00f3n activa de diversos pa\u00edses latinoamericanos y caribe\u00f1os, en la b\u00fasqueda de soluciones conjuntas para&nbsp;<strong>mejorar la salud y la econom\u00eda<\/strong>&nbsp;en la regi\u00f3n.<\/p>\n\n\n\n<p>El Di\u00e1logo Econ\u00f3mico y de Salud de las Am\u00e9ricas representa un espacio vital para el&nbsp;<strong>intercambio de ideas y la colaboraci\u00f3n multisectorial<\/strong>, con el objetivo de promover un futuro&nbsp;<strong>m\u00e1s saludable y pr\u00f3spero<\/strong>&nbsp;para todas las naciones de las Am\u00e9ricas.<\/p>\n\n\n\n<p>Fuente: Direcci\u00f3n de Estrategia y Comunicaci\u00f3n<\/p>\n\n\n\n<p>Ministerio Administrativo de la Presidencia de la Rep\u00fablica Dominicana<\/p>\n","protected":false},"excerpt":{"rendered":"<p>diariodominicano.com Punta Cana, La Altagracia, R. D.,\u200211 de marzo, 2024.-\u00a0El ministro de Industria, Comercio y Mipymes, V\u00edctor -Ito- Bison\u00f3, resalt\u00f3 el papel fundamental de la\u00a0Rep\u00fablica Dominicana\u00a0en el sector\u00a0m\u00e9dico-farmac\u00e9utico, y destac\u00f3 la\u00a0resiliencia y capacidad operativa\u00a0demostrada por las\u00a0zonas francas\u00a0de Rep\u00fablica Dominicana durante la\u00a0crisis global. Hizo la afirmaci\u00f3n durante la segunda reuni\u00f3n de alto nivel del\u00a0Di\u00e1logo Econ\u00f3mico y [&hellip;]<\/p>\n","protected":false},"author":5,"featured_media":514609,"comment_status":"closed","ping_status":"","sticky":true,"template":"","format":"standard","meta":{"footnotes":""},"categories":[20,27],"tags":[],"class_list":["post-514608","post","type-post","status-publish","format-standard","has-post-thumbnail","hentry","category-dominicana-hoy","category-portada"],"_links":{"self":[{"href":"https:\/\/diariodominicano.com\/index.php?rest_route=\/wp\/v2\/posts\/514608","targetHints":{"allow":["GET"]}}],"collection":[{"href":"https:\/\/diariodominicano.com\/index.php?rest_route=\/wp\/v2\/posts"}],"about":[{"href":"https:\/\/diariodominicano.com\/index.php?rest_route=\/wp\/v2\/types\/post"}],"author":[{"embeddable":true,"href":"https:\/\/diariodominicano.com\/index.php?rest_route=\/wp\/v2\/users\/5"}],"replies":[{"embeddable":true,"href":"https:\/\/diariodominicano.com\/index.php?rest_route=%2Fwp%2Fv2%2Fcomments&post=514608"}],"version-history":[{"count":3,"href":"https:\/\/diariodominicano.com\/index.php?rest_route=\/wp\/v2\/posts\/514608\/revisions"}],"predecessor-version":[{"id":514670,"href":"https:\/\/diariodominicano.com\/index.php?rest_route=\/wp\/v2\/posts\/514608\/revisions\/514670"}],"wp:featuredmedia":[{"embeddable":true,"href":"https:\/\/diariodominicano.com\/index.php?rest_route=\/wp\/v2\/media\/514609"}],"wp:attachment":[{"href":"https:\/\/diariodominicano.com\/index.php?rest_route=%2Fwp%2Fv2%2Fmedia&parent=514608"}],"wp:term":[{"taxonomy":"category","embeddable":true,"href":"https:\/\/diariodominicano.com\/index.php?rest_route=%2Fwp%2Fv2%2Fcategories&post=514608"},{"taxonomy":"post_tag","embeddable":true,"href":"https:\/\/diariodominicano.com\/index.php?rest_route=%2Fwp%2Fv2%2Ftags&post=514608"}],"curies":[{"name":"wp","href":"https:\/\/api.w.org\/{rel}","templated":true}]}}