{"id":514589,"date":"2024-03-11T18:09:54","date_gmt":"2024-03-11T22:09:54","guid":{"rendered":"https:\/\/diariodominicano.com\/?p=514589"},"modified":"2024-03-11T18:12:56","modified_gmt":"2024-03-11T22:12:56","slug":"francia-apoya-despliegue-de-mision-multinacional-en-haiti","status":"publish","type":"post","link":"https:\/\/diariodominicano.com\/?p=514589","title":{"rendered":"Francia apoya despliegue de misi\u00f3n multinacional en Hait\u00ed"},"content":{"rendered":"\n<p>diariodominicano.com<\/p>\n\n\n\n<p>Par\u00eds, 11 mar (Prensa Latina) El gobierno franc\u00e9s respald\u00f3 hoy el despliegue r\u00e1pido de la Misi\u00f3n Multinacional de Apoyo a la Seguridad de Hait\u00ed, en aras de restablecer la calma frente a las pandillas armadas y crear un escenario propicio para las elecciones.<\/p>\n\n\n\n<p>En una declaraci\u00f3n, la Canciller\u00eda subray\u00f3 la importancia del enfrentamiento a esos grupos criminales que aterrorizan a la poblaci\u00f3n civil y lastran la autoridad del Estado.<\/p>\n\n\n\n<p>Al respecto, mencion\u00f3 la participaci\u00f3n este lunes, en una reuni\u00f3n en Jamaica de la Comunidad del Caribe (Caricom), de la secretaria de Estado para el Desarrollo y las Alianzas Internacionales Chrysoula Zacharopoulou, quien expuso la posici\u00f3n de Par\u00eds.<\/p>\n\n\n\n<p>Francia destac\u00f3 que el foro busc\u00f3 un acuerdo internacional que conduzca a una soluci\u00f3n pol\u00edtica a la profunda crisis que atraviesa Hait\u00ed.<\/p>\n\n\n\n<p>Asimismo, insisti\u00f3 en la necesidad de generar las condiciones adecuadas para la celebraci\u00f3n de elecciones libres, democr\u00e1ticas y seguras.<\/p>\n\n\n\n<p>Con nuestros socios internacionales, llamamos a los actores pol\u00edticos haitianos a culminar un acuerdo que despeje el camino hacia esos comicios, agreg\u00f3.<\/p>\n\n\n\n<p>El Consejo de Seguridad de las Naciones Unidas abog\u00f3 hoy en un comunicado por el despliegue lo antes posible de la Misi\u00f3n Multinacional de Apoyo a la Seguridad de Hait\u00ed, documento en el que expres\u00f3 profunda preocupaci\u00f3n por la realidad en el terreno, marcada por la violencia creciente de las pandillas.<\/p>\n\n\n\n<p>En octubre del a\u00f1o pasado el Consejo adopt\u00f3 una resoluci\u00f3n autorizando la citada fuerza. npg\/wmr<\/p>\n","protected":false},"excerpt":{"rendered":"<p>diariodominicano.com Par\u00eds, 11 mar (Prensa Latina) El gobierno franc\u00e9s respald\u00f3 hoy el despliegue r\u00e1pido de la Misi\u00f3n Multinacional de Apoyo a la Seguridad de Hait\u00ed, en aras de restablecer la calma frente a las pandillas armadas y crear un escenario propicio para las elecciones. En una declaraci\u00f3n, la Canciller\u00eda subray\u00f3 la importancia del enfrentamiento a [&hellip;]<\/p>\n","protected":false},"author":5,"featured_media":514592,"comment_status":"closed","ping_status":"","sticky":true,"template":"","format":"standard","meta":{"footnotes":""},"categories":[112,23,27],"tags":[],"class_list":["post-514589","post","type-post","status-publish","format-standard","has-post-thumbnail","hentry","category-haiti","category-internacional","category-portada"],"_links":{"self":[{"href":"https:\/\/diariodominicano.com\/index.php?rest_route=\/wp\/v2\/posts\/514589","targetHints":{"allow":["GET"]}}],"collection":[{"href":"https:\/\/diariodominicano.com\/index.php?rest_route=\/wp\/v2\/posts"}],"about":[{"href":"https:\/\/diariodominicano.com\/index.php?rest_route=\/wp\/v2\/types\/post"}],"author":[{"embeddable":true,"href":"https:\/\/diariodominicano.com\/index.php?rest_route=\/wp\/v2\/users\/5"}],"replies":[{"embeddable":true,"href":"https:\/\/diariodominicano.com\/index.php?rest_route=%2Fwp%2Fv2%2Fcomments&post=514589"}],"version-history":[{"count":1,"href":"https:\/\/diariodominicano.com\/index.php?rest_route=\/wp\/v2\/posts\/514589\/revisions"}],"predecessor-version":[{"id":514590,"href":"https:\/\/diariodominicano.com\/index.php?rest_route=\/wp\/v2\/posts\/514589\/revisions\/514590"}],"wp:featuredmedia":[{"embeddable":true,"href":"https:\/\/diariodominicano.com\/index.php?rest_route=\/wp\/v2\/media\/514592"}],"wp:attachment":[{"href":"https:\/\/diariodominicano.com\/index.php?rest_route=%2Fwp%2Fv2%2Fmedia&parent=514589"}],"wp:term":[{"taxonomy":"category","embeddable":true,"href":"https:\/\/diariodominicano.com\/index.php?rest_route=%2Fwp%2Fv2%2Fcategories&post=514589"},{"taxonomy":"post_tag","embeddable":true,"href":"https:\/\/diariodominicano.com\/index.php?rest_route=%2Fwp%2Fv2%2Ftags&post=514589"}],"curies":[{"name":"wp","href":"https:\/\/api.w.org\/{rel}","templated":true}]}}