{"id":51450,"date":"2020-07-21T13:55:17","date_gmt":"2020-07-21T13:55:17","guid":{"rendered":"http:\/\/diariodominicano.ddns.net\/?p=51450"},"modified":"2020-07-21T13:55:17","modified_gmt":"2020-07-21T13:55:17","slug":"realizaran-curso-online-internacional-sobre-el-periodismo","status":"publish","type":"post","link":"https:\/\/diariodominicano.com\/?p=51450","title":{"rendered":"Realizar\u00e1n curso online internacional sobre EL PERIODISMO"},"content":{"rendered":"<p><body><\/p>\n<p><img decoding=\"async\" src=\"img3\/Jose-Gomez-Cerda21-7-20.jpg\" \/>  <\/p>\n<p><span class=\"text1noticias\">diariodominicano.com<\/span><\/p>\n<p><span class=\"text1noticias\"> <\/span><\/p>\n<p><span class=\"text1noticias\"> Santo Domingo, R. D., 21 de julio, 2020.- La Academia Humanista y la Escuela de Periodismo Profesor Adriano de la Cruz (EPPAC), iniciar\u00e1n un CURSO ONLINE INTERNACIONAL SOBRE PERIODISMO, el cual se iniciar\u00e1 el lunes 24 de agosto 2020. <\/span><\/p>\n<p><span class=\"text1noticias\"> <\/span><\/p>\n<p><span class=\"text1noticias\">A este curso se invitar\u00e1n varios profesores, especialistas y t\u00e9cnicos en las comunicaciones sociales, nacionales e internacionales.<\/span><\/p>\n<p><span class=\"text1noticias\">  <\/span><\/p>\n<p><span class=\"text1noticias\">El contenido de este curso online incluye temas como;<\/span><\/p>\n<p><span class=\"text1noticias\"> <\/span><\/p>\n<p><span class=\"text1noticias\">El periodismo digital, Las redes sociales, El periodismo en tiempos modernos, el periodismo de investigaci\u00f3n, los g\u00e9neros period\u00edsticos,  el periodismo corporativo, la radio, la televisi\u00f3n, el art\u00edculo, las entrevistas, y otros temas relacionados con las comunicaciones. <\/span><\/p>\n<p><span class=\"text1noticias\"> <\/span><\/p>\n<p><span class=\"text1noticias\">Este curso se realizar\u00e1 durante cuatro semanas (desde el 24 de agosto al jueves 17 de septiembre), con 8 lecciones, que se env\u00edan los lunes y jueves. <\/span><\/p>\n<p><span class=\"text1noticias\"> <\/span><\/p>\n<p><span class=\"text1noticias\">La formaci\u00f3n online  son cursos que se realizan de forma no presencial a trav\u00e9s de un dispositivo con conexi\u00f3n a Internet, (computadora, tel\u00e9fono inteligente, laptop, tabletas, etc.)  Requieren de las Tecnolog\u00edas de la Informaci\u00f3n y la Comunicaci\u00f3n (TIC).<\/span><\/p>\n<p><span class=\"text1noticias\"> <\/span><\/p>\n<p><span class=\"text1noticias\">Los estudiantes estudian desde sus casas o desde cualquier sitio en el que tengan conexi\u00f3n a Internet. No hay que ir a ning\u00fan lugar. Dentro de los cursos online se pueden realizar reuniones virtuales, para dialogar o discutir temas dentro del contenido del curso. <\/span><\/p>\n<p><span class=\"text1noticias\"> <\/span><\/p>\n<p><span class=\"text1noticias\">Ser\u00e1n invitados personas interesados en las comunicaciones sociales, radio, prensa, televisi\u00f3n, periodistas digitales, y aquellos periodistas interesados en ampliar sus conocimientos profesionales.<\/span><\/p>\n<p><span class=\"text1noticias\">  <\/span><\/p>\n<p><span class=\"text1noticias\">Jos\u00e9 G\u00f3mez Cerda <\/span><\/p>\n<p><span class=\"text1noticias\">Adriano de la Cruz<\/span><\/p>\n<p><span class=\"text1noticias\"> <\/span><\/p>\n<p><span class=\"text1noticias\">Directores del Curso Online Internacional <\/span>sobre PERIODISMO<\/p>\n<\/p>\n<h6> 2020-07-21 13:55:17 <\/h6>\n<p><!--\n<link rel=\"stylesheet\" href=\"css\/bootstrap.min.css\">\n\n\n<ul class=\"pagination\">\n\t    \n\t\n\n<li >\n\t<a href='?page_no=388'>Previous<\/a>\n\t<\/li>\n\n\n       \n    \n\n<li><a href='?page_no=1'>1<\/a><\/li>\n\n\n\n<li><a href='?page_no=2'>2<\/a><\/li>\n\n\n\n<li><a>...<\/a><\/li>\n\n\n\n<li><a href='?page_no=387'>387<\/a><\/li>\n\n\n\n<li><a href='?page_no=388'>388<\/a><\/li>\n\n\n\n<li class='active'><a>389<\/a><\/li>\n\n\n\n<li><a href='?page_no=390'>390<\/a><\/li>\n\n\n\n<li><a href='?page_no=391'>391<\/a><\/li>\n\n\n\n<li><a>...<\/a><\/li>\n\n\n\n<li><a href='?page_no=22911'>22911<\/a><\/li>\n\n\n\n<li><a href='?page_no=22912'>22912<\/a><\/li>\n\n    \n\t\n\n<li >\n\t<a href='?page_no=390'>Next<\/a>\n\t<\/li>\n\n\n    \n\n<li><a href='?page_no=22912'>Last &rsaquo;&rsaquo;<\/a><\/li>\n\n<\/ul>\n\n\n--><br \/>\n<\/body><\/p>\n","protected":false},"excerpt":{"rendered":"<p>diariodominicano.com Santo Domingo, R. D., 21 de julio, 2020.- La Academia Humanista y la Escuela de Periodismo Profesor Adriano de la Cruz (EPPAC), iniciar\u00e1n un CURSO ONLINE INTERNACIONAL SOBRE PERIODISMO, el cual se iniciar\u00e1 el lunes 24 de agosto 2020. A este curso se invitar\u00e1n varios profesores, especialistas y t\u00e9cnicos en las comunicaciones sociales, nacionales [&hellip;]<\/p>\n","protected":false},"author":3,"featured_media":0,"comment_status":"open","ping_status":"open","sticky":false,"template":"","format":"standard","meta":{"footnotes":""},"categories":[21],"tags":[],"class_list":["post-51450","post","type-post","status-publish","format-standard","hentry","category-cultura"],"_links":{"self":[{"href":"https:\/\/diariodominicano.com\/index.php?rest_route=\/wp\/v2\/posts\/51450","targetHints":{"allow":["GET"]}}],"collection":[{"href":"https:\/\/diariodominicano.com\/index.php?rest_route=\/wp\/v2\/posts"}],"about":[{"href":"https:\/\/diariodominicano.com\/index.php?rest_route=\/wp\/v2\/types\/post"}],"author":[{"embeddable":true,"href":"https:\/\/diariodominicano.com\/index.php?rest_route=\/wp\/v2\/users\/3"}],"replies":[{"embeddable":true,"href":"https:\/\/diariodominicano.com\/index.php?rest_route=%2Fwp%2Fv2%2Fcomments&post=51450"}],"version-history":[{"count":0,"href":"https:\/\/diariodominicano.com\/index.php?rest_route=\/wp\/v2\/posts\/51450\/revisions"}],"wp:attachment":[{"href":"https:\/\/diariodominicano.com\/index.php?rest_route=%2Fwp%2Fv2%2Fmedia&parent=51450"}],"wp:term":[{"taxonomy":"category","embeddable":true,"href":"https:\/\/diariodominicano.com\/index.php?rest_route=%2Fwp%2Fv2%2Fcategories&post=51450"},{"taxonomy":"post_tag","embeddable":true,"href":"https:\/\/diariodominicano.com\/index.php?rest_route=%2Fwp%2Fv2%2Ftags&post=51450"}],"curies":[{"name":"wp","href":"https:\/\/api.w.org\/{rel}","templated":true}]}}