{"id":514453,"date":"2024-03-11T21:09:47","date_gmt":"2024-03-12T01:09:47","guid":{"rendered":"https:\/\/diariodominicano.com\/?p=514453"},"modified":"2024-03-11T21:19:56","modified_gmt":"2024-03-12T01:19:56","slug":"mescyt-y-caribbean-university-de-puerto-rico-suscriben-convenio-de-colaboracion","status":"publish","type":"post","link":"https:\/\/diariodominicano.com\/?p=514453","title":{"rendered":"Mescyt y Caribbean University de Puerto Rico suscriben convenio de colaboraci\u00f3n"},"content":{"rendered":"\n<p>Santo Domingo.- El Ministerio de Educaci\u00f3n Superior, Ciencia y Tecnolog\u00eda (<strong>Mescyt)<\/strong>&nbsp;y&nbsp;<strong>Caribbean University (CU)<\/strong>, suscribieron un&nbsp;<strong>acuerdo de colaboraci\u00f3n<\/strong>&nbsp;con el objetivo de realizar&nbsp;<strong>actividades conjuntas,<\/strong>&nbsp;en \u00e1reas acad\u00e9micas, cient\u00edficas y culturales de&nbsp;<strong>mutuo inter\u00e9s<\/strong>&nbsp;para la Rep\u00fablica Dominicana y Puerto Rico.&nbsp;<\/p>\n\n\n\n<p>El pacto suscrito por los&nbsp;<strong>titulares de ambas instituciones, Franklin Garc\u00eda Ferm\u00edn y Ana E. Cucurella Rivera<\/strong>, establece el intercambio de profesores y estudiantes, la organizaci\u00f3n de seminarios y ciclos de conferencias, actividades de intercambio cultural, investigaciones espec\u00edficas y de formaci\u00f3n de investigadores, as\u00ed como otras actividades espec\u00edficas.<\/p>\n\n\n\n<p>El documento tambi\u00e9n contempla&nbsp;<strong>becas para estudiantes dominicanos<\/strong>, en la maestr\u00eda en&nbsp;<strong>Artes en Educaci\u00f3n<\/strong>&nbsp;con especialidad en Educaci\u00f3n Especial y el doctorado en&nbsp;<strong>Filosof\u00eda en Educaci\u00f3n<\/strong>, con especialidad en Curr\u00edculo y Ense\u00f1anza. La cobertura de las becas incluye&nbsp;<strong>cr\u00e9ditos y costos administrativos<\/strong>, siempre y cuando los alumnos cumplan con los requisitos establecidos por CU y tengan calificaciones reconocidas por el Mescyt.&nbsp;<\/p>\n\n\n\n<p>Asimismo, ambas instituciones comparten el inter\u00e9s por la ense\u00f1anza, la investigaci\u00f3n, la acci\u00f3n social, el estudio, el an\u00e1lisis, la creaci\u00f3n art\u00edstica y la difusi\u00f3n del conocimiento, contemplado dentro de la&nbsp;<strong>Declaraci\u00f3n Conjunta entre la Rep\u00fablica Dominicana y Puerto Rico<\/strong>, que busca promover alianzas entre universidades e instituciones de educaci\u00f3n superior de ambos pa\u00edses.<\/p>\n\n\n\n<p>El titular del Mescyt, Franklin Garc\u00eda Ferm\u00edn, valor\u00f3 como positiva la alianza entre ambas naciones, con el fin de dotar a los alumnos de los&nbsp;<strong>conocimientos necesarios para enfrentar los retos del presente y del futuro.&nbsp;&nbsp;<\/strong><\/p>\n\n\n\n<p>El convenio marco entra en vigor desde su supervisi\u00f3n, con una&nbsp;<strong>duraci\u00f3n de cinco a\u00f1os<\/strong>. En caso de finalizaci\u00f3n con anterioridad al t\u00e9rmino establecido, los programas en ejecuci\u00f3n concluir\u00e1n satisfactoriamente sin perjuicio para estudiantes o profesores involucrados.<\/p>\n\n\n\n<p>Caribbean University fue fundada en 1969,&nbsp; como Caribbean Junior College, en la ciudad de Bayam\u00f3n, Puerto Rico. Es denominada como una&nbsp;<strong>instituci\u00f3n de educaci\u00f3n privada, sin fines de lucro, coeducacional y no sectaria<\/strong>. En la actualidad consta de la administraci\u00f3n central, el recinto de Bayam\u00f3n y tres centros en Carolina, Vega Baja y Ponce. Debido a la ubicaci\u00f3n geogr\u00e1fica tan conveniente de cada unidad acad\u00e9mica, sirve adecuadamente a una gran parte de la poblaci\u00f3n de Puerto Rico.<\/p>\n\n\n\n<p><strong>Direcci\u00f3n de Comunicaciones<\/strong><strong><\/strong><\/p>\n\n\n\n<p><strong>Departamento de Prensa&nbsp;<\/strong><\/p>\n","protected":false},"excerpt":{"rendered":"<p>Santo Domingo.- El Ministerio de Educaci\u00f3n Superior, Ciencia y Tecnolog\u00eda (Mescyt)&nbsp;y&nbsp;Caribbean University (CU), suscribieron un&nbsp;acuerdo de colaboraci\u00f3n&nbsp;con el objetivo de realizar&nbsp;actividades conjuntas,&nbsp;en \u00e1reas acad\u00e9micas, cient\u00edficas y culturales de&nbsp;mutuo inter\u00e9s&nbsp;para la Rep\u00fablica Dominicana y Puerto Rico.&nbsp; El pacto suscrito por los&nbsp;titulares de ambas instituciones, Franklin Garc\u00eda Ferm\u00edn y Ana E. Cucurella Rivera, establece el intercambio de [&hellip;]<\/p>\n","protected":false},"author":7,"featured_media":514636,"comment_status":"closed","ping_status":"","sticky":true,"template":"","format":"standard","meta":{"footnotes":""},"categories":[20,27],"tags":[],"class_list":["post-514453","post","type-post","status-publish","format-standard","has-post-thumbnail","hentry","category-dominicana-hoy","category-portada"],"_links":{"self":[{"href":"https:\/\/diariodominicano.com\/index.php?rest_route=\/wp\/v2\/posts\/514453","targetHints":{"allow":["GET"]}}],"collection":[{"href":"https:\/\/diariodominicano.com\/index.php?rest_route=\/wp\/v2\/posts"}],"about":[{"href":"https:\/\/diariodominicano.com\/index.php?rest_route=\/wp\/v2\/types\/post"}],"author":[{"embeddable":true,"href":"https:\/\/diariodominicano.com\/index.php?rest_route=\/wp\/v2\/users\/7"}],"replies":[{"embeddable":true,"href":"https:\/\/diariodominicano.com\/index.php?rest_route=%2Fwp%2Fv2%2Fcomments&post=514453"}],"version-history":[{"count":3,"href":"https:\/\/diariodominicano.com\/index.php?rest_route=\/wp\/v2\/posts\/514453\/revisions"}],"predecessor-version":[{"id":514637,"href":"https:\/\/diariodominicano.com\/index.php?rest_route=\/wp\/v2\/posts\/514453\/revisions\/514637"}],"wp:featuredmedia":[{"embeddable":true,"href":"https:\/\/diariodominicano.com\/index.php?rest_route=\/wp\/v2\/media\/514636"}],"wp:attachment":[{"href":"https:\/\/diariodominicano.com\/index.php?rest_route=%2Fwp%2Fv2%2Fmedia&parent=514453"}],"wp:term":[{"taxonomy":"category","embeddable":true,"href":"https:\/\/diariodominicano.com\/index.php?rest_route=%2Fwp%2Fv2%2Fcategories&post=514453"},{"taxonomy":"post_tag","embeddable":true,"href":"https:\/\/diariodominicano.com\/index.php?rest_route=%2Fwp%2Fv2%2Ftags&post=514453"}],"curies":[{"name":"wp","href":"https:\/\/api.w.org\/{rel}","templated":true}]}}