{"id":514452,"date":"2024-03-11T21:00:36","date_gmt":"2024-03-12T01:00:36","guid":{"rendered":"https:\/\/diariodominicano.com\/?p=514452"},"modified":"2024-03-11T21:01:26","modified_gmt":"2024-03-12T01:01:26","slug":"nilson-duran-artista-colombo-venezolano-celebra-su-cumpleanos-con-un-set-de-sus-mejores-temas","status":"publish","type":"post","link":"https:\/\/diariodominicano.com\/?p=514452","title":{"rendered":"Nilson Dur\u00e1n Artista Colombo Venezolano celebra su cumplea\u00f1os con un set de sus mejores temas\u00a0"},"content":{"rendered":"\n<p>Celebramos el cumplea\u00f1os de Nilson Duran haciendo un repaso de sus mejores temazos <\/p>\n\n\n\n<p>&#8216;Favorito&#8217;, &#8216;No es Pa&#8217; eso&#8217; o &#8216;Me de vuelves la vida&#8217;, son algunos de los temazos que nos ha regalado el cantante colombo &#8211; venezolano en los \u00faltimos a\u00f1os<\/p>\n\n\n\n<p>Nilson Duran, del Catatumbo, regresa a la ranchera grabando 17 canciones en tres g\u00e9neros diferentes: bachata, vallenato y popular.\u2018No es pa\u2019 eso\u2019 se llama el nuevo sencillo que est\u00e1 promocionando. Es licenciado en Biolog\u00eda.<\/p>\n\n\n\n<figure class=\"wp-block-image size-large\"><img loading=\"lazy\" decoding=\"async\" width=\"1024\" height=\"1024\" src=\"https:\/\/diariodominicano.com\/wp-content\/uploads\/2024\/03\/Nilson-Duran-Artista-Colombo-Venezolano-celebra-su-cumpleanos-con-un-set-de-sus-mejores-temas-1024x1024.jpg\" alt=\"\" class=\"wp-image-514623\" srcset=\"https:\/\/diariodominicano.com\/wp-content\/uploads\/2024\/03\/Nilson-Duran-Artista-Colombo-Venezolano-celebra-su-cumpleanos-con-un-set-de-sus-mejores-temas-1024x1024.jpg 1024w, https:\/\/diariodominicano.com\/wp-content\/uploads\/2024\/03\/Nilson-Duran-Artista-Colombo-Venezolano-celebra-su-cumpleanos-con-un-set-de-sus-mejores-temas-300x300.jpg 300w, https:\/\/diariodominicano.com\/wp-content\/uploads\/2024\/03\/Nilson-Duran-Artista-Colombo-Venezolano-celebra-su-cumpleanos-con-un-set-de-sus-mejores-temas-150x150.jpg 150w, https:\/\/diariodominicano.com\/wp-content\/uploads\/2024\/03\/Nilson-Duran-Artista-Colombo-Venezolano-celebra-su-cumpleanos-con-un-set-de-sus-mejores-temas-768x768.jpg 768w, https:\/\/diariodominicano.com\/wp-content\/uploads\/2024\/03\/Nilson-Duran-Artista-Colombo-Venezolano-celebra-su-cumpleanos-con-un-set-de-sus-mejores-temas-88x88.jpg 88w, https:\/\/diariodominicano.com\/wp-content\/uploads\/2024\/03\/Nilson-Duran-Artista-Colombo-Venezolano-celebra-su-cumpleanos-con-un-set-de-sus-mejores-temas-816x816.jpg 816w, https:\/\/diariodominicano.com\/wp-content\/uploads\/2024\/03\/Nilson-Duran-Artista-Colombo-Venezolano-celebra-su-cumpleanos-con-un-set-de-sus-mejores-temas.jpg 1536w\" sizes=\"auto, (max-width: 1024px) 100vw, 1024px\" \/><\/figure>\n\n\n\n<p>Nilson Dur\u00e1n ha pasado la mayor\u00eda de su vida en Tib\u00fa y por eso se considera un nativo m\u00e1s del Catatumbo. Y all\u00e1 se inspir\u00f3 para cantar, desde los diez a\u00f1os, ranchera, bachata y vallenato. Su voz se pasea por todos esos g\u00e9neros sin desafinarse.<\/p>\n\n\n\n<p>Su carrera musical despeg\u00f3 en Caracas, Venezuela, con la canci\u00f3n \u2018Digan lo que digan\u2019 y fue \u00e9xito en Ecuador y Colombia.<\/p>\n\n\n\n<p>Ahora, regresa, a promocionar la canci\u00f3n \u2018No es pa\u2019 eso\u2019.<\/p>\n\n\n\n<p>\u00bfDe qui\u00e9n recibes influencia para cantar?&nbsp;<\/p>\n\n\n\n<p>Llevo la m\u00fasica en mis venas desde mi infancia y gracias a la herencia que me dej\u00f3 mi padre como m\u00fasico.<\/p>\n\n\n\n<p>\u00bfTe paraste ante un espejo y lo descubriste?<\/p>\n\n\n\n<p>A los 7 a\u00f1os cant\u00e9 en mi sal\u00f3n de clases y me aplaudieron. Desde all\u00ed supe que ten\u00eda ese talento para la m\u00fasica.<\/p>\n\n\n\n<p>\u00bfEsta mezcla de vallenato, bachata y ahora popular por qu\u00e9?<\/p>\n\n\n\n<p>Soy un artista polifac\u00e9tico por tanto tengo la capacidad de interpretar cualquier g\u00e9nero musical y mis inicios fueron en la m\u00fasica ranchera que cantaba mi padre.<\/p>\n\n\n\n<p>\u00bfPor qu\u00e9 empiezas cantando vallenato?<\/p>\n\n\n\n<p>Por ser la m\u00fasica del entorno que m\u00e1s se escuchaba y me fui apasionando por el vallenato y alcanc\u00e9 a grabar muchas canciones.<\/p>\n\n\n\n<p>\u00bfEl g\u00e9nero vallenato no te hizo lucir? o no peg\u00f3 como se dice?<\/p>\n\n\n\n<p>Lo puedo hacer e interpretar muy bien e incluso hubo mucha aceptaci\u00f3n como lo es la canci\u00f3n \u2018A gozar la vida\u00b4 a nivel internacional, pero en esta&nbsp; oportunidad tom\u00e9 la decisi\u00f3n de buscar nuevos rumbos en la m\u00fasica.<\/p>\n\n\n\n<p>\u00bfEsta carrera musical la empiezas d\u00f3nde?<\/p>\n\n\n\n<p>En Caracas, Venezuela, con mi primara canci\u00f3n que grab\u00e9: \u2018Me devuelves la vida\u2019.<\/p>\n\n\n\n<p>\u00bfEn qu\u00e9 momento dices: estoy listo para lanzarme al ruedo?<\/p>\n\n\n\n<p>Cuando cante\u00e9 en un concierto y me aplaudieron. Hubo mucha aceptaci\u00f3n y desde all\u00ed dije: yo puedo<\/p>\n\n\n\n<p>\u00bfEl Catatumbo fue inspiraci\u00f3n a pesar de caracterizarse como zona roja?<\/p>\n\n\n\n<p>El Catatumbo tiene paisajes maravillosos, r\u00edos y monta\u00f1as que reflejan la naturaleza en todo su esplendor y es inspirador para componer canciones.<\/p>\n\n\n\n<p>\u00bfPor qu\u00e9 ese salto a la m\u00fasica popular?<\/p>\n\n\n\n<p>Porque desde que empec\u00e9 en la m\u00fasica siempre me gust\u00f3 interpretar este g\u00e9nero popular .<\/p>\n\n\n\n<p>\u00bfQu\u00e9 artistas admiras?<\/p>\n\n\n\n<p>Admiro a Vicente Fern\u00e1ndez y a Galy Galiano por ser artistas integrales y vers\u00e1tiles para interpretar la m\u00fasica.<\/p>\n\n\n\n<p>\u00bfCon qui\u00e9n has hecho junte o d\u00fao?<\/p>\n\n\n\n<p>En una oportunidad en Bogot\u00e1 con Giovanny Ayala y Jimmy Guti\u00e9rrez.<\/p>\n\n\n\n<p>\u00bfCon qui\u00e9n te gustar\u00eda cantar?<\/p>\n\n\n\n<p>Me gustar\u00eda cantar con Cristian Nodal, Car\u00edn Le\u00f3n y los Tigres del Norte.<\/p>\n\n\n\n<p>\u00bfTocas alg\u00fan instrumento?<\/p>\n\n\n\n<p>Percusi\u00f3n y guitarra.<\/p>\n\n\n\n<p>\u00bfVives de la m\u00fasica?<\/p>\n\n\n\n<p>100 por ciento.<\/p>\n\n\n\n<p>El artista nos comento brevemente en una entrevista parte de su trayectoria musical con los inicios e influencia de sus experiencias vividas entre Colombia y Venezuela.<\/p>\n","protected":false},"excerpt":{"rendered":"<p>Celebramos el cumplea\u00f1os de Nilson Duran haciendo un repaso de sus mejores temazos &#8216;Favorito&#8217;, &#8216;No es Pa&#8217; eso&#8217; o &#8216;Me de vuelves la vida&#8217;, son algunos de los temazos que nos ha regalado el cantante colombo &#8211; venezolano en los \u00faltimos a\u00f1os Nilson Duran, del Catatumbo, regresa a la ranchera grabando 17 canciones en tres [&hellip;]<\/p>\n","protected":false},"author":7,"featured_media":0,"comment_status":"closed","ping_status":"","sticky":true,"template":"","format":"standard","meta":{"footnotes":""},"categories":[25,27],"tags":[],"class_list":["post-514452","post","type-post","status-publish","format-standard","hentry","category-gente","category-portada"],"_links":{"self":[{"href":"https:\/\/diariodominicano.com\/index.php?rest_route=\/wp\/v2\/posts\/514452","targetHints":{"allow":["GET"]}}],"collection":[{"href":"https:\/\/diariodominicano.com\/index.php?rest_route=\/wp\/v2\/posts"}],"about":[{"href":"https:\/\/diariodominicano.com\/index.php?rest_route=\/wp\/v2\/types\/post"}],"author":[{"embeddable":true,"href":"https:\/\/diariodominicano.com\/index.php?rest_route=\/wp\/v2\/users\/7"}],"replies":[{"embeddable":true,"href":"https:\/\/diariodominicano.com\/index.php?rest_route=%2Fwp%2Fv2%2Fcomments&post=514452"}],"version-history":[{"count":3,"href":"https:\/\/diariodominicano.com\/index.php?rest_route=\/wp\/v2\/posts\/514452\/revisions"}],"predecessor-version":[{"id":514626,"href":"https:\/\/diariodominicano.com\/index.php?rest_route=\/wp\/v2\/posts\/514452\/revisions\/514626"}],"wp:attachment":[{"href":"https:\/\/diariodominicano.com\/index.php?rest_route=%2Fwp%2Fv2%2Fmedia&parent=514452"}],"wp:term":[{"taxonomy":"category","embeddable":true,"href":"https:\/\/diariodominicano.com\/index.php?rest_route=%2Fwp%2Fv2%2Fcategories&post=514452"},{"taxonomy":"post_tag","embeddable":true,"href":"https:\/\/diariodominicano.com\/index.php?rest_route=%2Fwp%2Fv2%2Ftags&post=514452"}],"curies":[{"name":"wp","href":"https:\/\/api.w.org\/{rel}","templated":true}]}}