{"id":514252,"date":"2024-03-11T00:17:03","date_gmt":"2024-03-11T04:17:03","guid":{"rendered":"https:\/\/diariodominicano.com\/?p=514252"},"modified":"2024-03-11T00:17:03","modified_gmt":"2024-03-11T04:17:03","slug":"epidemiologo-hay-un-aumento-demasiado-considerado-del-dengue-tipo-tres-y-cuatro","status":"publish","type":"post","link":"https:\/\/diariodominicano.com\/?p=514252","title":{"rendered":"Epidemi\u00f3logo: \u201cHay un aumento demasiado considerado del dengue tipo tres y cuatro\u201d"},"content":{"rendered":"\n<p><strong>Adri\u00e1n Puello Guerrero revela que RD envi\u00f3 a laboratorios de EE. UU. pruebas de dos casos sospechosos de sarampi\u00f3n<\/strong><\/p>\n\n\n\n<p><strong>\u201c<\/strong><strong>Realmente hablamos de un nuevo brote de dengue en el pa\u00eds<\/strong><strong>\u201d<\/strong><\/p>\n\n\n\n<p>El epidemi\u00f3logo Adri\u00e1n Puello Guerrero advirti\u00f3 que hay un aumento del n\u00famero de casos de dengue de variedades no tan frecuentes en Rep\u00fablica Dominicana, con la posibilidad de que se siga disparando la cifra que se coloca actualmente en 1,400 en lo que va de a\u00f1o.<\/p>\n\n\n\n<figure class=\"wp-block-image size-full\"><img loading=\"lazy\" decoding=\"async\" width=\"805\" height=\"451\" src=\"https:\/\/diariodominicano.com\/wp-content\/uploads\/2024\/03\/PHOTO-2024-03-08-19-39-53-1.jpg\" alt=\"\" class=\"wp-image-514254\" srcset=\"https:\/\/diariodominicano.com\/wp-content\/uploads\/2024\/03\/PHOTO-2024-03-08-19-39-53-1.jpg 805w, https:\/\/diariodominicano.com\/wp-content\/uploads\/2024\/03\/PHOTO-2024-03-08-19-39-53-1-300x168.jpg 300w, https:\/\/diariodominicano.com\/wp-content\/uploads\/2024\/03\/PHOTO-2024-03-08-19-39-53-1-768x430.jpg 768w\" sizes=\"auto, (max-width: 805px) 100vw, 805px\" \/><\/figure>\n\n\n\n<p>Entrevistado por el periodista Federico M\u00e9ndez, en el programa Esferas de Poder, que se transmite los domingos de 8:00 a 9:00 de la ma\u00f1ana, por RNN Canal 27, sostuvo que la temporada de lluvias que viene pr\u00f3ximamente desencadenar\u00e1 m\u00e1s casos de dengue.<\/p>\n\n\n\n<p>El&nbsp;ex viceministro de Salud Colectiva del Ministerio de Salud P\u00fablica y&nbsp;ex director general de Epidemiolog\u00eda indic\u00f3 que hay un aumento demasiado considerado del tipo tres y cuatro del dengue, que no eran los m\u00e1s frecuentes anteriormente.<\/p>\n\n\n\n<p>\u201cVisto esto, si se introducen estas nuevas variantes o subtipos de manera importante en dominicana, es probable que se desborde el n\u00famero de casos y que haya consecuencias como realmente establece la alerta epidemiol\u00f3gica\u201d, puntualiz\u00f3.<\/p>\n\n\n\n<p>Indic\u00f3 que en las \u00faltimas semanas se han registrado m\u00e1s de 1,400 casos sospechosos circulando en el pa\u00eds, cuando todav\u00eda no ha llegado la temporada de lluvias, que cada a\u00f1o aumenta los casos y las posibles complicaciones.<\/p>\n\n\n\n<p>El especialista dijo que en el 2023, la mayor parte de los casos de dengue eran del tipo uno y dos, pero ahora los registrados son del tipo tres y cuatro.<\/p>\n\n\n\n<p>\u201cRealmente hablamos de un nuevo brote, pero creo que el brote anterior todav\u00eda no ha terminado\u201d, acot\u00f3, tras manifestar que desde septiembre hasta diciembre se registr\u00f3 un aumento considerable de casos de dengue en el 2023.<\/p>\n\n\n\n<p>Puello Guerrero dijo que ahora el pa\u00eds se enfrenta nueva vez a una alerta epidemiol\u00f3gica, con relaci\u00f3n a los casos de dengue.<\/p>\n\n\n\n<p>\u201cEl dengue sigue circulando, como bien sabemos, durante todo el a\u00f1o, recientemente tuvimos en diciembre casos aumentados y ahora esperamos que aumente m\u00e1s, viene la temporada de lluvias, as\u00ed que es un problema que ya nos damos cuenta que es anual\u201d, signific\u00f3.<\/p>\n\n\n\n<p>El especialista plante\u00f3 que el dengue y el Covid- 19 vinieron para quedarse por lo que no se puede esperar que las enfermedades van a desaparecer durante una temporada y luego reaparecer\u00e1.<\/p>\n\n\n\n<p>\u201cLa poblaci\u00f3n debe comprender que Rep\u00fablica Dominicana, localizada en el tr\u00f3pico, subtr\u00f3pico y el conjunto de enfermedades end\u00e9micas, es decir, que van a mantenerse durante todo el a\u00f1o, vamos a tener siempre estos picos y estos comportamientos de enfermedades infecciosas\u201d, subray\u00f3.<\/p>\n\n\n\n<p>Puello Guerrero dijo que la observaci\u00f3n y vigilancia epidemiol\u00f3gica son las herramientas para saber d\u00f3nde hay brotes, picos y en cu\u00e1les lugares hay que hacer intervenci\u00f3n sanitaria.<\/p>\n\n\n\n<p>El ex viceministro de Salud Colectiva del Ministerio de Salud P\u00fablica observ\u00f3 que todos los meses del a\u00f1o hay dengue.<\/p>\n\n\n\n<p>\u201cPero tambi\u00e9n tenemos la influenza, la gripe, que siempre se mantiene de manera estacionaria, septiembre, octubre hay que aplicar vacunas, pero todav\u00eda seguimos teniendo casos\u201d, agreg\u00f3.<\/p>\n\n\n\n<p>Puello Guerrero asegur\u00f3 que hay brotes de gripe cada a\u00f1o, la que a nivel mundial mata muchas m\u00e1s personas que otras enfermedades, de lo cual Rep\u00fablica Dominicana no escapa.<\/p>\n\n\n\n<p>Observ\u00f3 que lo m\u00e1s importante es saber que se debe vacunar a las personas vulnerables, como son los adultos mayores de 65 a\u00f1os, con enfermedades cr\u00f3nicas.<\/p>\n\n\n\n<p><strong>RD envi\u00f3 a EE. UU. pruebas de dos casos sospechosos de sarampi\u00f3n<\/strong><\/p>\n\n\n\n<p>El epidemi\u00f3logo Adri\u00e1n Puello Guerrero revel\u00f3 que hay dos casos sospechosos de sarampi\u00f3n en Rep\u00fablica Dominicana, declarada desde el 2010 libre de la enfermedad altamente contagiosa y potencialmente grave que afecta principalmente a ni\u00f1os no vacunados.<\/p>\n\n\n\n<p>\u201cHay dos sospechas, casos sospechosos, que las muestras se tomaron y se enviaron para confirmaci\u00f3n\u201d, dijo el&nbsp;ex viceministro de Salud Colectiva del Ministerio de Salud P\u00fablica, tras revelar que corresponden a Santo Domingo.<\/p>\n\n\n\n<p>El ex director general de Epidemiolog\u00eda del Ministerio de Salud P\u00fablica&nbsp;sostuvo que lo importante es saber si esos casos sospechosos son de transmisi\u00f3n local o importada.<\/p>\n\n\n\n<p>\u201cEs decir, que un ni\u00f1o local se infect\u00f3 en Rep\u00fablica Dominicana y este le transmiti\u00f3 a otro en el pa\u00eds, porque muchos casos de estos que alerta la Organizaci\u00f3n Panamericana de la Salud se deben a migraciones o movimiento de personas\u201d, precis\u00f3.<\/p>\n\n\n\n<p>Pueblo Guerrero dijo que el Ministerio de Salud P\u00fablica, a trav\u00e9s del Programa Ampliado de Inmunizaci\u00f3n, que maneja las vacunas y las enfermedades inmunoprevenibles, envi\u00f3 las pruebas a los Estados Unidos para saber el estatus del virus.<\/p>\n\n\n\n<p>Expuso que con el sarampi\u00f3n, la Organizaci\u00f3n Panamericana de la Salud (OPS), que mantiene un esquema de vigilancia en toda la regi\u00f3n de las am\u00e9ricas, ven\u00eda alertando sobre el aumento de casos en otros pa\u00edses.<\/p>\n\n\n\n<p>Entre \u00e9stos cit\u00f3 a Brasil, Guyana, Hait\u00ed y Estados Unidos, donde hay casos reportados de sarampi\u00f3n.<\/p>\n\n\n\n<p>Puello Guerrero considera que cuando se disminuyen los sistemas de prevenci\u00f3n y los operativos de vacunaci\u00f3n, pueden aparecer estos casos.<\/p>\n\n\n\n<p>\u201cAs\u00ed que en Rep\u00fablica Dominicana, mientras haya circulaci\u00f3n de estos virus en la regi\u00f3n, es muy probable que aparezcan casos, debido a la migraci\u00f3n, casos importados o vulnerables de los que ocurren\u201d, acot\u00f3.<\/p>\n\n\n\n<p>En Rep\u00fablica Dominicana no se reportan casos aut\u00f3ctonos de sarampi\u00f3n desde el 2001.<\/p>\n\n\n\n<p>federico mendez nova<\/p>\n\n\n\n<p><a target=\"_blank\" href=\"mailto:federico.mendeznova@gmail.com\" rel=\"noreferrer noopener\">federico.mendeznova@gmail.com<\/a><\/p>\n","protected":false},"excerpt":{"rendered":"<p>Adri\u00e1n Puello Guerrero revela que RD envi\u00f3 a laboratorios de EE. UU. pruebas de dos casos sospechosos de sarampi\u00f3n \u201cRealmente hablamos de un nuevo brote de dengue en el pa\u00eds\u201d El epidemi\u00f3logo Adri\u00e1n Puello Guerrero advirti\u00f3 que hay un aumento del n\u00famero de casos de dengue de variedades no tan frecuentes en Rep\u00fablica Dominicana, con [&hellip;]<\/p>\n","protected":false},"author":28,"featured_media":514253,"comment_status":"closed","ping_status":"","sticky":false,"template":"","format":"standard","meta":{"footnotes":""},"categories":[36,20],"tags":[],"class_list":["post-514252","post","type-post","status-publish","format-standard","has-post-thumbnail","hentry","category-hombresmujeresycosas","category-dominicana-hoy"],"_links":{"self":[{"href":"https:\/\/diariodominicano.com\/index.php?rest_route=\/wp\/v2\/posts\/514252","targetHints":{"allow":["GET"]}}],"collection":[{"href":"https:\/\/diariodominicano.com\/index.php?rest_route=\/wp\/v2\/posts"}],"about":[{"href":"https:\/\/diariodominicano.com\/index.php?rest_route=\/wp\/v2\/types\/post"}],"author":[{"embeddable":true,"href":"https:\/\/diariodominicano.com\/index.php?rest_route=\/wp\/v2\/users\/28"}],"replies":[{"embeddable":true,"href":"https:\/\/diariodominicano.com\/index.php?rest_route=%2Fwp%2Fv2%2Fcomments&post=514252"}],"version-history":[{"count":1,"href":"https:\/\/diariodominicano.com\/index.php?rest_route=\/wp\/v2\/posts\/514252\/revisions"}],"predecessor-version":[{"id":514255,"href":"https:\/\/diariodominicano.com\/index.php?rest_route=\/wp\/v2\/posts\/514252\/revisions\/514255"}],"wp:featuredmedia":[{"embeddable":true,"href":"https:\/\/diariodominicano.com\/index.php?rest_route=\/wp\/v2\/media\/514253"}],"wp:attachment":[{"href":"https:\/\/diariodominicano.com\/index.php?rest_route=%2Fwp%2Fv2%2Fmedia&parent=514252"}],"wp:term":[{"taxonomy":"category","embeddable":true,"href":"https:\/\/diariodominicano.com\/index.php?rest_route=%2Fwp%2Fv2%2Fcategories&post=514252"},{"taxonomy":"post_tag","embeddable":true,"href":"https:\/\/diariodominicano.com\/index.php?rest_route=%2Fwp%2Fv2%2Ftags&post=514252"}],"curies":[{"name":"wp","href":"https:\/\/api.w.org\/{rel}","templated":true}]}}