{"id":514245,"date":"2024-03-11T00:00:16","date_gmt":"2024-03-11T04:00:16","guid":{"rendered":"https:\/\/diariodominicano.com\/?p=514245"},"modified":"2024-03-11T00:01:48","modified_gmt":"2024-03-11T04:01:48","slug":"nuevo-presidente-de-detallistas-dn-pide-al-gobierno-frenar-aumentos-del-arroz-y-el-azucar","status":"publish","type":"post","link":"https:\/\/diariodominicano.com\/?p=514245","title":{"rendered":"Nuevo presidente de Detallistas DN pide al Gobierno frenar aumentos del arroz y el az\u00facar"},"content":{"rendered":"\n<p>F\u00e9lix Manuel Pe\u00f1a Arias, nuevo presidente de la Asociaci\u00f3n de Detallistas del Distrito Nacional<\/p>\n\n\n\n<p>El empresario F\u00e9lix Manuel Pe\u00f1a Arias pidi\u00f3 al gobierno detener las alzas en los precios del az\u00facar y el arroz que se registran actualmente en el pa\u00eds.&nbsp;&nbsp;&nbsp;&nbsp;&nbsp;&nbsp;&nbsp;&nbsp;&nbsp;&nbsp;&nbsp;&nbsp;&nbsp;&nbsp;&nbsp;&nbsp;&nbsp;&nbsp;&nbsp;&nbsp;&nbsp;&nbsp;&nbsp;&nbsp;&nbsp;&nbsp;&nbsp;&nbsp;&nbsp;&nbsp;&nbsp;&nbsp;<\/p>\n\n\n\n<p>El se\u00f1or Pe\u00f1a Arias hizo el se\u00f1alamiento al ser juramentado como nuevo presidente de la Asociaci\u00f3n de Detallistas del Distrito Nacional.&nbsp;&nbsp;&nbsp; Dijo que el az\u00facar y el arroz son dos elementos esenciales en el presupuesto de las familias dominicanas, por lo cual se requiere que el gobierno mantenga sus precios estables. Consider\u00f3 necesario que el gobierno tambi\u00e9n acuda en ayuda del sector detallista de Rep\u00fablica Dominicana.&nbsp;&nbsp;&nbsp;&nbsp;&nbsp;&nbsp;&nbsp;&nbsp;&nbsp;&nbsp;&nbsp;&nbsp;&nbsp;&nbsp;&nbsp;&nbsp;&nbsp;&nbsp;&nbsp;&nbsp;&nbsp;&nbsp;&nbsp;&nbsp;&nbsp;&nbsp;&nbsp;&nbsp;&nbsp;&nbsp;&nbsp;&nbsp;&nbsp;&nbsp;&nbsp;&nbsp;&nbsp;<\/p>\n\n\n\n<p>El dirigente comercial fue juramentado por Domingo Col\u00f3n Silverio, presidente de Fenacodep.&nbsp;&nbsp;&nbsp;<\/p>\n\n\n\n<p>&nbsp;&nbsp;&nbsp;&nbsp;&nbsp;&nbsp;&nbsp; La nueva directiva est\u00e1 integrada tambi\u00e9n por Luis Soto, vicepresidente, H\u00e9ctor Gonz\u00e1lez Villanueva, Jos\u00e9 Agust\u00edn Mendoza, C\u00e9lida Tejeda, Ariel Troncoso, Corpo Villalona, Daniel Mart\u00ednez, H\u00e9ctor Pimentel, Ram\u00f3n Moscat, Luis Ortiz, Enrique Liriano, Francisco Ferrer, Francisco Mateo, Luis Melo, Edgard Troncoso, Luis Brea y Mary Morel.&nbsp;&nbsp;&nbsp;&nbsp;&nbsp;&nbsp;&nbsp;&nbsp;&nbsp;&nbsp;&nbsp;&nbsp;&nbsp;&nbsp;&nbsp;&nbsp;&nbsp;&nbsp;&nbsp;&nbsp;&nbsp;&nbsp;<\/p>\n\n\n\n<p>La juramentaci\u00f3n se realiz\u00f3 en el local de la Asociaci\u00f3n de Detallistas del Distrito Nacional en la calle Jacinto de la Concha.&nbsp; La directiva que encabeza el se\u00f1or Pe\u00f1a Arias abarca el per\u00edodo 2024 y 2026.&nbsp;&nbsp;&nbsp;&nbsp;&nbsp;&nbsp;&nbsp;&nbsp;&nbsp;&nbsp;&nbsp;&nbsp;&nbsp;&nbsp;&nbsp;&nbsp;&nbsp;&nbsp;&nbsp;&nbsp;&nbsp;&nbsp;&nbsp;&nbsp;&nbsp;&nbsp;&nbsp;&nbsp;&nbsp;&nbsp;&nbsp;&nbsp;&nbsp;<\/p>\n\n\n\n<p>La invocaci\u00f3n a Dios estuvo a cargo de Eduviges Castillo del Bloque Sur Central de Fenacodep.&nbsp; El presidente saliente Cristiano Antonio Tejeda present\u00f3 el resumen de su gesti\u00f3n al frente de la instituci\u00f3n.&nbsp;&nbsp;&nbsp;&nbsp;&nbsp;&nbsp;&nbsp;&nbsp;&nbsp;&nbsp;&nbsp;&nbsp;&nbsp;&nbsp;&nbsp;&nbsp;&nbsp;&nbsp;&nbsp;&nbsp;&nbsp;&nbsp;&nbsp;<\/p>\n\n\n\n<p>Las palabras de bienvenida estuvieron a cargo del se\u00f1or Ariel Troncoso, secretario de la organizaci\u00f3n.&nbsp;&nbsp;&nbsp;&nbsp;&nbsp;&nbsp;&nbsp;&nbsp;<\/p>\n\n\n\n<p>El se\u00f1or Cristiano Antonio Tejeda entreg\u00f3 reconocimientos a Daniela Tiburcio, gerente de Promoci\u00f3n de Industrias Banilejas y Daysi Medina, Gerente Corporativa de Promoci\u00f3n y Eventos de INDUVECA.&nbsp;&nbsp;&nbsp;&nbsp;&nbsp;&nbsp;&nbsp;&nbsp;&nbsp;&nbsp;&nbsp;&nbsp;&nbsp;&nbsp;&nbsp;&nbsp;&nbsp;&nbsp;&nbsp;&nbsp;&nbsp;&nbsp;&nbsp;&nbsp;&nbsp;&nbsp;&nbsp;&nbsp;&nbsp;&nbsp;<\/p>\n\n\n\n<p>FELIX MANUEL PE\u00d1A ARIAS&nbsp;&nbsp;&nbsp;&nbsp;&nbsp;&nbsp; &nbsp;&nbsp;&nbsp;&nbsp;&nbsp;&nbsp;&nbsp;&nbsp;&nbsp;&nbsp;&nbsp;&nbsp;&nbsp;&nbsp;&nbsp;&nbsp;&nbsp;&nbsp;&nbsp;&nbsp;&nbsp;&nbsp;&nbsp;&nbsp;&nbsp;&nbsp;&nbsp;&nbsp;&nbsp;&nbsp;&nbsp;&nbsp; COORDINACI\u00d3N DE PRENSA&nbsp;<\/p>\n\n\n\n<p>PRESIDENTE&nbsp;&nbsp;&nbsp;&nbsp;&nbsp;&nbsp;&nbsp;&nbsp;&nbsp;&nbsp;&nbsp;&nbsp;&nbsp;&nbsp;&nbsp;&nbsp;&nbsp;&nbsp;&nbsp;&nbsp;&nbsp;&nbsp;&nbsp;&nbsp;&nbsp;&nbsp;&nbsp;&nbsp;&nbsp;&nbsp;&nbsp;&nbsp; &nbsp;&nbsp;&nbsp;&nbsp;&nbsp;&nbsp;&nbsp;&nbsp;&nbsp;&nbsp;&nbsp;&nbsp;&nbsp;&nbsp;&nbsp;&nbsp;&nbsp;&nbsp;&nbsp;&nbsp;&nbsp;&nbsp;&nbsp;&nbsp;&nbsp;&nbsp;&nbsp;&nbsp;&nbsp;&nbsp;&nbsp;&nbsp; PROMOVIDEO: LIC. DANIA GORIS&nbsp;&nbsp;&nbsp;&nbsp;&nbsp;&nbsp;&nbsp;&nbsp;&nbsp;&nbsp;&nbsp;&nbsp;&nbsp;&nbsp;&nbsp;&nbsp;&nbsp;&nbsp;&nbsp;&nbsp;<\/p>\n\n\n\n<p>Promovideo RG, SRL<\/p>\n\n\n\n<p><a target=\"_blank\" href=\"mailto:promovideorg@hotmail.com\" rel=\"noreferrer noopener\">promovideorg@hotmail.com<\/a><\/p>\n","protected":false},"excerpt":{"rendered":"<p>F\u00e9lix Manuel Pe\u00f1a Arias, nuevo presidente de la Asociaci\u00f3n de Detallistas del Distrito Nacional El empresario F\u00e9lix Manuel Pe\u00f1a Arias pidi\u00f3 al gobierno detener las alzas en los precios del az\u00facar y el arroz que se registran actualmente en el pa\u00eds.&nbsp;&nbsp;&nbsp;&nbsp;&nbsp;&nbsp;&nbsp;&nbsp;&nbsp;&nbsp;&nbsp;&nbsp;&nbsp;&nbsp;&nbsp;&nbsp;&nbsp;&nbsp;&nbsp;&nbsp;&nbsp;&nbsp;&nbsp;&nbsp;&nbsp;&nbsp;&nbsp;&nbsp;&nbsp;&nbsp;&nbsp;&nbsp; El se\u00f1or Pe\u00f1a Arias hizo el se\u00f1alamiento al ser juramentado como nuevo presidente de [&hellip;]<\/p>\n","protected":false},"author":28,"featured_media":514246,"comment_status":"closed","ping_status":"","sticky":true,"template":"","format":"standard","meta":{"footnotes":""},"categories":[20,18,27],"tags":[],"class_list":["post-514245","post","type-post","status-publish","format-standard","has-post-thumbnail","hentry","category-dominicana-hoy","category-economia","category-portada"],"_links":{"self":[{"href":"https:\/\/diariodominicano.com\/index.php?rest_route=\/wp\/v2\/posts\/514245","targetHints":{"allow":["GET"]}}],"collection":[{"href":"https:\/\/diariodominicano.com\/index.php?rest_route=\/wp\/v2\/posts"}],"about":[{"href":"https:\/\/diariodominicano.com\/index.php?rest_route=\/wp\/v2\/types\/post"}],"author":[{"embeddable":true,"href":"https:\/\/diariodominicano.com\/index.php?rest_route=\/wp\/v2\/users\/28"}],"replies":[{"embeddable":true,"href":"https:\/\/diariodominicano.com\/index.php?rest_route=%2Fwp%2Fv2%2Fcomments&post=514245"}],"version-history":[{"count":2,"href":"https:\/\/diariodominicano.com\/index.php?rest_route=\/wp\/v2\/posts\/514245\/revisions"}],"predecessor-version":[{"id":514248,"href":"https:\/\/diariodominicano.com\/index.php?rest_route=\/wp\/v2\/posts\/514245\/revisions\/514248"}],"wp:featuredmedia":[{"embeddable":true,"href":"https:\/\/diariodominicano.com\/index.php?rest_route=\/wp\/v2\/media\/514246"}],"wp:attachment":[{"href":"https:\/\/diariodominicano.com\/index.php?rest_route=%2Fwp%2Fv2%2Fmedia&parent=514245"}],"wp:term":[{"taxonomy":"category","embeddable":true,"href":"https:\/\/diariodominicano.com\/index.php?rest_route=%2Fwp%2Fv2%2Fcategories&post=514245"},{"taxonomy":"post_tag","embeddable":true,"href":"https:\/\/diariodominicano.com\/index.php?rest_route=%2Fwp%2Fv2%2Ftags&post=514245"}],"curies":[{"name":"wp","href":"https:\/\/api.w.org\/{rel}","templated":true}]}}