{"id":514228,"date":"2024-03-10T23:46:24","date_gmt":"2024-03-11T03:46:24","guid":{"rendered":"https:\/\/diariodominicano.com\/?p=514228"},"modified":"2024-03-10T23:50:36","modified_gmt":"2024-03-11T03:50:36","slug":"cuerpo-de-bomberos-del-distrito-nacional-en-coordinacion-con-la-alcaldia-del-dn-celebro-su-96-aniversario-y-el-dia-del-bombero-municipal","status":"publish","type":"post","link":"https:\/\/diariodominicano.com\/?p=514228","title":{"rendered":"Cuerpo de Bomberos del Distrito Nacional, en coordinaci\u00f3n con la Alcald\u00eda del DN celebr\u00f3 su 96 aniversario y el D\u00eda del Bombero Municipal"},"content":{"rendered":"\n<p><strong>link para descargar video:&nbsp;<\/strong><a href=\"https:\/\/we.tl\/t-X0ctZsKlue\" target=\"_blank\" rel=\"noreferrer noopener\">https:\/\/we.tl\/t-X0ctZsKlue<\/a><\/p>\n\n\n\n<p>Como ya es tradici\u00f3n cada a\u00f1o, el Cuerpo de Bomberos realiz\u00f3 un recorrido por las calles de la capital llevando alegr\u00eda a ni\u00f1os y adultos.<\/p>\n\n\n\n<figure class=\"wp-block-image size-large\"><img loading=\"lazy\" decoding=\"async\" width=\"1024\" height=\"682\" src=\"https:\/\/diariodominicano.com\/wp-content\/uploads\/2024\/03\/WhatsApp-Image-2024-03-10-at-12.42.11-PM-1024x682.jpeg\" alt=\"\" class=\"wp-image-514230\" srcset=\"https:\/\/diariodominicano.com\/wp-content\/uploads\/2024\/03\/WhatsApp-Image-2024-03-10-at-12.42.11-PM-1024x682.jpeg 1024w, https:\/\/diariodominicano.com\/wp-content\/uploads\/2024\/03\/WhatsApp-Image-2024-03-10-at-12.42.11-PM-300x200.jpeg 300w, https:\/\/diariodominicano.com\/wp-content\/uploads\/2024\/03\/WhatsApp-Image-2024-03-10-at-12.42.11-PM-768x512.jpeg 768w, https:\/\/diariodominicano.com\/wp-content\/uploads\/2024\/03\/WhatsApp-Image-2024-03-10-at-12.42.11-PM-1536x1023.jpeg 1536w, https:\/\/diariodominicano.com\/wp-content\/uploads\/2024\/03\/WhatsApp-Image-2024-03-10-at-12.42.11-PM-816x544.jpeg 816w, https:\/\/diariodominicano.com\/wp-content\/uploads\/2024\/03\/WhatsApp-Image-2024-03-10-at-12.42.11-PM.jpeg 1600w\" sizes=\"auto, (max-width: 1024px) 100vw, 1024px\" \/><\/figure>\n\n\n\n<p>Santo Domingo D.N.- El Cuerpo de Bomberos del Distrito Nacional, en coordinaci\u00f3n con la Alcald\u00eda del DN celebr\u00f3 su 96 aniversario y el D\u00eda del Bombero Municipal, con una serie de actividades conmemorativas.<\/p>\n\n\n\n<figure class=\"wp-block-image size-large\"><img loading=\"lazy\" decoding=\"async\" width=\"768\" height=\"1024\" src=\"https:\/\/diariodominicano.com\/wp-content\/uploads\/2024\/03\/WhatsApp-Image-2024-03-10-at-12.58.15-PM-768x1024.jpeg\" alt=\"\" class=\"wp-image-514231\" srcset=\"https:\/\/diariodominicano.com\/wp-content\/uploads\/2024\/03\/WhatsApp-Image-2024-03-10-at-12.58.15-PM-768x1024.jpeg 768w, https:\/\/diariodominicano.com\/wp-content\/uploads\/2024\/03\/WhatsApp-Image-2024-03-10-at-12.58.15-PM-225x300.jpeg 225w, https:\/\/diariodominicano.com\/wp-content\/uploads\/2024\/03\/WhatsApp-Image-2024-03-10-at-12.58.15-PM-1152x1536.jpeg 1152w, https:\/\/diariodominicano.com\/wp-content\/uploads\/2024\/03\/WhatsApp-Image-2024-03-10-at-12.58.15-PM-816x1088.jpeg 816w, https:\/\/diariodominicano.com\/wp-content\/uploads\/2024\/03\/WhatsApp-Image-2024-03-10-at-12.58.15-PM.jpeg 1200w\" sizes=\"auto, (max-width: 768px) 100vw, 768px\" \/><\/figure>\n\n\n\n<figure class=\"wp-block-image size-large\"><img loading=\"lazy\" decoding=\"async\" width=\"1024\" height=\"682\" src=\"https:\/\/diariodominicano.com\/wp-content\/uploads\/2024\/03\/WhatsApp-Image-2024-03-10-at-12.42.11-PM-2-1-1024x682.jpeg\" alt=\"\" class=\"wp-image-514232\" srcset=\"https:\/\/diariodominicano.com\/wp-content\/uploads\/2024\/03\/WhatsApp-Image-2024-03-10-at-12.42.11-PM-2-1-1024x682.jpeg 1024w, https:\/\/diariodominicano.com\/wp-content\/uploads\/2024\/03\/WhatsApp-Image-2024-03-10-at-12.42.11-PM-2-1-300x200.jpeg 300w, https:\/\/diariodominicano.com\/wp-content\/uploads\/2024\/03\/WhatsApp-Image-2024-03-10-at-12.42.11-PM-2-1-768x512.jpeg 768w, https:\/\/diariodominicano.com\/wp-content\/uploads\/2024\/03\/WhatsApp-Image-2024-03-10-at-12.42.11-PM-2-1-1536x1023.jpeg 1536w, https:\/\/diariodominicano.com\/wp-content\/uploads\/2024\/03\/WhatsApp-Image-2024-03-10-at-12.42.11-PM-2-1-816x544.jpeg 816w, https:\/\/diariodominicano.com\/wp-content\/uploads\/2024\/03\/WhatsApp-Image-2024-03-10-at-12.42.11-PM-2-1.jpeg 1600w\" sizes=\"auto, (max-width: 1024px) 100vw, 1024px\" \/><\/figure>\n\n\n\n<figure class=\"wp-block-image size-large\"><img loading=\"lazy\" decoding=\"async\" width=\"1024\" height=\"682\" src=\"https:\/\/diariodominicano.com\/wp-content\/uploads\/2024\/03\/WhatsApp-Image-2024-03-10-at-12.42.11-PM-3-1-1024x682.jpeg\" alt=\"\" class=\"wp-image-514233\" srcset=\"https:\/\/diariodominicano.com\/wp-content\/uploads\/2024\/03\/WhatsApp-Image-2024-03-10-at-12.42.11-PM-3-1-1024x682.jpeg 1024w, https:\/\/diariodominicano.com\/wp-content\/uploads\/2024\/03\/WhatsApp-Image-2024-03-10-at-12.42.11-PM-3-1-300x200.jpeg 300w, https:\/\/diariodominicano.com\/wp-content\/uploads\/2024\/03\/WhatsApp-Image-2024-03-10-at-12.42.11-PM-3-1-768x512.jpeg 768w, https:\/\/diariodominicano.com\/wp-content\/uploads\/2024\/03\/WhatsApp-Image-2024-03-10-at-12.42.11-PM-3-1-1536x1023.jpeg 1536w, https:\/\/diariodominicano.com\/wp-content\/uploads\/2024\/03\/WhatsApp-Image-2024-03-10-at-12.42.11-PM-3-1-816x544.jpeg 816w, https:\/\/diariodominicano.com\/wp-content\/uploads\/2024\/03\/WhatsApp-Image-2024-03-10-at-12.42.11-PM-3-1.jpeg 1600w\" sizes=\"auto, (max-width: 1024px) 100vw, 1024px\" \/><\/figure>\n\n\n\n<p>La celebraci\u00f3n comenz\u00f3 con la graduaci\u00f3n de 47 bomberos de la promoci\u00f3n 2023-2024, que se realiz\u00f3 en honor al general Oscar Guillermo Garc\u00eda, en el Monumento Fray Antonio de Montesinos. Esta ha sido la promoci\u00f3n con la mayor cantidad de graduados y la m\u00e1s grande en t\u00e9rminos de n\u00famero de mujeres graduadas.<\/p>\n\n\n\n<p>La alcaldesa del Distrito Nacional felicit\u00f3 a cada uno de los j\u00f3venes e indic\u00f3 \u201cNos sentimos muy orgullosos. Y hablo como ciudadana y como capitale\u00f1a. Nos honra el maravilloso cuerpo de bomberos del Distrito Nacional y, lo que es m\u00e1s importante, nos sentimos siempre seguros, ustedes son nuestros h\u00e9roes y hero\u00ednas. Esta graduaci\u00f3n tiene un significado muy especial; nos llena de orgullo ver a nuestros j\u00f3venes interesarse en involucrarse y participar nos llena de honor. A todos los presentes celebrando esta graduaci\u00f3n, los felicito\u00bb.&nbsp;<\/p>\n\n\n\n<figure class=\"wp-block-image size-large\"><img loading=\"lazy\" decoding=\"async\" width=\"1024\" height=\"682\" src=\"https:\/\/diariodominicano.com\/wp-content\/uploads\/2024\/03\/WhatsApp-Image-2024-03-10-at-12.42.11-PM-1-1024x682.jpeg\" alt=\"\" class=\"wp-image-514234\" srcset=\"https:\/\/diariodominicano.com\/wp-content\/uploads\/2024\/03\/WhatsApp-Image-2024-03-10-at-12.42.11-PM-1-1024x682.jpeg 1024w, https:\/\/diariodominicano.com\/wp-content\/uploads\/2024\/03\/WhatsApp-Image-2024-03-10-at-12.42.11-PM-1-300x200.jpeg 300w, https:\/\/diariodominicano.com\/wp-content\/uploads\/2024\/03\/WhatsApp-Image-2024-03-10-at-12.42.11-PM-1-768x512.jpeg 768w, https:\/\/diariodominicano.com\/wp-content\/uploads\/2024\/03\/WhatsApp-Image-2024-03-10-at-12.42.11-PM-1-1536x1023.jpeg 1536w, https:\/\/diariodominicano.com\/wp-content\/uploads\/2024\/03\/WhatsApp-Image-2024-03-10-at-12.42.11-PM-1-816x544.jpeg 816w, https:\/\/diariodominicano.com\/wp-content\/uploads\/2024\/03\/WhatsApp-Image-2024-03-10-at-12.42.11-PM-1.jpeg 1600w\" sizes=\"auto, (max-width: 1024px) 100vw, 1024px\" \/><\/figure>\n\n\n\n<figure class=\"wp-block-image size-large\"><img loading=\"lazy\" decoding=\"async\" width=\"1024\" height=\"682\" src=\"https:\/\/diariodominicano.com\/wp-content\/uploads\/2024\/03\/WhatsApp-Image-2024-03-10-at-12.42.10-PM-1024x682.jpeg\" alt=\"\" class=\"wp-image-514235\" srcset=\"https:\/\/diariodominicano.com\/wp-content\/uploads\/2024\/03\/WhatsApp-Image-2024-03-10-at-12.42.10-PM-1024x682.jpeg 1024w, https:\/\/diariodominicano.com\/wp-content\/uploads\/2024\/03\/WhatsApp-Image-2024-03-10-at-12.42.10-PM-300x200.jpeg 300w, https:\/\/diariodominicano.com\/wp-content\/uploads\/2024\/03\/WhatsApp-Image-2024-03-10-at-12.42.10-PM-768x512.jpeg 768w, https:\/\/diariodominicano.com\/wp-content\/uploads\/2024\/03\/WhatsApp-Image-2024-03-10-at-12.42.10-PM-1536x1023.jpeg 1536w, https:\/\/diariodominicano.com\/wp-content\/uploads\/2024\/03\/WhatsApp-Image-2024-03-10-at-12.42.10-PM-816x544.jpeg 816w, https:\/\/diariodominicano.com\/wp-content\/uploads\/2024\/03\/WhatsApp-Image-2024-03-10-at-12.42.10-PM.jpeg 1600w\" sizes=\"auto, (max-width: 1024px) 100vw, 1024px\" \/><\/figure>\n\n\n\n<p>El intendente del Cuerpo de Bomberos, Jos\u00e9 Luis Frometa Herasme, expres\u00f3 su alegr\u00eda y satisfacci\u00f3n por haber graduado a este destacado grupo de ciudadanos, quienes comprenden la importancia del oficio de bombero y est\u00e1n comprometidos con el cumplimiento de sus deberes y el servicio a su comunidad. Resalt\u00f3 que esta promoci\u00f3n es la m\u00e1s numerosa en la historia del cuerpo de bomberos, y destaca adem\u00e1s por ser la primera en la que se grad\u00faan 14 mujeres.\u00bb<\/p>\n\n\n\n<figure class=\"wp-block-image size-large\"><img loading=\"lazy\" decoding=\"async\" width=\"806\" height=\"1024\" src=\"https:\/\/diariodominicano.com\/wp-content\/uploads\/2024\/03\/WhatsApp-Image-2024-03-10-at-12.58.16-PM-1-806x1024.jpeg\" alt=\"\" class=\"wp-image-514237\" srcset=\"https:\/\/diariodominicano.com\/wp-content\/uploads\/2024\/03\/WhatsApp-Image-2024-03-10-at-12.58.16-PM-1-806x1024.jpeg 806w, https:\/\/diariodominicano.com\/wp-content\/uploads\/2024\/03\/WhatsApp-Image-2024-03-10-at-12.58.16-PM-1-236x300.jpeg 236w, https:\/\/diariodominicano.com\/wp-content\/uploads\/2024\/03\/WhatsApp-Image-2024-03-10-at-12.58.16-PM-1-768x975.jpeg 768w, https:\/\/diariodominicano.com\/wp-content\/uploads\/2024\/03\/WhatsApp-Image-2024-03-10-at-12.58.16-PM-1-1210x1536.jpeg 1210w, https:\/\/diariodominicano.com\/wp-content\/uploads\/2024\/03\/WhatsApp-Image-2024-03-10-at-12.58.16-PM-1-816x1036.jpeg 816w, https:\/\/diariodominicano.com\/wp-content\/uploads\/2024\/03\/WhatsApp-Image-2024-03-10-at-12.58.16-PM-1.jpeg 1260w\" sizes=\"auto, (max-width: 806px) 100vw, 806px\" \/><\/figure>\n\n\n\n<figure class=\"wp-block-image size-large\"><img loading=\"lazy\" decoding=\"async\" width=\"806\" height=\"1024\" src=\"https:\/\/diariodominicano.com\/wp-content\/uploads\/2024\/03\/WhatsApp-Image-2024-03-10-at-12.58.16-PM-1-1-806x1024.jpeg\" alt=\"\" class=\"wp-image-514238\" srcset=\"https:\/\/diariodominicano.com\/wp-content\/uploads\/2024\/03\/WhatsApp-Image-2024-03-10-at-12.58.16-PM-1-1-806x1024.jpeg 806w, https:\/\/diariodominicano.com\/wp-content\/uploads\/2024\/03\/WhatsApp-Image-2024-03-10-at-12.58.16-PM-1-1-236x300.jpeg 236w, https:\/\/diariodominicano.com\/wp-content\/uploads\/2024\/03\/WhatsApp-Image-2024-03-10-at-12.58.16-PM-1-1-768x975.jpeg 768w, https:\/\/diariodominicano.com\/wp-content\/uploads\/2024\/03\/WhatsApp-Image-2024-03-10-at-12.58.16-PM-1-1-1210x1536.jpeg 1210w, https:\/\/diariodominicano.com\/wp-content\/uploads\/2024\/03\/WhatsApp-Image-2024-03-10-at-12.58.16-PM-1-1-816x1036.jpeg 816w, https:\/\/diariodominicano.com\/wp-content\/uploads\/2024\/03\/WhatsApp-Image-2024-03-10-at-12.58.16-PM-1-1.jpeg 1260w\" sizes=\"auto, (max-width: 806px) 100vw, 806px\" \/><\/figure>\n\n\n\n<p>Visiblemente emocionada la graduanda Layla Sue en representaci\u00f3n de los estudiantes de la Academia de Bomberos del Distrito Nacional de la promoci\u00f3n 2023-2024, General Jos\u00e9 Guillermo Garc\u00eda Calca\u00f1o, indic\u00f3 \u201cen este d\u00eda queremos expresarles nuestro m\u00e1s profundo agradecimiento a todos los que han hecho posible nuestro largo viaje. Cuando ingresamos \u00e9ramos un grupo de personas desconocidas, pero con el mismo com\u00fan denominador, y la firme convicci\u00f3n de enfrentar cualquier adversidad y poner nuestro m\u00e1ximo empe\u00f1o en aprender cada d\u00eda m\u00e1s de nuestros mentores, quienes han sido nuestros gu\u00edas durante este largo proceso de formaci\u00f3n\u201d.<\/p>\n\n\n\n<p>Desfile de bomberos&nbsp;<\/p>\n\n\n\n<p>Como es tradici\u00f3n cada segundo domingo de marzo, las festividades iniciaron este d\u00eda con la entrega de una ofrenda floral en el Altar de la Patria y en el Pante\u00f3n de los Bomberos, ubicado en el cementerio de la M\u00e1ximo G\u00f3mez y una misa de Acci\u00f3n de Gracias realizada en el hangar del Cuartel General del Cuerpo de Bomberos, en la avenida Mella.<\/p>\n\n\n\n<figure class=\"wp-block-image size-large\"><img loading=\"lazy\" decoding=\"async\" width=\"1024\" height=\"682\" src=\"https:\/\/diariodominicano.com\/wp-content\/uploads\/2024\/03\/WhatsApp-Image-2024-03-10-at-12.58.17-PM-2-1024x682.jpeg\" alt=\"\" class=\"wp-image-514241\" srcset=\"https:\/\/diariodominicano.com\/wp-content\/uploads\/2024\/03\/WhatsApp-Image-2024-03-10-at-12.58.17-PM-2-1024x682.jpeg 1024w, https:\/\/diariodominicano.com\/wp-content\/uploads\/2024\/03\/WhatsApp-Image-2024-03-10-at-12.58.17-PM-2-300x200.jpeg 300w, https:\/\/diariodominicano.com\/wp-content\/uploads\/2024\/03\/WhatsApp-Image-2024-03-10-at-12.58.17-PM-2-768x512.jpeg 768w, https:\/\/diariodominicano.com\/wp-content\/uploads\/2024\/03\/WhatsApp-Image-2024-03-10-at-12.58.17-PM-2-1536x1023.jpeg 1536w, https:\/\/diariodominicano.com\/wp-content\/uploads\/2024\/03\/WhatsApp-Image-2024-03-10-at-12.58.17-PM-2-816x544.jpeg 816w, https:\/\/diariodominicano.com\/wp-content\/uploads\/2024\/03\/WhatsApp-Image-2024-03-10-at-12.58.17-PM-2.jpeg 1600w\" sizes=\"auto, (max-width: 1024px) 100vw, 1024px\" \/><\/figure>\n\n\n\n<p>A las 10 de la ma\u00f1ana, se inici\u00f3 el desfile desde el mismo cuartel, recorriendo la avenida M\u00e9xico, Jos\u00e9 Mart\u00ed, calle Ravelo, Rafael Atoa, Francisco del Rosario S\u00e1nchez y la avenida Padre Castellanos, haciendo su primera parada en el Parque de Villa Juana, donde ni\u00f1os j\u00f3venes y adultos los esperaban con entusiasmo para tomarse fotos en los camiones y con los bomberos.<\/p>\n\n\n\n<p>Luego, prosiguieron por el Quinto Centenario, John F. Kennedy y Abraham Lincoln, haciendo su segunda parada en el McDonald&#8217;s de la Lincoln.&nbsp;<\/p>\n\n\n\n<figure class=\"wp-block-image size-large\"><img loading=\"lazy\" decoding=\"async\" width=\"1024\" height=\"682\" src=\"https:\/\/diariodominicano.com\/wp-content\/uploads\/2024\/03\/WhatsApp-Image-2024-03-10-at-12.58.17-PM-1-1024x682.jpeg\" alt=\"\" class=\"wp-image-514242\" srcset=\"https:\/\/diariodominicano.com\/wp-content\/uploads\/2024\/03\/WhatsApp-Image-2024-03-10-at-12.58.17-PM-1-1024x682.jpeg 1024w, https:\/\/diariodominicano.com\/wp-content\/uploads\/2024\/03\/WhatsApp-Image-2024-03-10-at-12.58.17-PM-1-300x200.jpeg 300w, https:\/\/diariodominicano.com\/wp-content\/uploads\/2024\/03\/WhatsApp-Image-2024-03-10-at-12.58.17-PM-1-768x512.jpeg 768w, https:\/\/diariodominicano.com\/wp-content\/uploads\/2024\/03\/WhatsApp-Image-2024-03-10-at-12.58.17-PM-1-1536x1023.jpeg 1536w, https:\/\/diariodominicano.com\/wp-content\/uploads\/2024\/03\/WhatsApp-Image-2024-03-10-at-12.58.17-PM-1-816x544.jpeg 816w, https:\/\/diariodominicano.com\/wp-content\/uploads\/2024\/03\/WhatsApp-Image-2024-03-10-at-12.58.17-PM-1.jpeg 1600w\" sizes=\"auto, (max-width: 1024px) 100vw, 1024px\" \/><\/figure>\n\n\n\n<p>El desfile continu\u00f3 por la Roberto Pastoriza, Winston Churchill, 27 de Febrero y, en la N\u00fa\u00f1ez de C\u00e1ceres, har\u00e1 su \u00faltima parada en el Down Town Center. Finalmente, continuar\u00e1 por la Sarasota, Lincoln, Independencia y retornar\u00e1 al Cuartel General, donde tendr\u00e1n un almuerzo y luego dar\u00e1n lectura de condecoraciones y \u00d3rdenes Especiales.<\/p>\n\n\n\n<p>Bomberos responden 18 emergencias al d\u00eda&nbsp;<\/p>\n\n\n\n<p>En el a\u00f1o 1880 ocurri\u00f3 un incendio en el Palacio de justicia de Ciudad Nueva y el entonces presidente de la Rep\u00fablica, Gregorio Luper\u00f3n, decidi\u00f3 crear el cuerpo de bomberos del Distrito Nacional mediante un decreto, pero no fue hasta el 11 de marzo 1928 que se concretiz\u00f3 en el caso del Distrito Nacional. Desde entonces cada segundo domingo de este mes los bomberos celebran su d\u00eda.<\/p>\n\n\n\n<p>Son 292 los hombres y mujeres&nbsp;bomberos&nbsp;de la capital y 430 voluntarios. Cuentan con&nbsp;25 unidades contra incendios, entre ellas tres carros escaleras para cualquier emergencia en edificios de 10 y 11 pisos. En la actualidad los&nbsp;Bomberos&nbsp;del Distrito Nacional responden a un promedio de&nbsp;18 emergencias al d\u00eda.&nbsp;&nbsp;<\/p>\n\n\n\n<p>Se han creado 15 estaciones un todo el Distrito Nacional y un cuartel general y se trabaja para construir una nueva estaci\u00f3n en Arroyo Manzano, Arroyo Hondo,\u00a0 que en la actualidad es en la \u00fanica zona donde no tiene unidades. El tiempo promedio de respuesta ante el llamado de cada emergencia es de 3 a 5 minutos, precisamente por la ubicaci\u00f3n estrat\u00e9gica de las estaciones cuando el promedio en pa\u00edses m\u00e1s desarrollados es de 6 a 8 minutos.<\/p>\n\n\n\n<p>Comunicaciones ADN<\/p>\n\n\n\n<p><a target=\"_blank\" href=\"mailto:Comunicaciones.ADN@adn.gob.do\" rel=\"noreferrer noopener\">Comunicaciones.ADN@adn.go<\/a><\/p>\n\n\n\n<p><strong>Direccion de Comunicaciones<\/strong><\/p>\n\n\n\n<p><strong>Domingo 10 de Marzo 2024<\/strong><\/p>\n","protected":false},"excerpt":{"rendered":"<p>link para descargar video:&nbsp;https:\/\/we.tl\/t-X0ctZsKlue Como ya es tradici\u00f3n cada a\u00f1o, el Cuerpo de Bomberos realiz\u00f3 un recorrido por las calles de la capital llevando alegr\u00eda a ni\u00f1os y adultos. Santo Domingo D.N.- El Cuerpo de Bomberos del Distrito Nacional, en coordinaci\u00f3n con la Alcald\u00eda del DN celebr\u00f3 su 96 aniversario y el D\u00eda del Bombero [&hellip;]<\/p>\n","protected":false},"author":28,"featured_media":514229,"comment_status":"closed","ping_status":"","sticky":true,"template":"","format":"standard","meta":{"footnotes":""},"categories":[20,27],"tags":[],"class_list":["post-514228","post","type-post","status-publish","format-standard","has-post-thumbnail","hentry","category-dominicana-hoy","category-portada"],"_links":{"self":[{"href":"https:\/\/diariodominicano.com\/index.php?rest_route=\/wp\/v2\/posts\/514228","targetHints":{"allow":["GET"]}}],"collection":[{"href":"https:\/\/diariodominicano.com\/index.php?rest_route=\/wp\/v2\/posts"}],"about":[{"href":"https:\/\/diariodominicano.com\/index.php?rest_route=\/wp\/v2\/types\/post"}],"author":[{"embeddable":true,"href":"https:\/\/diariodominicano.com\/index.php?rest_route=\/wp\/v2\/users\/28"}],"replies":[{"embeddable":true,"href":"https:\/\/diariodominicano.com\/index.php?rest_route=%2Fwp%2Fv2%2Fcomments&post=514228"}],"version-history":[{"count":4,"href":"https:\/\/diariodominicano.com\/index.php?rest_route=\/wp\/v2\/posts\/514228\/revisions"}],"predecessor-version":[{"id":514244,"href":"https:\/\/diariodominicano.com\/index.php?rest_route=\/wp\/v2\/posts\/514228\/revisions\/514244"}],"wp:featuredmedia":[{"embeddable":true,"href":"https:\/\/diariodominicano.com\/index.php?rest_route=\/wp\/v2\/media\/514229"}],"wp:attachment":[{"href":"https:\/\/diariodominicano.com\/index.php?rest_route=%2Fwp%2Fv2%2Fmedia&parent=514228"}],"wp:term":[{"taxonomy":"category","embeddable":true,"href":"https:\/\/diariodominicano.com\/index.php?rest_route=%2Fwp%2Fv2%2Fcategories&post=514228"},{"taxonomy":"post_tag","embeddable":true,"href":"https:\/\/diariodominicano.com\/index.php?rest_route=%2Fwp%2Fv2%2Ftags&post=514228"}],"curies":[{"name":"wp","href":"https:\/\/api.w.org\/{rel}","templated":true}]}}