{"id":51410,"date":"2018-08-25T01:24:30","date_gmt":"2018-08-25T01:24:30","guid":{"rendered":"http:\/\/diariodominicano.ddns.net\/?p=51410"},"modified":"2025-11-08T12:32:27","modified_gmt":"2025-11-08T16:32:27","slug":"hato-mayor-del-rey-sabana-de-la-mar-y-el-valle-tesoros-ecologicos","status":"publish","type":"post","link":"https:\/\/diariodominicano.com\/?p=51410","title":{"rendered":"HATO MAYOR DEL REY, SABANA DE LA MAR Y EL VALLE:  TESOROS  ECOL\u00d3GICOS"},"content":{"rendered":"<p><body><\/p>\n<p><img decoding=\"async\" src=\"img3\/Hato-Mayor-del-Rey III.jpg\" \/><br \/><img decoding=\"async\" src=\"img3\/Hato-Mayor-del-Rey II.jpg\" \/><br \/><img decoding=\"async\" src=\"img3\/Hato-Mayor-del-Rey I.jpg\" \/>  <\/p>\n<p><strong>                             POR TE\u00d3FILO LAPPOT ROBLES <\/strong><\/p>\n<p><strong>  <\/strong><\/p>\n<p><strong>Provincia Hato Mayor<\/strong><\/p>\n<p>La provincia de Hato Mayor es  de reciente creaci\u00f3n. Surgi\u00f3 en virtud de la Ley 245 del 3 de diciembre del 1984, cuyo art\u00edculo 7 establece que entrar\u00eda en vigencia, \u00aba partir del d\u00eda primero de  enero de 1985&#8230;\u00bb1<\/p>\n<p>El primer p\u00e1rrafo de dicha ley indica  \u00abque el municipio de Hato Mayor manifiesta una pujanza extraordinaria que lo coloca al lado de otros municipios cabecera de provincia de la Regi\u00f3n Oriental del pa\u00eds\u00bb.<\/p>\n<p>Hato Mayor fue declarada la primera provincia ecotur\u00edstica del pa\u00eds, al amparo de la Ley 77-02, del 19 de junio del 2002, cuya literatura dice que esa provincia \u00abencierra ecosistemas de gran valor para preservar la biodiversidad de la Rep\u00fablica Dominicana&#8230;\u00bb y que adem\u00e1s \u00abesos ecosistemas deben contribuir, por su riqueza biol\u00f3gica y por los paisajes naturales que se desprenden de ellos, a mejorar las condiciones de vida y de trabajo de las poblaciones  que habitan la provincia de Hato Mayor&#8230;\u00bb2 <\/p>\n<p>La provincia Hato Mayor tiene dos \u00e1reas protegidas: El Parque Nacional de los Haitises,  el cual casi en su totalidad est\u00e1 dentro de su territorio, y  el Refugio de Vida Silvestre de la Jina, en el entorno de Sabana de la Mar, con una significativa poblaci\u00f3n de manglares.<\/p>\n<p>Es una provincia costera, pues su municipio Sabana de la Mar est\u00e1 frente a la bah\u00eda de San Lorenzo (antes llamada Bah\u00eda de las Perlas).<\/p>\n<p>Sus principales r\u00edos y arroyos son Yanigua, Yab\u00f3n, Sano, Mojica, Lajas,  Mart\u00edn, Cuar\u00f3n, Bibiana,  Higuamo, Magu\u00e1, Magar\u00edn y Cibao ( estos dos \u00faltimos son tributarios del r\u00edo Soco).<\/p>\n<p>La provincia de Hato Mayor es una de las zonas donde mayor cantidad de cacao se produce en el pa\u00eds. Hay decenas de centros de acopio, secaderos, distribuci\u00f3n y comercializaci\u00f3n de dicho producto. Sus productores se han organizado y son grandes exportadores. <\/p>\n<p>Tambi\u00e9n es famosa por sus c\u00edtricos, especialmente naranjas, limones, mandarinas y toronjas.<\/p>\n<p>Su agropecuaria es de alta importancia en la econom\u00eda nacional, por tener una selecta ganader\u00eda de carne y leche y por la gran producci\u00f3n agr\u00edcola que abastece  de alimentos de la tierra a cientos de miles de dominicanos y extranjeros.<\/p>\n<p>Los municipios que forman la provincia de Hato Mayor son Hato Mayor del Rey, Sabana de la Mar y El Valle, los cuales est\u00e1n cortejados por los distritos municipales Yerba Buena, Mata Palacio, Guayabo Dulce y Elupina Cordero de Las Ca\u00f1itas, as\u00ed como por decenas de secciones, parajes, barrios y sectores.<\/p>\n<p>El territorio correspondiente a esos lugares est\u00e1 coronado por una extraordinaria riqueza natural compuesta por valles, monta\u00f1as, r\u00edos, saltos, arroyos, litoral marino, cuevas, minerales, una variada flora, que abarca una poblaci\u00f3n de mangles bot\u00f3n, prieto y blanco y  un cat\u00e1logo diversificado de una fauna tan diversa que incluye cotorras y pericos end\u00e9micos de la zona.<\/p>\n<p>Origen  y controversias sobre el nombre del municipio  Hato Mayor del Rey<\/p>\n<p>La ciudad de Hato Mayor del Rey es la capital de la provincia hom\u00f3nima.<\/p>\n<p>Donde hoy est\u00e1 esa ciudad, as\u00ed como las comarcas aleda\u00f1as, eran hatos propiedad de la c\u00fapula imperial espa\u00f1ola, con el rey Carlos V a la cabeza. En los tiempos precolombinos formaba parte del Cacicazgo de Hig\u00fcey.<\/p>\n<p>Hay diferentes opiniones y  controversias sobre el surgimiento de esa ciudad y especialmente sobre su nombre.<\/p>\n<p>Varios historiadores y comentaristas as\u00ed lo han dejado establecido en sus escritos.<\/p>\n<p>Uno de ellos arranca su versi\u00f3n as\u00ed:\u00bb&#8230;En una hacienda llamada Hato Mayor del Rey, en la jurisdicci\u00f3n de El Seybo se halla otra ermita dedicada a nuestra Se\u00f1ora de las Mercedes, y en ella hay una cofrad\u00eda, extremadamente indecente (la ermita, se entiende), su techo, seg\u00fan parece fue cubierto de hojas de palma &#8230;\u00bb3 <\/p>\n<p> Otro lo plantea de esta manera: \u00abEl Alf\u00e9rez Real Don Antonio Coca y Landeche, heredero del mayorazgo de los D\u00e1vila fundado en 1520, erigi\u00f3 una ermita en el lugar en donde est\u00e1 actualmente la Villa de Hato Mayor, que dio origen a una aldea que fue conocida desde el principio con el nombre de Hato Mayor del Rey.\u00bb4 <\/p>\n<p>Un educador, periodista, notario e historiador nativo de Hig\u00fcey, pero radicado en Hato Mayor del Rey, donde falleci\u00f3 ya centenario, sostuvo siempre que ese nombre era \u00abpor ser el Mayor Hato donado en la isla por los Reyes Espa\u00f1oles a su oficial\u00bb.5 <\/p>\n<p>Un educador e historiador hatomayorense de gran credibilidad escribi\u00f3 al respecto: \u00abTanto las tierras de Hato Mayor del Rey como las de Hato Nuevo, etc. formaba parte del Mayorazgo de D\u00e1vila, instituido en la ciudad de Santo Domingo el 23 de agosto de 1554 por el Regidor Don Francisco D\u00e1vila, en la persona de su sobrino Gaspar, hijo de su hermana Ana D\u00e1vila, mujer de Hernando de Birlonga\u00bb.6<\/p>\n<p>Un conocido historiador, educador y Obispo nativo de Salcedo, quien tuvo una gran incidencia en la vida p\u00fablica nacional, escribi\u00f3 unas interesantes notas sobre ese tema, teniendo como n\u00facleo central su duda sobre el apelativo \u00abdel Rey\u00bb, concluyendo as\u00ed: \u00ab&#8230;creo que se puede deducir claramente que lo de Hato Mayor del Rey es bastante moderno, y que se usa mucho lenguaje po\u00e9tico\u00bb.7 <\/p>\n<p>Uno de los mayores atractivos urbanos del municipio de Hato Mayor del Rey es su parque municipal, que lleva el nombre de Mercedes de la Rocha, quien fue la donante, en el 1888, de los terrenos donde hoy est\u00e1 el actual pueblo, que  al principio se conoc\u00eda como El Jato. Una tarja en dicho parque p\u00fablico confirma lo anterior.<\/p>\n<p>Hato Mayor del Rey fue declarado com\u00fan de El Seybo el 24 de julio de 1844, mediante decreto No.14 de la Junta Central Gubernativa.<\/p>\n<p>Pero fue degradado a Secci\u00f3n mediante la Ley No.40 del 9 de junio de 1845, seg\u00fan se lee en el tomo 1 de la Colecci\u00f3n de Leyes de dicho a\u00f1o. Los motivos no fueron expl\u00edcitos ni hubo justificaci\u00f3n f\u00e1ctica para tal decisi\u00f3n.8 <\/p>\n<p>Despu\u00e9s de los escarceos de rigor de sus habitantes y entendiendo el error anterior, el Congreso Nacional decidi\u00f3 devolverle a Hato Mayor del Rey su condici\u00f3n de com\u00fan, lo cual hizo mediante el decreto n\u00famero 174 de fecha 11 de octubre de 1848.<\/p>\n<p>Durante el r\u00e9gimen anexionista Hato Mayor del Rey fue convertido en Comandancia de Armas de El Seibo. As\u00ed consta en una decisi\u00f3n dictada por la Capitan\u00eda General el 24 de agosto de 1861.9<\/p>\n<p>Al desaparecer la Anexi\u00f3n, Hato Mayor del Rey volvi\u00f3 a su condici\u00f3n de com\u00fan de la provincia de El Seybo, mediante  el decreto 860 del 12 de agosto de 186<strong>5.<\/strong><\/p>\n<p><strong>                   La Restauraci\u00f3n en Hato Mayor del Rey<\/strong><\/p>\n<p>El 4 de mayo de 1863 Antonio Sosa, el  principal funcionario anexionista de Hato Mayor del Rey, recibi\u00f3 la orden de encabezar 700 hombres del Ej\u00e9rcito y de las reservas, con dos piezas de artiller\u00eda. El mandato expreso era de dirigirse al lugar conocido como Los Barros \u00abdonde se hallaba el enemigo&#8230;.\u00bb<\/p>\n<p>En la madrugada del 7 de abril de 1863 hubo en Hato Mayor del Rey un enfrentamiento entre los patriotas restauradores y las autoridades y jen\u00edzaros anexionistas.  La acci\u00f3n fue sangrienta, con decenas de muertos.<\/p>\n<p>El 25 de mayo de 1863 el comandante de Hato Mayor del Rey recibi\u00f3 \u00f3rdenes directas, y de ejecuci\u00f3n inmediata, del General Pedro Santana, en su condici\u00f3n de jefe anexionista, para que \u00aba la cabeza de 600 hombres del Ej\u00e9rcito y las Reservas y una pieza de artiller\u00eda y dirigirse a Yerba Buena y Sabana Burro en busca del enemigo con objeto de abatirlo&#8230;.\u00bb10 <\/p>\n<p>Sabana de la Mar<\/p>\n<p>Sobre la fundaci\u00f3n de Sabana de la Mar consta en el Archivo General de la Naci\u00f3n la siguiente nota hist\u00f3rica: \u00abEntregar al Sr. Benito D\u00edaz Carneyro, seis mil reales como administrador de la nueva poblaci\u00f3n de Nuestra Se\u00f1ora del Pilar de Sabana de la Mar para la continuaci\u00f3n de ella&#8230;\u00bb \u00abPagar noventa y seis reales a Juan Baptista, Maestro Carpintero, por su trabajo y la madera que puso en el marco para la l\u00e1mina de Ntra. Sra. Del Pilar que se hizo en Sabana de la Mar.\u00bb11<\/p>\n<p>Aunque es oportuno decir que en el Archivo General de Indias hay informaciones ligeramente diferentes, que hacen referencia a la decisi\u00f3n del jefe colonial Manuel Azlor instruyendo a familias canarias para ir al lugar a fundar el pueblo con esta precisi\u00f3n que aparece en un libro cl\u00e1sico que versa sobre lo que hoy es la Rep\u00fablica Dominicana: \u00abEn siete de mayo (1790) damos en data doscientos diez y seis reales pagados a don Benito D\u00edaz Carneiro por su asistencia  y trabajo personal a reconocer, medir  y tasar las tierras en que  se ha de  fundar  el Pueblo de Sabana de la Mar, en la ocupaci\u00f3n de diez y ocho d\u00edas a diez y ocho reales cada uno.\u00bb12 <\/p>\n<p> Al comentar la fundaci\u00f3n de Sabana de la Mar con familias canarias el anotador de la obra aludida, Idea del valor la isla Espa\u00f1ola, dice: \u00ab&#8230;.pero con tan infeliz suceso, que no han podido pasar de pobres Rancher\u00edas, as\u00ed por la humedad de aquellas tierras montuosas, que no han podido ventilarse con el corte de las arboledas por los pocos pobladores y por falta de Negros, como por defecto de un comercio capaz de suplir estos inconvenientes&#8230;.\u00bb <\/p>\n<p> En dicho libro su autor conecta la situaci\u00f3n de Sabana de la Mar con lo indicado por  el escritor y diplom\u00e1tico franc\u00e9s Weuves, en su libro  Reflexiones hist\u00f3ricas y pol\u00edticas sobre el comercio de Francia con sus colonias de Am\u00e9rica. (traducci\u00f3n libre, pues el libro fue publicado en franc\u00e9s en 1780).13 <\/p>\n<p>Sabana de la Mar es la \u00fanica ciudad  con costa marina de la provincia Hato Mayor.<\/p>\n<p>La opini\u00f3n m\u00e1s socorrida es que esa poblaci\u00f3n en realidad fue fundada  en el 1756. Desde 1795 hasta 1801 perteneci\u00f3 a La Vega. Fue el general haitiano Toussaint Louverture que la convirti\u00f3 en una secci\u00f3n del Seybo, que a su vez  formaba parte del llamado Departamento Ozama.<\/p>\n<p>En el 1821 a Sabana de la Mar la convirtieron en un puesto militar adscrito a la com\u00fan de El Seybo.<\/p>\n<p>El 5 de septiembre de 1854, mediante la Ley No.355, la cual trataba sobre administraci\u00f3n provincial, se le transfiri\u00f3 a puesto militar de Saman\u00e1 ( tal y como se comprueba en la p\u00e1gina 608 del tomo 2 de la Colecci\u00f3n de Leyes de dicho a\u00f1o).<\/p>\n<p>En los primeros meses del gobierno anexionista, el 24 de agosto de 1861 se dict\u00f3 una Resoluci\u00f3n convirtiendo a Sabana de la Mar en \u00abcomandancia de armas del Gobierno Pol\u00edtico y Militar de Saman\u00e1\u00bb.<\/p>\n<p>Volvi\u00f3 a ser Puesto Militar de Saman\u00e1 mediante Decreto No.824 dictado por la Convenci\u00f3n Nacional el 11 de marzo de 1865.<\/p>\n<p>Cuando fue abolido de nuestro ordenamiento territorial lo de Puestos Militares, Sabana de la Mar pas\u00f3 a ser Puesto Cantonal, al tenor de lo dispuesto por la Constituci\u00f3n votada el 24 de mayo de 1874.<\/p>\n<p>En el tomo 7 de la Colecci\u00f3n de Leyes de 1876 (p\u00e1gina 59), figura el decreto No.1525, del 23 de mayo de dicho a\u00f1o, mediante el cual Sabana de la Mar fue transformada en com\u00fan de Saman\u00e1. As\u00ed estuvo hasta el 27 de junio de 1938.<\/p>\n<p>Como com\u00fan pas\u00f3 a formar parte de la provincia de El Seybo, a trav\u00e9s de la Ley No.1525 del 27 de junio de 1938, inserta en la Gaceta Oficial No.5183.<\/p>\n<p>Desde el primero de enero de 1984 es uno de los municipios que integran la provincia Hato Mayor,  al tenor de la Ley 245, de dicho a\u00f1o.<\/p>\n<p>Muchas cosas caracterizan a Sabana de la Mar y a los sabanalamarinos, pero una que no puede pasarse por alto son las famosas y sabrosas minutas.<\/p>\n<p>Dicen que el filete de ese pez, frito envuelto en una  masa hecha con huevos, leche y galletas molidas, es la delicia de nativos y visitantes.<\/p>\n<p>Hay un gran intercambio de mercanc\u00eda y  movimiento de personas entre Sabana de la Mar y Saman\u00e1. El viaje en barco  dura aproximadamente una hora.<\/p>\n<p>El paisaje marino de Sabana de la Mar es de mangles y cocoteros, con arenales esparcidos por gran parte de su costa. Sus r\u00edos Yab\u00f3n, Ca\u00f1o Hondo y Ca\u00f1o Chiquito desembocan en el mar. <\/p>\n<p>El Valle<\/p>\n<p>El Valle fue fundado en el 1800, a poca distancia de donde est\u00e1  el actual poblado. Sus principales fuentes de ingresos econ\u00f3micos a trav\u00e9s del tiempo han sido la ganader\u00eda, el cacao, los c\u00edtricos, el \u00e1mbar, la palma africana y el turismo ocasional.<\/p>\n<p>Originalmente pertenec\u00eda a Sabana de la Mar. Mediante la Ley 1111, del 26 de mayo de 1939, se le design\u00f3 con infamia como Villa Trujillo.<\/p>\n<p>Mediante la Ley 5457, promulgada el 23 de diciembre de 1960, fue elevado a Distrito Municipal.<\/p>\n<p>Mediante la hist\u00f3rica y rectificadora Ley 5678, del 25 de noviembre de 1961, se le devolvi\u00f3 su antiguo nombre de El Valle, borrando para siempre la imposici\u00f3n dictatorial  de que fue v\u00edctima.<\/p>\n<p>A la categor\u00eda de municipio fue llevado el primero de enero de 1982. Al crearse la provincia de Hato Mayor, en el 1984, pas\u00f3 a formar parte de la misma. Se ubica  a poco m\u00e1s de 30 kil\u00f3metros de la capital provincial. Sus habitantes son conocidos como valleros.<\/p>\n<p>\u00c1mbar en El Valle<\/p>\n<p>El municipio de El Valle alberga varias minas de la hermosa resina vegetal llamada \u00e1mbar, que los arque\u00f3logos dicen que se forma principalmente por emanaciones de ramas y troncos quebrados del \u00e1rbol conocido como algarrobo.<\/p>\n<p>El color de \u00e1mbar m\u00e1s cotizado es el azul, por el impacto visual que el mismo provoca, pero tambi\u00e9n los hay de colores blanco, rojo y amarillo. En muchas piezas de \u00e1mbar se han encontrado f\u00f3siles de insectos y otros animales, as\u00ed como sustancias org\u00e1nicas que han permitido hacer estudios avanzados sobre c\u00f3mo era el universo hace millones de a\u00f1os. <\/p>\n<p>Los yacimientos principales est\u00e1n situados por los alrededores del kil\u00f3metro 20 de la carretera que une los municipios de Hato Mayor del Rey y El Valle, girando luego unos 10 kil\u00f3metros \u00abtierra adentro\u00bb, ya en territorio de este \u00faltimo municipio, en el lugar conocido como Siete Cabezas.<\/p>\n<p>El \u00e1mbar no est\u00e1 en la superficie. Hay que penetrar a las profundidades de la tierra para obtener ese preciado mineral de origen vegetal.<\/p>\n<p>No hace muchos a\u00f1os el municipio de El Valle ten\u00eda como buque insignia de su peque\u00f1a econom\u00eda la extracci\u00f3n y venta de \u00e1mbar, pero por m\u00faltiples razones ya no es as\u00ed, aunque todav\u00eda hay algunos recolectores del mismo que lo buscan afanosamente en algunos de los m\u00e1s de 100 pozos abiertos en la zona.  <\/p>\n<p>Oportuno es recordar que en el 1993 fue famosa en todo el mundo una pel\u00edcula llamada Jurassic Park, uno de cuyos tramos fue rodado en el pa\u00eds, teniendo como elemento principal una pieza de \u00e1mbar con un f\u00f3sil de diminuto dinosaurio, extra\u00edda de las entra\u00f1as de la Cordillera Septentrional, en la zona de Puerto Plata.<\/p>\n<\/p>\n<p>Visi\u00f3n de un extranjero  sobre  lugares de Sabana de la Mar y El Valle<\/p>\n<p>Un curioso turista estadounidense, de nombre A. Hyatt Verril, quien estuvo en el pa\u00eds en el a\u00f1o 1919, hizo un relato de su experiencia en esta zona del pa\u00eds, describiendo las bellezas del paisajes desde la bah\u00eda de San Lorenzo hasta el poblado de El Valle y comentando la hospitalidad de la gente, las plantaciones de cacao de una empresa extranjera, con un peque\u00f1o tren que transportaba los granos de cacao para el secadero y luego hasta su lugar de embarque en Sabana de la Mar, la abundancia  de palomas y cotorras y los arroyos copados de patos.<\/p>\n<p>\u00ab&#8230;la tierra es f\u00e9rtil y el valle es llano y libre de densos bosques maderables&#8230;Las atracciones para cazadores y pescadores son estupendas&#8230;Desde Ca\u00f1a Honda uno puede hacer una excursi\u00f3n hacia el interior, hasta El Valle, un peque\u00f1o poblado situado en medio de una vasta pradera, con floresta aqu\u00ed y all\u00e1, en peque\u00f1as ca\u00f1adas&#8230;La pradera en algunos lugares es algo pantanosa&#8230;aqu\u00ed el deportista puede encontrar el mejor lugar para la caza de gallinas de agua&#8230;\u00bb14<\/p>\n<p>Cueva Fun Fun<\/p>\n<p>En realidad Fun Fun no es una cueva, sino un sistema de numerosas cuevas que cubren una amplia \u00e1rea de cerca de 30 kil\u00f3metros de longitud, dentro de la provincia Hato Mayor (17 km hacia su lado oeste), de los cuales hasta ahora se han explorado unos 8 kil\u00f3metros y 2 kil\u00f3metros disponibles para el deleite y la subida de adrenalina de los visitantes.<\/p>\n<p>En el interior de Fun Fun  nace y discurre el r\u00edo El Almirante, creando meandros, t\u00faneles y pasadisos acu\u00e1ticos de singular belleza.<\/p>\n<p>Dicen los expertos en la materia que esas enormes cavidades tuvieron un proceso de formaci\u00f3n de m\u00e1s de 20 millones de a\u00f1os, combinando la estructura del terreno con el agua y conchas de corales marinos.<\/p>\n<p>En el primer tramo, desde la entrada de la cueva, y luego de descender decenas de metros, bajo la superficie, reinan las estalactitas y las estalagmitas.<\/p>\n<p>All\u00ed se observa vida normal y activa de diversas especies de insectos, aves (especialmente golondrinas en permanente movimientos), peces y crust\u00e1ceos.<\/p>\n<p>Los Haitises<\/p>\n<p>La casi totalidad del Parque Nacional de los Haitises pertenece a la provincia Hato Mayor, como indiqu\u00e9 m\u00e1s arriba.<\/p>\n<p>En un relato antiguo, tal vez del siglo XIX, los Haitises son descritos en parte as\u00ed: \u00abCuevas que son important\u00edsimas. Se encuentran en la com\u00fan de Sabana de la Mar, en varios islotes de la costa Sur de la bah\u00eda de Saman\u00e1, entre las desembocaduras de los r\u00edos San Lorenzo y Naranjo. Las cuevas de los Hait\u00eds son muchas, pero las principales son las siguientes: Las Cuevas Blancas, son dos y no ofrecen mucho inter\u00e9s; en ellas se han encontrado algunas osamentas de ind\u00edgenas. La Cueva de San Gabriel es peque\u00f1a pero interesante. Tiene amontonada una cantidad inmensa de caracoles, como de ocho metros de espesor&#8230;La Cueva del Infierno, que no tiene ning\u00fan inter\u00e9s&#8230;.La Cueva de la Cal, que no presenta m\u00e1s que dos figuras talladas en la roca&#8230;La Cueva del Templo, la m\u00e1s importante de todas, por sus pinturas de l\u00edneas negras, y preciosas inscripciones talladas en la roca&#8230;\u00bb15 <\/p>\n<p>              Hato Mayor: territorio de los llamados gavilleros<\/p>\n<p>Ha quedado demostrado que la generalizaci\u00f3n del t\u00e9rmino gavilleros, para referirse a los diferentes grupos de hombres y mujeres armados que se mov\u00edan por los campos del Este dominicano, fue una manipulaci\u00f3n grosera para confundir a la poblaci\u00f3n dominicana, present\u00e1ndolos a todos como bandas de fascineros.<\/p>\n<p>Aunque algunos grupos se dedicaban a cometer fechor\u00edas, lo cierto es que otros actuaban por razones pol\u00edticas, y luego de la invasi\u00f3n estadounidense de 1916 la mayor\u00eda actuaba impulsada por motivos patri\u00f3ticos.<\/p>\n<p>La contrainteligencia de los invasores norteamericanos fue la que m\u00e1s enfatiz\u00f3 en resaltar el dicho mote, buscando con ello desprestigiar a esos  combatientes. <\/p>\n<p>Es el secuestro de la historia de que habl\u00f3 muchas veces el historiador cubano Manuel Moreno Fraginals.<\/p>\n<p>El 14 de marzo de 1916 el Jefe Comunal de Hato Mayor dirigi\u00f3 un informe a la Secretar\u00eda de Interior y Polic\u00eda en el cual dec\u00eda de manera tajante que esa comunidad \u00ab&#8230; era la verdadera madriguera del gavillaje de la Rep\u00fablica.\u00bb<\/p>\n<p>Una acad\u00e9mica e historiadora dominicana public\u00f3 una obra de gran trascendencia para conocer el fen\u00f3meno de grupos de alzados en armas que operaron en varios puntos del pa\u00eds, pero especialmente en los campos del Este, en el per\u00edodo comprendido entre 1904 y 1916.<\/p>\n<p>Uno de los puntos donde actuaban esos grupos era el \u00e1rea rural del hoy municipio de  Hato Mayor del Rey.<\/p>\n<p>La referida autora divide esos grupos en dos bloques: los que se dedicaban per se a cometer fechor\u00edas, como cuatrerismo y otras figuras castigadas por el C\u00f3digo Penal Dominicano, y los que se alzaban por seguimiento a caudillos regionales que en determinados momentos quedaban fuera del poder.<\/p>\n<p>Menciona los nombres de algunos de  los que encabezaban esos grupos irregulares, entre ellos a Salustiano Goicoechea, alias Chach\u00e1 y Fidel Ferrer, quienes unieron sus fuerzas en la secci\u00f3n Yerba Buena de Hato Mayor.<\/p>\n<p>Tambi\u00e9n se refiere a  Pedro Celestino del Rosario, mejor conocido como Tolete, alzado en armas en el 1915 \u00ab&#8230;quien ten\u00eda un grupo  que en mayo merodeaba entre Guayabo Dulce y Yerba Buena\u00bb.  <\/p>\n<p>La aludida autora transcribi\u00f3 varios informes de diversas autoridades regionales; como uno enviado el primero de agosto de 1908 por el Gobernador de El Seybo a la Secretar\u00eda de Interior y Polic\u00eda en el cual se\u00f1alaba que: <\/p>\n<p>\u00ab&#8230;En las comunes de Hig\u00fcey y Hato Mayor vagan impunemente los criminales y son protegidos por las autoridades de esos lugares&#8230;\u00bb; pero con propiedad aclara la historiadora referida que \u00abalgunos de los cabecillas alzados no se les daba el tratamiento de gavillero, como por ejemplo Apolinar Rey; quien estaba alzado junto con Dalmau en los alrededores de Hato Mayor a fines de diciembre de 1905.\u00bb16<\/p>\n<p>Se han publicado varios libros sobre los llamados gavilleros de Hato Mayor y otras comunidades del Este del pa\u00eds, pero uno de los m\u00e1s esclarecedores, a mi juicio,  lo escribi\u00f3 F\u00e9lix Servio Ducoudray hijo.<\/p>\n<p>Ese autor advierte que es \u00abun libro de refutaciones contra la leyenda negra que llev\u00f3 a ponerle, al guerrillero patriota de entonces, el sambenito de gavilleros&#8230;\u00bb<\/p>\n<p>Dicho esto porque una cosa eran  algunos de los grupos armados que se mov\u00edan en las zonas rurales antes de 1916 y otra muy diferente eran los campesinos en armas que con Vicente Evangelista, Ram\u00f3n Bat\u00eda, Mart\u00edn Peguero y otros al frente se enfrentaron a los invasores estadounidenses.<\/p>\n<p>Pero a\u00fan Ducoudray deja entrever excepciones. Es decir que algunos elementos bajo el paraguas de guerrilleros rurales actuaban en plan de rufianes.<\/p>\n<p>Cita, en la p\u00e1gina 18 de su obra sobre estos grupos armados, encajando en la excepcionalidad referida precedentemente, el oficio No.78, despachado por el S\u00edndico de Hig\u00fcey Andr\u00e9s Pumarol al gobernador de El Seibo, el 30 de agosto de 1920: <\/p>\n<p>\u00abEn los Palitos, secci\u00f3n de Santana, quemaron los alzados las casas de C\u00e1stulo y Andr\u00e9s Guerrero. En la secci\u00f3n de Matachalupe los mismos quemaron las casas de Rufino S\u00e1nchez y F\u00e9lix Lappot. En las Limas los mismos quemaron la casa de Rufina Jim\u00e9nez.\u00bb<\/p>\n<p>Uno de esos jefes de grupos armados desplegados en las zonas rurales del Este del pa\u00eds,  que luego devino en patriota cuando la nefasta ocupaci\u00f3n del territorio nacional por la soldadesca estadounidense, fue un hatomayorense  de esp\u00edritu aguerrido, descrito en una entrevista del pasado as\u00ed: \u00ab&#8230;Ram\u00f3n Bat\u00eda tiene 24 a\u00f1os y 24 balazos en el cuerpo; naci\u00f3 en Hato Mayor&#8230;sus propiedades est\u00e1n en \u00absan Francisco\u00bb, secci\u00f3n de la com\u00fan de Hato Mayor.\u00bb<\/p>\n<p>\u00abUna cosa, pues, resulta cierta: mientras hubo gobierno directo de interventores for\u00e1neos, la tenacidad patri\u00f3tica de los dominicanos se mantuvo alzada en armas en el monte.\u00bb17 <\/p>\n<p><strong>Dos Presidentes de la Rep\u00fablica nacidos en  Hato Mayor del Rey<\/strong><\/p>\n<\/p>\n<p>En el municipio de Hato Mayor del Rey nacieron dos figuras, padre e hijo, que luego alcanzar\u00edan la Presidente de la Rep\u00fablica.<\/p>\n<p>Pedro Guillermo: Naci\u00f3 en Hato Mayor del Rey el 29 de junio de 1814. Fue militar, pol\u00edtico, ganadero y maderero. Su muerte violenta se produjo cuando ten\u00eda 52 a\u00f1os de edad, el 18 de febrero de 1867, en la ciudad de El Seybo.<\/p>\n<p>Fue Presidente provisional de la Rep\u00fablica por unos cuantos d\u00edas, desde el 15 de noviembre de 1865 hasta el 8 de diciembre de ese mismo a\u00f1o. Fue el a\u00f1o en que el pa\u00eds tuvo seis presidentes (Gaspar Polanco, Benigno Filomeno Rojas, Pedro Antonio Pimentel, Jos\u00e9 Mar\u00eda Cabral, Pedro Guillermo y Buenaventura B\u00e1ez).18 <\/p>\n<p>Pedro Guillermo fue un heroico combatiente independentista y tambi\u00e9n lo fue en las luchas de la Restauraci\u00f3n. Es decir que enfrent\u00f3 a los invasores haitianos, quienes expulsados del territorio nacional pretend\u00edan volver a sojuzgar al pueblo dominicano; y tambi\u00e9n se enfrent\u00f3 a los anexionistas, espa\u00f1oles y criollos, que hab\u00edan aniquilado la soberan\u00eda nacional.<\/p>\n<p>Como independentista tuvo activa presencia en las  batallas de El N\u00famero, 19 de Marzo, La Estrelleta y Las Carreras.<\/p>\n<p>Al producirse la Anexi\u00f3n a Espa\u00f1a protagoniz\u00f3, el 2 de octubre de 1863, el primer levantamiento que contra esa fatal decisi\u00f3n se hizo en Hato Mayor del Rey. Las secciones Mata Palacio, La Plaza, Capote, Pulgar\u00edn, Ant\u00f3n S\u00e1nchez, Guajaba y Yerba Buena fueron los escenarios de sus enfrentamientos con los anexionistas. De este \u00faltimo lugar fue nombrado Jefe de Operaciones  de los restauradores el 22 de octubre de 1864.<\/p>\n<p>Pero su fervor por el caudillo Buenaventura B\u00e1ez lo llev\u00f3 a la errada creencia de que s\u00f3lo este pod\u00eda gobernar el pa\u00eds. Por eso cuando B\u00e1ez no estaba en el poder Guillermo se convert\u00eda en una zozobra, especialmente para el General Jos\u00e9 Mar\u00eda Cabral y sus partidarios. Protagoniz\u00f3 varios levantamientos armados que afectaron la paz general del pa\u00eds.<\/p>\n<p>Apenas se obtuvo la Restauraci\u00f3n de la Rep\u00fablica form\u00f3 una Junta Gubernativa con asiento en El Seybo, con m\u00e1s viso de opereta que cualquier otra cosa.<\/p>\n<p>El 15 de octubre de 1865 sali\u00f3 desde Hig\u00fcey con cientos de hombres armados y no ces\u00f3 de avanzar hasta llegar a Santo Domingo el 8 de noviembre de dicho a\u00f1o. Exig\u00eda entonces que se le nombrara General\u00edsimo de la Campa\u00f1a del Este.<\/p>\n<p>Su belicosidad hacia todo el que no se alineaba a su pensamiento baecista lo llev\u00f3 al extremo de intentar herir con una espada, el 8 de diciembre de 1865, a Monse\u00f1or Fernando Arturo de Meri\u00f1o.<\/p>\n<p>En enero de 1866 volvi\u00f3 a levantarse en armas en Hato Mayor del Rey contra el gobierno del General Jos\u00e9 Mar\u00eda Cabral.<\/p>\n<p>La primera espada de la Restauraci\u00f3n escribi\u00f3 en su autobiograf\u00eda lo siguiente: \u00ab&#8230;apareci\u00f3 en la provincia del Seibo un levantamiento capitaneado por el coronel Pedro Guillermo, persona de mal\u00edsimos precedentes, proclamando al General Buenaventura B\u00e1ez, como caudillo del alzamiento.\u00bb19 <\/p>\n<p>Al fracasar el alzamiento del citado enero de 1866, Pedro Guillermo se axil\u00f3 en el Consulado de Francia en el pa\u00eds, lugar desde donde se fug\u00f3 el 11 de junio de 1866 y se refugi\u00f3 en un campo llamado El Salado, de Hig\u00fcey.<\/p>\n<p>El 20 de enero de 1867, al frente de una cuadrilla de hombres armados, pretendi\u00f3 tomar el control de la ciudad de Hato Mayor del Rey. Al  quedar derrotado en esa intentona golpista se retir\u00f3 a la zona rural, donde su guardaespaldas Francisco Suero, aprovechando que el le\u00f3n estaba dormido, lo golpe\u00f3 de muy mala manera y luego delat\u00f3 el escondite.<\/p>\n<p>As\u00ed las cosas fue llevado a la ciudad de El Seybo, donde el 18 de febrero de 1867 fue sometido un Consejo de Guerra Especial (designado por el entonces Presidente de la Rep\u00fablica General Jos\u00e9 Mar\u00eda Cabral).<\/p>\n<p>Dicho tribunal fue presidido por el General Manuel Rodr\u00edguez Obj\u00edo y como vicepresidentes actuaron los tenientes coroneles Juli\u00e1n Miranda y Juan Pili\u00e9. El   fiscal acusador fue el General Felim\u00f3n Lappot. Se orden\u00f3 el fusilamiento del ex Presidente Guillermo.20 <\/p>\n<p>La sentencia se materializ\u00f3 en el camposanto de aquella comunidad oriental el 18 de febrero de 1867, cuando fusileros encabezados por el General Jos\u00e9 Caminero  hicieron fuego contra Pedro Guillermo y algunos de sus partidarios.<\/p>\n<p>El fue el segundo mandatario dominicano fusilado. Como se observa en el itinerario vital de ese personaje, tuvo m\u00e9ritos patri\u00f3ticos, pero en las luchas pol\u00edticas internas su proceder atentaba contra las esencias mismas de la Rep\u00fablica. <\/p>\n<p>Ces\u00e1reo Guillermo Bastardo: Naci\u00f3 en el paraje la Rodada del hoy municipio de Hato Mayor del Rey, el 8 de marzo del 1847. Hijo del indicado Pedro Guillermo. Fue diputado, Ministro de Interior, Comandante de Armas en Hig\u00fcey y dos veces presidente de la Rep\u00fablica.<\/p>\n<p>Aunque lo reclutaron para ser parte de la reserva anexionista, ante el primer acto armado contra los espa\u00f1oles se comprob\u00f3 que \u00e9l favorec\u00eda la Restauraci\u00f3n  y  fue apresado el 2 de octubre de 1863, en un enfrentamiento librado en Hato Mayor del Rey. <\/p>\n<p>Al terminar la Guerra de Restauraci\u00f3n Ces\u00e1reo Guillermo fue de los prisioneros canjeados en Puerto Plata, el 22 de julio de 1865, entre restauradores y anexionistas.21<\/p>\n<p>Ces\u00e1reo Guillermo, contrario a su padre no era baecista extremo. En eso fue m\u00e1s bien intermitente, dependiendo de las coyunturas pol\u00edticas. Fue primero Presidente Provisional de la Rep\u00fablica, el 24 de febrero de 1878, al salir triunfante en la batalla efectuada en el lugar conocido entonces como Pomarrosa, que culmin\u00f3 con la huida de Buenaventura B\u00e1ez del gobierno. Algunos dicen que fue 9 d\u00edas despu\u00e9s que tom\u00f3 el poder.<\/p>\n<p>Luego gan\u00f3 las elecciones del 27 de febrero de 1879, presidiendo entonces un gobierno constitucional.<\/p>\n<p>Las dos veces que ejerci\u00f3 la Presidencia de la Rep\u00fablica tuvo administraciones  controversiales, por hechos ocurridos en el transcurso de las mismas.<\/p>\n<p>Siendo delegado en el Este de una Junta de Gobierno integrada por Pedro Garrido, Pablo Villanueva y Jos\u00e9 Castro, envi\u00f3 desde El Seybo al Ministerio de Interior y Polic\u00eda, en fecha 19 de octubre de 1876, una misiva que permite conocer el ambiente de convulsi\u00f3n pol\u00edtica que se viv\u00eda para entonces en el pa\u00eds:<\/p>\n<p>\u00abEl General Ces\u00e1reo Guillermo, en carta enviada a este Ministerio, informa sobre sus actividades para combatir las propagandas en favor de B\u00e1ez en la regi\u00f3n Este del pa\u00eds. Manifiesta haber dispersado a los facciosos envi\u00e1ndolos bajo vigilancia a distintos puntos de la Naci\u00f3n&#8230;menciona como cabecillas a los ciudadanos Wenceslao Cestero, Ram\u00f3n Castillo y Juan Gil&#8230;Menciona que quienes manejan desde la Capital el movimiento son Jos\u00e9 Ruiz y el General Le\u00f3n Glas.\u00bb22<\/p>\n<p>Se refugi\u00f3 en la secci\u00f3n Sombrero de Ban\u00ed, desde donde prepar\u00f3 una asonada para derrocar al gobierno del General Alejandro Woss y Gil. Desde all\u00ed se dirigi\u00f3 a Esteban\u00eda Azua. Sus planes se frustraron. Muri\u00f3 en el entonces paraje El Or\u00e9gano, campo de Azua, el 8 de noviembre de 1885. <\/p>\n<p>Al verse acorralado por sus contrarios, partidarios del temido Lil\u00eds, de tres balas que le quedaban les dispar\u00f3 dos  a sus persecutores y con la \u00faltima se suicid\u00f3. Antes se hab\u00eda escapado bajo una lluvia de tiros de una trampa que le tendieron en el puente de un lugar llamado Boca del V\u00eda.<\/p>\n<p> Lil\u00eds y Ces\u00e1reo Guillermo hab\u00edan tenido varios enfrentamientos, venciendo el primero al segundo en los combates del  paraje El Porquero en 1879, en Monte Plata, y tambi\u00e9n en la loma seybana de El Cabao, a finales de 1881, luego del c\u00e9lebre desembarco  que hizo por Punta Cana, Hig\u00fcey. <\/p>\n<p> Tan significativos eran para Lil\u00eds sus triunfos sobre Guillermo que hasta se piensa que el primero escog\u00eda para momentos importantes de su vida p\u00fablica la fecha en que derrot\u00f3 al segundo en un hecho b\u00e9lico escenificado en una protuberancia geogr\u00e1fica del Este del pa\u00eds.<\/p>\n<p>Con motivo de las controversiales elecciones en que Lil\u00eds se proclam\u00f3 ganador frente al General Casimiro Nemesio de Moya Pimentel, se esper\u00f3 el 6 de diciembre para hacer oficial el triunfo.<\/p>\n<p>\u00abNo sabemos si se eligi\u00f3 esa fecha por pura coincidencia, o para recordar la victoria sobre Ces\u00e1reo Guillermo el 6 de diciembre de 1879 en El Porquero, y tratar de que la poblaci\u00f3n comparara a este ca\u00eddo caudillo con Moya&#8230;\u00bb23<\/p>\n<p>Sobre este personaje escribi\u00f3 un cap\u00edtulo de un libro cl\u00e1sico de nuestra literatura  un gran novelista dominicano, se\u00f1alando que: \u00bb Meses atr\u00e1s, la Capital estupefacta vio cercada la casa del ex presidente Guillermo, herida su se\u00f1ora, muerto un yanqui, y \u00e9l, perseguido, despu\u00e9s de apagar a tiros las l\u00e1mparas, escapar por los patios, huyendo hasta ganar la provincia de Azua, en donde se alz\u00f3 en armas, y, vencido por su rival Heureaux, acosado, solo, a la postre muri\u00f3 por su propia mano\u00bb.24 <\/p>\n<p>Seg\u00fan un formidable escritor dominicano el legendario general de manigua Pablo Mam\u00e1, en su feudo  de Cambronal, en el valle de Neyba, sol\u00eda decir que su ca\u00edda en desgracia con Lil\u00eds era principalmente por haberle dado cobijo en una ocasi\u00f3n aciaga al ex presidente Ces\u00e1reo Guillermo.25 <\/p>\n<p><strong>Distritos Municipales de la Provincia Hato Mayor:<\/strong><\/p>\n<p><strong>Yerba Buena<\/strong><\/p>\n<p> La secci\u00f3n Yerba Buena, territorio del Municipio de Hato Mayor del Rey, fue elevada a Distrito Municipal mediante la Ley 134-97, la cual est\u00e1 inserta en la Gaceta Oficial No.9957, del 25 de junio de 1997.<\/p>\n<p>El Congreso Nacional adujo que era una comunidad con \u00abuna marcada pujanza econ\u00f3mica\u00bb para elevar su condici\u00f3n anterior.<\/p>\n<p>Mata Palacio<\/p>\n<p>Era secci\u00f3n hasta el 13 de octubre del a\u00f1o 2000, cuando fue promulgada la Ley 93-00, mediante la cual se elev\u00f3 a Distrito Municipal, del Municipio de Hato Mayor del Rey, con su sede principal en el poblado conocido como Morquecho.<\/p>\n<p>Esa decisi\u00f3n del Congreso Nacional favorable a Mata Palacio fue tomada en el marco de una exposici\u00f3n sobre su potencialidad ganadera y su  producci\u00f3n de c\u00edtricos, tabaco y casi 90 mil tareas cultivadas de ca\u00f1a de az\u00facar, en un territorio por donde cruzan \u00abdos r\u00edos, cuatro arroyos y 13 ca\u00f1adas\u00bb; adem\u00e1s de tener 31 parajes de los cuales dos fueron subidos a la categor\u00eda de secciones: Magu\u00e1 e Higuamo.<\/p>\n<p>Guayabo Dulce<\/p>\n<p>Ese distrito municipal perteneciente al municipio de Hato Mayor del Rey, Provincia Hato Mayor, fue creado mediante la Ley n\u00famero 100-01, promulgada el 8 de junio del 2001. <\/p>\n<p>En dicho texto legal  se indica que esa categor\u00eda le correspond\u00eda a este territorio del oriente dominicano  porque \u00abla secci\u00f3n Guayabo Dulce  muestra una vertiginosa movilidad social y econ\u00f3mica, con un total de 10 centros escolares&#8230;.y un comercio din\u00e1mico y expansivo que incluye colmados, farmacia, ferreter\u00eda y casas de expendio de alimentos, as\u00ed como cl\u00ednicas rurales, boticas populares, centros comunales, instalaciones deportivas, clubes, asociaciones, juntas de vecinos&#8230;\u00bb<\/p>\n<p>Elupina Cordero de Las Ca\u00f1itas<\/p>\n<p>La secci\u00f3n Las Ca\u00f1itas, dentro del Municipio de Sabana de la Mar, fue elevada a Distrito Municipal con ese nombre, mediante la referida Ley 134-97, la cual est\u00e1 inserta en la Gaceta Oficial No.9957, del 25 de junio de 1997.Forman parte de esa demarcaci\u00f3n territorial la secci\u00f3n Magu\u00e1 y sus parajes Capit\u00e1n, Manaclitas, R\u00edo Arriba, La Lisa, Cabez\u00fa y La Loma.<\/p>\n<p>Ese nombre es en honor a la famosa se\u00f1orita Elupina Cordero, una devota cristiana cat\u00f3lica cuya personalidad ha marcado la vida de Sabana de la Mar desde las primeras d\u00e9cadas del siglo pasado, por su filantrop\u00eda y los dones especiales de que estaba dotada. Seg\u00fan la tradici\u00f3n oral ella fue la fuente de alivio y sanaci\u00f3n, con  oraciones y remedios de la farmacopea popular, para muchos enfermos que acud\u00edan en su auxilio curativo.<\/p>\n<p>En plena adolescencia qued\u00f3 ciega, pero la p\u00e9rdida de su visi\u00f3n no le impidi\u00f3 que llevara una vida consagrada a los dem\u00e1s. Su casa-ermita fue transformada en un museo que contiene sus pertenencias m\u00e1s \u00edntimas, como cama, ropa, utensilios de cocina, objetos religiosos. Ese museo es uno de los principales puntos de visita en Sabana de la Mar.<\/p>\n<p>Se han tejido una y mil versiones que le atribuyen haber hechos milagros, vistos estos en su cl\u00e1sica definici\u00f3n de \u00absuceso extraordinario y maravilloso que no puede explicarse por las leyes regulares de la naturaleza y que se atribuye a la intervenci\u00f3n de Dios o de un ser sobrenatural\u00bb.<\/p>\n<p>Incluso se dice que la se\u00f1orita Elupina Cordero detuvo un terremoto marino \u00abcon ceniza y tierra\u00bb que fue colocada donde desde hace d\u00e9cadas hay una gran cruz blanca en un recodo del pueblo.<\/p>\n<p><strong>Bibliograf\u00eda:<\/strong><\/p>\n<p>1-\tGaceta Oficial No.9651,16 diciembre de  1984.<\/p>\n<p>2-\tLey 72-02, 19 de julio del 2002.<\/p>\n<p>3-\tIdea del valor la isla Espa\u00f1ola. Antonio S\u00e1nchez Valverde. Edici\u00f3n anotada. Talleres Gr\u00e1ficos Manuel Pareja, 1971. Nota de Fray Cipriano de Utrera.<\/p>\n<p>4-\tHistoria de la Divisi\u00f3n Territorial (1494-1943). Editorial El Diario 1944. p\u00e1gina387. Vicente Tolentino Rojas.<\/p>\n<p>5-\tPapeles  con anotaciones. Pedro Mortimer Dalmau Rijo.<\/p>\n<p>6-\tEl Hato Mayor del Rey: Rese\u00f1a hist\u00f3rico-geogr\u00e1fica, tradicional y religiosa. Editora Taller, 1991, obra p\u00f3stuma. Melchor Cont\u00edn Alfau.<\/p>\n<p>7-\tList\u00edn Diario, 19 de julio de 1977. Hugo Eduardo Polanco Brito.<\/p>\n<p>8-\tLey No. 40, del 9 de junio de 1845.Tomo I, Colecci\u00f3n de Leyes del 1845.p199.<\/p>\n<p>9-\tTomo 4 de la Colecci\u00f3n de Leyes del 1861, p158.<\/p>\n<p>   10-Hojas de servicios del Ej\u00e9rcito Dominicano. vI (1844- <\/p>\n<p>       1865).Editora del Caribe, 1968.p347 Emilio Rodr\u00edguez Demorizi.<\/p>\n<p>11-  \u00c9poca colonial, legajo 7, exp. I, a\u00f1o 1761.<\/p>\n<p>12- Idea del valor la isla Espa\u00f1ola nota No.178 (FCU). Edici\u00f3n anotada. <\/p>\n<p>     Talleres Gr\u00e1ficos Manuel Pareja, 1971 Antonio S\u00e1nchez Valverde.<\/p>\n<p>13- Reflexiones historiques et politiques sur le commerce de la <\/p>\n<p>      France avec ses colonies de le Am\u00e9rique.<\/p>\n<p>14- Relato titulado Puerto Rico, pasado y presente, y el Santo <\/p>\n<p>      Domingo de hoy, 1919. A. Hyatt Verril. Inserto en el libro <\/p>\n<p>      Los primeros turistas en Santo Domingo. Editora Amigo del Hogar, <\/p>\n<p>     sept.2011. pp162, 163.<\/p>\n<p>15- Diccionario Geogr\u00e1fico-Hist\u00f3rico Dominicano.p131.Tem\u00edstocles A. <\/p>\n<p>     Ravelo. <\/p>\n<p>16- Los Gavilleros 1904-1916.agn.volumen LXIV. Editora AZ, 2008. <\/p>\n<p>     pp50,52,88,138,147. Mar\u00eda Filomena Gonz\u00e1lez Canalda.<\/p>\n<p>17-Los \u00abGavilleros\u00bb del Este. Una Epopeya Calumniada. Editora <\/p>\n<p>     Cultural Dominicana, 1976. pp7, 18, 83,103.F\u00e9lix Servio Ducoudray.<\/p>\n<p>18-Buenaventura B\u00e1ez, el caudillo del Sur (1844-1878). Editora Taller, <\/p>\n<p>     1991.p72. Mu-kien A. Sang.<\/p>\n<p>19- Notas Autobiogr\u00e1ficas, tomo I.p358.Editora Santo Domingo,1974. <\/p>\n<p>     Gregorio Luper\u00f3n.<\/p>\n<p>20-Sentencia de muerte. Vetilio Alfau Dur\u00e1n en Cl\u00edo, escritos I. Editora <\/p>\n<p>    Corripio, 1994.pp205-208.<\/p>\n<p>21-Miscel\u00e1nea Hist\u00f3rica. Cl\u00edo No.92, enero-abril 1952.p13.<\/p>\n<p>22-Movimientos  de Oposici\u00f3n (1856-1874), Legajo de Interior y Polic\u00eda <\/p>\n<p>    No.31. A.G.N., citado por Mu-Kien A. Sang, en su biograf\u00eda sobre <\/p>\n<p>    B\u00e1ez.<\/p>\n<p>23-La dictadura de Ulises Heureaux. Editora Universitaria, 1986.p19. <\/p>\n<p>    Jaime de Jes\u00fas Dom\u00ednguez.<\/p>\n<p>24-La Sangre. Cap\u00edtulo IV.1914.Tulio Manuel Cestero Leyba.<\/p>\n<p>25-Pablo Mam\u00e1. Editora Taller, abril 1986. Freddy Prestol Castillo. <\/p>\n<\/p>\n<\/p>\n<p>.<\/p>\n<\/p>\n<\/p>\n<h6> 2018-08-25 01:24:30 <\/h6>\n<p><!--\n<link rel=\"stylesheet\" href=\"css\/bootstrap.min.css\">\n\n\n<ul class=\"pagination\">\n\t    \n\t\n\n<li >\n\t<a href='?page_no=3852'>Previous<\/a>\n\t<\/li>\n\n\n       \n    \n\n<li><a href='?page_no=1'>1<\/a><\/li>\n\n\n\n<li><a href='?page_no=2'>2<\/a><\/li>\n\n\n\n<li><a>...<\/a><\/li>\n\n\n\n<li><a href='?page_no=3851'>3851<\/a><\/li>\n\n\n\n<li><a href='?page_no=3852'>3852<\/a><\/li>\n\n\n\n<li class='active'><a>3853<\/a><\/li>\n\n\n\n<li><a href='?page_no=3854'>3854<\/a><\/li>\n\n\n\n<li><a href='?page_no=3855'>3855<\/a><\/li>\n\n\n\n<li><a>...<\/a><\/li>\n\n\n\n<li><a href='?page_no=22911'>22911<\/a><\/li>\n\n\n\n<li><a href='?page_no=22912'>22912<\/a><\/li>\n\n    \n\t\n\n<li >\n\t<a href='?page_no=3854'>Next<\/a>\n\t<\/li>\n\n\n    \n\n<li><a href='?page_no=22912'>Last &rsaquo;&rsaquo;<\/a><\/li>\n\n<\/ul>\n\n\n--><br \/>\n<\/body><\/p>\n","protected":false},"excerpt":{"rendered":"<p>POR TE\u00d3FILO LAPPOT ROBLES Provincia Hato Mayor La provincia de Hato Mayor es de reciente creaci\u00f3n. Surgi\u00f3 en virtud de la Ley 245 del 3 de diciembre del 1984, cuyo art\u00edculo 7 establece que entrar\u00eda en vigencia, \u00aba partir del d\u00eda primero de enero de 1985&#8230;\u00bb1 El primer p\u00e1rrafo de dicha ley indica \u00abque el [&hellip;]<\/p>\n","protected":false},"author":3,"featured_media":525185,"comment_status":"open","ping_status":"open","sticky":false,"template":"","format":"standard","meta":{"footnotes":""},"categories":[21],"tags":[177],"class_list":["post-51410","post","type-post","status-publish","format-standard","has-post-thumbnail","hentry","category-cultura","tag-teofilo-lappot-robles"],"_links":{"self":[{"href":"https:\/\/diariodominicano.com\/index.php?rest_route=\/wp\/v2\/posts\/51410","targetHints":{"allow":["GET"]}}],"collection":[{"href":"https:\/\/diariodominicano.com\/index.php?rest_route=\/wp\/v2\/posts"}],"about":[{"href":"https:\/\/diariodominicano.com\/index.php?rest_route=\/wp\/v2\/types\/post"}],"author":[{"embeddable":true,"href":"https:\/\/diariodominicano.com\/index.php?rest_route=\/wp\/v2\/users\/3"}],"replies":[{"embeddable":true,"href":"https:\/\/diariodominicano.com\/index.php?rest_route=%2Fwp%2Fv2%2Fcomments&post=51410"}],"version-history":[{"count":1,"href":"https:\/\/diariodominicano.com\/index.php?rest_route=\/wp\/v2\/posts\/51410\/revisions"}],"predecessor-version":[{"id":648102,"href":"https:\/\/diariodominicano.com\/index.php?rest_route=\/wp\/v2\/posts\/51410\/revisions\/648102"}],"wp:featuredmedia":[{"embeddable":true,"href":"https:\/\/diariodominicano.com\/index.php?rest_route=\/wp\/v2\/media\/525185"}],"wp:attachment":[{"href":"https:\/\/diariodominicano.com\/index.php?rest_route=%2Fwp%2Fv2%2Fmedia&parent=51410"}],"wp:term":[{"taxonomy":"category","embeddable":true,"href":"https:\/\/diariodominicano.com\/index.php?rest_route=%2Fwp%2Fv2%2Fcategories&post=51410"},{"taxonomy":"post_tag","embeddable":true,"href":"https:\/\/diariodominicano.com\/index.php?rest_route=%2Fwp%2Fv2%2Ftags&post=51410"}],"curies":[{"name":"wp","href":"https:\/\/api.w.org\/{rel}","templated":true}]}}