{"id":51406,"date":"2020-07-22T20:26:42","date_gmt":"2020-07-22T20:26:42","guid":{"rendered":"http:\/\/diariodominicano.ddns.net\/?p=51406"},"modified":"2020-07-22T20:26:42","modified_gmt":"2020-07-22T20:26:42","slug":"cultura-entrega-los-premios-anuales-de-literatura-2020","status":"publish","type":"post","link":"https:\/\/diariodominicano.com\/?p=51406","title":{"rendered":"Cultura entrega los Premios Anuales de Literatura 2020"},"content":{"rendered":"<p><body><\/p>\n<p><img decoding=\"async\" src=\"img3\/LiteraturaMC22-7-20.JPG\" \/>  <\/p>\n<p><strong><span class=\"text1noticias\">diariodominicano.com <\/span><\/strong><\/p>\n<p><strong><span class=\"text1noticias\"> <\/span><\/strong><\/p>\n<p><strong><span class=\"text1noticias\">Santo Domingo, R. D., 22 de julio, 2020.-<\/span><\/strong><span class=\"text1noticias\"> En una ceremonia encabezada por el ministro de Cultura, arquitecto Eduardo Selman, fueron entregados los Premios Anuales de Literatura 2020 que organiza el Ministerio de Cultura. <\/span><\/p>\n<p><span class=\"text1noticias\"> <\/span><\/p>\n<p><span class=\"text1noticias\">Los galardonados fueron los escritores Daniel Beltr\u00e9 L\u00f3pez, Jos\u00e9 Mart\u00edn Paulino, Geraldine de Santis y Franklin Guti\u00e9rrez. En representaci\u00f3n de Fernando Ferr\u00e1n Bru, recibi\u00f3 el galard\u00f3n su hijo, Fernando Ferrand. <\/span><\/p>\n<p><span class=\"text1noticias\"> <\/span><\/p>\n<p><span class=\"text1noticias\">Cada uno recibi\u00f3 la suma de RD$250,000.00 y su correspondiente pergamino que los acredita como ganadores, lo que suma un total de RD$1,250.000 (1 mill\u00f3n doscientos cincuenta mil pesos) en premios.<\/span><\/p>\n<p><span class=\"text1noticias\"> <\/span><\/p>\n<p><span class=\"text1noticias\">La ceremonia, celebrada este mi\u00e9rcoles 22 de julio, se desarroll\u00f3 en la sede del Misterio de Cultura, con la presencia del ministro Eduardo Selman, quien estuvo acompa\u00f1ado por la directora general del Libro y la Lectura, Ruth Herrera, y el director de Gesti\u00f3n Literaria, C\u00e9sar Zapata.<\/span><\/p>\n<p><span class=\"text1noticias\">  <\/span><\/p>\n<p><span class=\"text1noticias\">Al dirigirse a los presentes, el ministro Selman dijo que los Premios Anuales de Literatura son una contribuci\u00f3n del Estado dominicano para el est\u00edmulo de los escritores dominicanos. <\/span><\/p>\n<p><span class=\"text1noticias\"> <\/span><\/p>\n<p><span class=\"text1noticias\">Destac\u00f3 que la literatura, en todas sus expresiones, forma parte de la identidad nacional, y, por lo tanto, necesaria para fortalecer la dominicanidad. <\/span><\/p>\n<p><span class=\"text1noticias\"> <\/span><\/p>\n<p><span class=\"text1noticias\">\u00abEstimular la creatividad de ustedes, en un contexto democr\u00e1tico como el que reina en nuestro pa\u00eds, es impulsar el desarrollo de la literatura y de la cultura nacionales, y ese esfuerzo que ustedes realizan merece ser reconocido y premiado como lo hemos venido haciendo en estos \u00faltimos ocho a\u00f1os del presidente Danilo Medina\u00bb, dijo el ministro de Cultura. <\/span><\/p>\n<p><span class=\"text1noticias\"> <\/span><\/p>\n<p><span class=\"text1noticias\">La directora del Libro y la Lectura, Ruth Herrrera, al dirigirse a los presentes, felicit\u00f3 a los ganadores y reconoci\u00f3 el gran trabajo realizado por los miembros del jurado.<\/span><\/p>\n<p><span class=\"text1noticias\"> <\/span><\/p>\n<p><span class=\"text1noticias\"> <\/span><\/p>\n<p><span class=\"text1noticias\"> <\/span><\/p>\n<p><span class=\"text1noticias\">Del mismo modo, destac\u00f3 la importancia del premio, ya que abarca los diferentes renglones de la literatura. Al tiempo de valorar el gran nivel, tanto de las obras que concursaron, como de las seleccionadas. <\/span><\/p>\n<p><span class=\"text1noticias\"> <\/span><\/p>\n<p><span class=\"text1noticias\">Geraldine de Santis habla en nombre de los galardonados. <\/span><\/p>\n<p><span class=\"text1noticias\"> <\/span><\/p>\n<p><span class=\"text1noticias\">De su lado, la escritora, Geraldine de Santis, habl\u00f3 en representaci\u00f3n de los ganadores. Expres\u00f3 que: \u00abvaloramos que en circunstancias tan desafiantes como es una pandemia y un estado de emergencia, el ministerio haya continuado adelante con su compromiso anual de premiar la literatura dominicana\u00bb.<\/span><\/p>\n<p><span class=\"text1noticias\">  <\/span><\/p>\n<p><span class=\"text1noticias\">Agreg\u00f3 que: \u00abentendemos que, as\u00ed como son necesarias medidas sanitarias para enfrentar la emergencia, igualmente la cultura sigue siendo el gran remedio para enfrentar muchos males sociales; gracias a la literatura podemos erradicar la ignorancia, los prejuicios y ser libres\u00bb.<\/span><\/p>\n<p><span class=\"text1noticias\">  <\/span><\/p>\n<p><span class=\"text1noticias\">Ganadores <\/span><\/p>\n<p><span class=\"text1noticias\"> <\/span><\/p>\n<p><span class=\"text1noticias\">El Premio Anual de Poes\u00eda Salom\u00e9 Ure\u00f1a de Henr\u00edquez fue entregado a Daniel Beltr\u00e9 L\u00f3pez, por la obra No es un soplo la vida. Los miembros del jurado fueron Radham\u00e9s Reyes V\u00e1squez, Manuel Llibre Otero y C\u00e9sar S\u00e1nchez Beras. <\/span><\/p>\n<p><span class=\"text1noticias\"> <\/span><\/p>\n<p><span class=\"text1noticias\">Daniel Beltr\u00e9 L\u00f3pez naci\u00f3 en Santo Domingo, en 1957. Es abogado, acad\u00e9mico y ensayista. Realiz\u00f3 estudios de especializaci\u00f3n y maestr\u00eda en Derecho Comparado, Historia de las Universidades y asesor\u00eda de Inversi\u00f3n y Financiaci\u00f3n en la Universidad Complutense de Madrid. <\/span><\/p>\n<p><span class=\"text1noticias\"> <\/span><\/p>\n<p><span class=\"text1noticias\">Entre sus investigaciones se encuentran: \u00abLa Ley: evoluci\u00f3n constitucional en su formaci\u00f3n y la reputaci\u00f3n ficciosa de su conocimiento\u00bb, \u00abEl despido: esencia de crisis\u00bb y \u00abLa naturaleza del derecho del trabajo\u00bb. Es secretario general de la Asociaci\u00f3n Dominicana de Abogados (ADOMA). Tiene publicada la obra ganadora, No es un soplo la vida, y un volumen de cuentos.<\/span><\/p>\n<p><span class=\"text1noticias\"> <\/span><\/p>\n<p><span class=\"text1noticias\">El Premio Anual de Cuento Jos\u00e9 Ram\u00f3n L\u00f3pez fue entregado a Jos\u00e9 Mart\u00edn Paulino por la obra Antes de que la casa se derrumbe. Los miembros del jurado fueron Aquiles Juli\u00e1n, Rafael Peralta Romero y Emelda Ramos.<\/span><\/p>\n<p><span class=\"text1noticias\"> <\/span><\/p>\n<p><span class=\"text1noticias\">Jos\u00e9 Mart\u00edn Paulino es narrador, ensayista, corrector de estilo, fundador y presidente de la Editorial Caf\u00e9 Ritual. Es cofundador y primer presidente de la Uni\u00f3n de Escritores de la Provincia Duarte. Ha publicado los siguientes libros: La burla en el espejo (cuentos, 2003); Cuaderno se serpientes (cuentos, primera edici\u00f3n 2007; segunda edici\u00f3n 2018); Caballo de la discordia (cuentos, 2009); A dos voces (art\u00edculos pol\u00edticos, 2016); Caf\u00e9 ritual (memorias, ensayos y art\u00edculos, 2019); y la obra ganadora: Antes de que la casa se derrumbe (cuentos, 2019).<\/span><\/p>\n<p><span class=\"text1noticias\"> <\/span><\/p>\n<p><span class=\"text1noticias\">El investigador y escritor Franklin Guti\u00e9rrez obtuvo el Premio Anual de Novela Manuel de Jes\u00fas Galv\u00e1n por la obra El rostro sombr\u00edo del sue\u00f1o americano. Los miembros del jurado fueron: Justiniano Est\u00e9vez Aristy, Efra\u00edm Castillo y Mar\u00eda Virtudes N\u00fa\u00f1ez Fidalgo.<\/span><\/p>\n<p><span class=\"text1noticias\"> <\/span><\/p>\n<p><span class=\"text1noticias\"> <\/span><\/p>\n<p><span class=\"text1noticias\"> <\/span><\/p>\n<p><span class=\"text1noticias\">Franklin Guti\u00e9rrez es ensayista, investigador literario, narrador, poeta y educador. Licenciado en Educaci\u00f3n y Letras por la Universidad Aut\u00f3noma de Santo Domingo. Tiene una maestr\u00eda y un doctorado en Literatura Hispanoamericana, ambos de The City University of New York, instituci\u00f3n donde es docente de Literatura Latinoamericana y Caribe\u00f1a desde 1988.  <\/span><\/p>\n<p><span class=\"text1noticias\"> <\/span><\/p>\n<p><span class=\"text1noticias\">Ha publicado 24 libros en diferentes g\u00e9neros, entre ellos: 33 historiadores dominicanos (bibliograf\u00eda, 2002), Diccionario de la literatura dominicana: biobibliogr\u00e1fico y terminol\u00f3gico (bibliograf\u00eda, 2004), El canal de la delicia (novela, 2010), Diasporando (ensayo, 2011), De cementerios, varones y tumbas (ensayo, 2012), Las tumbas de los Trujillo (ensayo, 2016). <\/span><\/p>\n<p><span class=\"text1noticias\"> <\/span><\/p>\n<p><span class=\"text1noticias\"> El Premio Anual de Ensayo Pedro Henr\u00edquez Ure\u00f1a fue otorgado a Fernando Ferr\u00e1n Bru por la obra Los herederos. ADN cultural del dominicano. Los miembros del jurado fueron Pedro Carreras Aguilera, Carlos And\u00fajar y Rafael Jarvis Luis. <\/span><\/p>\n<p><span class=\"text1noticias\"> <\/span><\/p>\n<p><span class=\"text1noticias\">Fernando Ferr\u00e1n Bru es licenciado en Filosof\u00eda por la PUCMM en Santiago, con estudios de maestr\u00eda y doctorado en antropolog\u00eda social y filosof\u00eda, en las universidades Loyola, de Chicago, y Lovaina, B\u00e9lgica. Actualmente se desempe\u00f1a como investigador y profesor de la PUCMM y director del Centro de Estudios Econ\u00f3micos y Sociales P. Jos\u00e9 Luis Alem\u00e1n, de esa universidad. <\/span><\/p>\n<p><span class=\"text1noticias\"> <\/span><\/p>\n<p><span class=\"text1noticias\">Autor de diversos estudios de campo antropol\u00f3gicos relacionados con temas como la estructura de poder en la industria del tabaco criollo, el sistema de organizaci\u00f3n de los ca\u00f1averales en los campos del antiguo CEA, y los patrones de comportamiento de los residentes en la frontera con Hait\u00ed. Su \u00faltima obra es La gran apuesta. Cr\u00edtica a la democracia dominicana, puesta en circulaci\u00f3n por el Archivo General de la Naci\u00f3n en junio 2020, apenas el mes pasado.<\/span><\/p>\n<p><span class=\"text1noticias\"> <\/span><\/p>\n<p><span class=\"text1noticias\">Por \u00faltimo, el Premio Anual de Literatura Infantil y Juvenil Aurora Tav\u00e1rez Belliard fue entregado a Geraldine de Santis, por su obra Dominicanas fuera de serie. +150 mujeres que transformaron la Rep\u00fablica Dominicana. Los miembros del jurado fueron Leibi Ng, Elizabeth Balaguer y Yuan Fuei Liao.<\/span><\/p>\n<p><span class=\"text1noticias\"> <\/span><\/p>\n<p><span class=\"text1noticias\"> <\/span><\/p>\n<p><span class=\"text1noticias\"> <\/span><\/p>\n<p><span class=\"text1noticias\">Geraldine de Santis es docente, escritora, traductora e investigadora \u00edtalo-dominicana. Desde el a\u00f1o 2006 escribe narrativa juvenil e infantil, adem\u00e1s de publicar investigaciones hist\u00f3ricas sobre personajes y temas del siglo XIX en el Caribe. Actualmente, ocupa el cargo de presidenta de Ibby de la Rep\u00fablica Dominicana, organizaci\u00f3n adscrita a la Unesco que difunde e internacionaliza la literatura infantil y juvenil escrita por dominicanos o sobre temas dominicanos.   <\/span><\/p>\n<p><span class=\"text1noticias\">  <\/span><\/p>\n<p><span class=\"text1noticias\">Ha publicado, entre otros: Juan Jos\u00e9 y el videojuego (2010), Volver al Inicio: Cronolog\u00eda de la vitis vin\u00edfera en la Hispaniola (2013), Emma, el peque\u00f1o hurac\u00e1n (2014), Billini Hotel: Un pilar hist\u00f3rico de la pedagog\u00eda del Nuevo Mundo (2014), y Nela, la revoltosa (2016), Premio E<\/span>l Barco de Vapor de Ediciones SM Rep\u00fablica Dominicana.<\/p>\n<\/p>\n<h6> 2020-07-22 20:26:42 <\/h6>\n<p><!--\n<link rel=\"stylesheet\" href=\"css\/bootstrap.min.css\">\n\n\n<ul class=\"pagination\">\n\t    \n\t\n\n<li >\n\t<a href='?page_no=384'>Previous<\/a>\n\t<\/li>\n\n\n       \n    \n\n<li><a href='?page_no=1'>1<\/a><\/li>\n\n\n\n<li><a href='?page_no=2'>2<\/a><\/li>\n\n\n\n<li><a>...<\/a><\/li>\n\n\n\n<li><a href='?page_no=383'>383<\/a><\/li>\n\n\n\n<li><a href='?page_no=384'>384<\/a><\/li>\n\n\n\n<li class='active'><a>385<\/a><\/li>\n\n\n\n<li><a href='?page_no=386'>386<\/a><\/li>\n\n\n\n<li><a href='?page_no=387'>387<\/a><\/li>\n\n\n\n<li><a>...<\/a><\/li>\n\n\n\n<li><a href='?page_no=22911'>22911<\/a><\/li>\n\n\n\n<li><a href='?page_no=22912'>22912<\/a><\/li>\n\n    \n\t\n\n<li >\n\t<a href='?page_no=386'>Next<\/a>\n\t<\/li>\n\n\n    \n\n<li><a href='?page_no=22912'>Last &rsaquo;&rsaquo;<\/a><\/li>\n\n<\/ul>\n\n\n--><br \/>\n<\/body><\/p>\n","protected":false},"excerpt":{"rendered":"<p>diariodominicano.com Santo Domingo, R. D., 22 de julio, 2020.- En una ceremonia encabezada por el ministro de Cultura, arquitecto Eduardo Selman, fueron entregados los Premios Anuales de Literatura 2020 que organiza el Ministerio de Cultura. Los galardonados fueron los escritores Daniel Beltr\u00e9 L\u00f3pez, Jos\u00e9 Mart\u00edn Paulino, Geraldine de Santis y Franklin Guti\u00e9rrez. En representaci\u00f3n de [&hellip;]<\/p>\n","protected":false},"author":3,"featured_media":0,"comment_status":"open","ping_status":"open","sticky":false,"template":"","format":"standard","meta":{"footnotes":""},"categories":[21],"tags":[],"class_list":["post-51406","post","type-post","status-publish","format-standard","hentry","category-cultura"],"_links":{"self":[{"href":"https:\/\/diariodominicano.com\/index.php?rest_route=\/wp\/v2\/posts\/51406","targetHints":{"allow":["GET"]}}],"collection":[{"href":"https:\/\/diariodominicano.com\/index.php?rest_route=\/wp\/v2\/posts"}],"about":[{"href":"https:\/\/diariodominicano.com\/index.php?rest_route=\/wp\/v2\/types\/post"}],"author":[{"embeddable":true,"href":"https:\/\/diariodominicano.com\/index.php?rest_route=\/wp\/v2\/users\/3"}],"replies":[{"embeddable":true,"href":"https:\/\/diariodominicano.com\/index.php?rest_route=%2Fwp%2Fv2%2Fcomments&post=51406"}],"version-history":[{"count":0,"href":"https:\/\/diariodominicano.com\/index.php?rest_route=\/wp\/v2\/posts\/51406\/revisions"}],"wp:attachment":[{"href":"https:\/\/diariodominicano.com\/index.php?rest_route=%2Fwp%2Fv2%2Fmedia&parent=51406"}],"wp:term":[{"taxonomy":"category","embeddable":true,"href":"https:\/\/diariodominicano.com\/index.php?rest_route=%2Fwp%2Fv2%2Fcategories&post=51406"},{"taxonomy":"post_tag","embeddable":true,"href":"https:\/\/diariodominicano.com\/index.php?rest_route=%2Fwp%2Fv2%2Ftags&post=51406"}],"curies":[{"name":"wp","href":"https:\/\/api.w.org\/{rel}","templated":true}]}}