{"id":514051,"date":"2024-03-10T12:26:30","date_gmt":"2024-03-10T16:26:30","guid":{"rendered":"https:\/\/diariodominicano.com\/?p=514051"},"modified":"2024-03-10T20:11:36","modified_gmt":"2024-03-11T00:11:36","slug":"ligia-bonetti-presidenta-ejecutiva-de-grupo-sid-disertara-en-el-desayuno-empresarial-%c2%a8manuel-arsenio-urena%c2%a8","status":"publish","type":"post","link":"https:\/\/diariodominicano.com\/?p=514051","title":{"rendered":"Ligia Bonetti, presidenta ejecutiva de Grupo SID, disertar\u00e1 en el desayuno empresarial \u00a8Manuel Arsenio Ure\u00f1a\u00a8"},"content":{"rendered":"\n<p><strong>&nbsp;Ligia Bonetti, presidenta ejecutiva de Grupo SID<\/strong><\/p>\n\n\n\n<p>Diariodominicano.com<\/p>\n\n\n\n<p><strong>Santiago de los Caballeros, R.D.\u00a0\u00a0<\/strong>Ligia\u00a0Bonetti, presidenta ejecutiva de Grupo SID, es la invitada de la Fundaci\u00f3n Arquidiocesana Santiago Ap\u00f3stol (FASA), para la d\u00e9cima versi\u00f3n del \u201cDesayuno- Conferencia Empresarial Manuel Arsenio Ure\u00f1a\u201d pautado para el viernes 15 de marzo en Santiago.<\/p>\n\n\n\n<p>\u201cLiderazgo femenino en la sostenibilidad empresarial\u201d, es el tema a desarrollar por la reconocida empresaria dominicana. En la actividad, realizar\u00e1 la invocaci\u00f3n Monse\u00f1or H\u00e9ctor Rafael Rodr\u00edguez, arzobispo Metropolitano de Santiago y&nbsp;las palabras de bienvenida las dirigir\u00e1 Juan Manuel Ure\u00f1a, presidente de la Fundaci\u00f3n Arquidiocesana Santiago Ap\u00f3stol (FASA).<\/p>\n\n\n\n<p>Las empresas Banco Popular Dominicano, Grupo Bocel, Manuel Arsenio Ure\u00f1a, Espalsa, Estrella y Tupete, Tadug, Isidro Bordas, Corporaci\u00f3n Zona Franca Santiago, La Aurora y Banreservas, auspician la actividad.<\/p>\n\n\n\n<p>La actividad recaudativa de la Fundaci\u00f3n Arquidiocesana Santiago Ap\u00f3stol (FASA), contribuye a sustentar los programas de apoyo a poblaciones vulnerables y brinda soporte econ\u00f3mico al Arzobispado de Santiago.<\/p>\n\n\n\n<p><strong>Sobre&nbsp;<\/strong><strong>Ligia&nbsp;<\/strong><strong>Bonetti<\/strong><\/p>\n\n\n\n<p>Es considerada como una de las mujeres m\u00e1s exitosas e influyentes en la Rep\u00fablica Dominicana, jugando un papel preponderante tanto en los negocios como en el liderazgo empresarial y acad\u00e9mico.<\/p>\n\n\n\n<figure class=\"wp-block-image size-large\"><img loading=\"lazy\" decoding=\"async\" width=\"1024\" height=\"577\" src=\"https:\/\/diariodominicano.com\/wp-content\/uploads\/2024\/03\/Ligia-Bonetti-2-1024x577.png\" alt=\"\" class=\"wp-image-514054\" srcset=\"https:\/\/diariodominicano.com\/wp-content\/uploads\/2024\/03\/Ligia-Bonetti-2-1024x577.png 1024w, https:\/\/diariodominicano.com\/wp-content\/uploads\/2024\/03\/Ligia-Bonetti-2-300x169.png 300w, https:\/\/diariodominicano.com\/wp-content\/uploads\/2024\/03\/Ligia-Bonetti-2-768x433.png 768w, https:\/\/diariodominicano.com\/wp-content\/uploads\/2024\/03\/Ligia-Bonetti-2-1536x865.png 1536w, https:\/\/diariodominicano.com\/wp-content\/uploads\/2024\/03\/Ligia-Bonetti-2-816x460.png 816w, https:\/\/diariodominicano.com\/wp-content\/uploads\/2024\/03\/Ligia-Bonetti-2.png 1640w\" sizes=\"auto, (max-width: 1024px) 100vw, 1024px\" \/><\/figure>\n\n\n\n<p><strong>&nbsp;Ligia Bonetti, presidenta ejecutiva del Grupo<\/strong> <strong>SID<\/strong><\/p>\n\n\n\n<p>Es dama del Orden Militar Soberano de Malta desde 1999 y actualmente presidente ejecutiva de Grupo SID. Bonetti fue la presidenta de la Asociaci\u00f3n de Industrias de la Rep\u00fablica Dominicana y miembro del Consejo Acad\u00e9mico Empresarial de la Barna Business School.<\/p>\n\n\n\n<p>Se gradu\u00f3 en econom\u00eda en Wheaton College, Estados Unidos y en Mercadeo en la Escuela de Negocios de Wharton en la Universidad de Pennsylvania.<\/p>\n\n\n\n<p>Es miembro del Grupo de los Cincuenta (G-50), organizaci\u00f3n sin fines de lucro que agrupa los principales empresarios latinoamericanos, auspiciado por el Carnegie Endowmentfor International Peace. Tambi\u00e9n es miembro de Young Presidents Organization (YPO).<\/p>\n\n\n\n<p>Johanna Benoit<\/p>\n\n\n\n<p><a target=\"_blank\" href=\"mailto:benoit181182@gmail.com\" rel=\"noreferrer noopener\">benoit181182@gmail.com<\/a><\/p>\n\n\n\n<p><br><\/p>\n","protected":false},"excerpt":{"rendered":"<p>&nbsp;Ligia Bonetti, presidenta ejecutiva de Grupo SID Diariodominicano.com Santiago de los Caballeros, R.D.\u00a0\u00a0Ligia\u00a0Bonetti, presidenta ejecutiva de Grupo SID, es la invitada de la Fundaci\u00f3n Arquidiocesana Santiago Ap\u00f3stol (FASA), para la d\u00e9cima versi\u00f3n del \u201cDesayuno- Conferencia Empresarial Manuel Arsenio Ure\u00f1a\u201d pautado para el viernes 15 de marzo en Santiago. \u201cLiderazgo femenino en la sostenibilidad empresarial\u201d, es [&hellip;]<\/p>\n","protected":false},"author":28,"featured_media":514052,"comment_status":"closed","ping_status":"","sticky":true,"template":"","format":"standard","meta":{"footnotes":""},"categories":[36,20,18,27],"tags":[],"class_list":["post-514051","post","type-post","status-publish","format-standard","has-post-thumbnail","hentry","category-hombresmujeresycosas","category-dominicana-hoy","category-economia","category-portada"],"_links":{"self":[{"href":"https:\/\/diariodominicano.com\/index.php?rest_route=\/wp\/v2\/posts\/514051","targetHints":{"allow":["GET"]}}],"collection":[{"href":"https:\/\/diariodominicano.com\/index.php?rest_route=\/wp\/v2\/posts"}],"about":[{"href":"https:\/\/diariodominicano.com\/index.php?rest_route=\/wp\/v2\/types\/post"}],"author":[{"embeddable":true,"href":"https:\/\/diariodominicano.com\/index.php?rest_route=\/wp\/v2\/users\/28"}],"replies":[{"embeddable":true,"href":"https:\/\/diariodominicano.com\/index.php?rest_route=%2Fwp%2Fv2%2Fcomments&post=514051"}],"version-history":[{"count":3,"href":"https:\/\/diariodominicano.com\/index.php?rest_route=\/wp\/v2\/posts\/514051\/revisions"}],"predecessor-version":[{"id":514126,"href":"https:\/\/diariodominicano.com\/index.php?rest_route=\/wp\/v2\/posts\/514051\/revisions\/514126"}],"wp:featuredmedia":[{"embeddable":true,"href":"https:\/\/diariodominicano.com\/index.php?rest_route=\/wp\/v2\/media\/514052"}],"wp:attachment":[{"href":"https:\/\/diariodominicano.com\/index.php?rest_route=%2Fwp%2Fv2%2Fmedia&parent=514051"}],"wp:term":[{"taxonomy":"category","embeddable":true,"href":"https:\/\/diariodominicano.com\/index.php?rest_route=%2Fwp%2Fv2%2Fcategories&post=514051"},{"taxonomy":"post_tag","embeddable":true,"href":"https:\/\/diariodominicano.com\/index.php?rest_route=%2Fwp%2Fv2%2Ftags&post=514051"}],"curies":[{"name":"wp","href":"https:\/\/api.w.org\/{rel}","templated":true}]}}