{"id":513962,"date":"2024-03-09T21:14:49","date_gmt":"2024-03-10T01:14:49","guid":{"rendered":"https:\/\/diariodominicano.com\/?p=513962"},"modified":"2024-03-09T21:24:58","modified_gmt":"2024-03-10T01:24:58","slug":"itla-inaugura-una-extension-en-monte-plata","status":"publish","type":"post","link":"https:\/\/diariodominicano.com\/?p=513962","title":{"rendered":"ITLA inaugura una extensi\u00f3n en Monte Plata"},"content":{"rendered":"\n<p>Monte Plata, RD. \u2013 El Instituto Tecnol\u00f3gico de las Am\u00e9ricas (ITLA) inaugur\u00f3 este s\u00e1bado una nueva extensi\u00f3n en la provincia  Monte Plata. El acto estuvo encabezado por el Presidente Luis Abinader.<\/p>\n\n\n\n<p>Estuvieron en la mesa principal el Rector del ITLA, Omar M\u00e9ndez Lluberes y Lenin Valdez L\u00f3pez, Senador de  la provincia Monte Plata.<\/p>\n\n\n\n<figure class=\"wp-block-image size-large\"><img loading=\"lazy\" decoding=\"async\" width=\"768\" height=\"1024\" src=\"https:\/\/diariodominicano.com\/wp-content\/uploads\/2024\/03\/IMG-20240309-WA0020-768x1024.jpg\" alt=\"\" class=\"wp-image-513964\" srcset=\"https:\/\/diariodominicano.com\/wp-content\/uploads\/2024\/03\/IMG-20240309-WA0020-768x1024.jpg 768w, https:\/\/diariodominicano.com\/wp-content\/uploads\/2024\/03\/IMG-20240309-WA0020-225x300.jpg 225w, https:\/\/diariodominicano.com\/wp-content\/uploads\/2024\/03\/IMG-20240309-WA0020-1152x1536.jpg 1152w, https:\/\/diariodominicano.com\/wp-content\/uploads\/2024\/03\/IMG-20240309-WA0020-1536x2048.jpg 1536w, https:\/\/diariodominicano.com\/wp-content\/uploads\/2024\/03\/IMG-20240309-WA0020-816x1088.jpg 816w, https:\/\/diariodominicano.com\/wp-content\/uploads\/2024\/03\/IMG-20240309-WA0020-scaled.jpg 1920w\" sizes=\"auto, (max-width: 768px) 100vw, 768px\" \/><\/figure>\n\n\n\n<p>La nueva extensi\u00f3n del ITLA\u2002ha sido  dise\u00f1ada para acoger a alrededor de 4,000 estudiante al a\u00f1o, con cinco aulas\u00a0equipadas con la m\u00e1s avanzada tecnolog\u00eda. Incluye adem\u00e1s\u00a0\u00e1rea administrativa, caja y bookshop, todo al servicio los estudiantes.\u00a0<\/p>\n\n\n\n<p>La oferta formativa abarcar\u00e1 diplomados, cursos y talleres en las \u00e1reas de Desarrollo de Software, Ciencia de Datos, Redes de Informaci\u00f3n, Ciberseguridad, Multimedia, Mecatr\u00f3nica, Seguridad Inform\u00e1tica e Idiomas.<\/p>\n\n\n\n<p>El rector del ITLA destac\u00f3 la importancia trascendental de esta nueva extensi\u00f3n para el enriquecimiento profesional de los habitantes de Monte Plata.&nbsp;<\/p>\n\n\n\n<p>\u201cEn este innovador centro educativo, tendr\u00e1n la oportunidad de profundizar en sus conocimientos y desarrollar competencias y habilidades cruciales que les brindar\u00e1n amplias oportunidades en diversos \u00e1mbitos.\u201d Puntualiz\u00f3.&nbsp;<\/p>\n\n\n\n<p>\u00a0De igual modo dijo que esta es la octava extensi\u00f3n del ITLA que se inaugura en esta gesti\u00f3n, en comparaci\u00f3n a los dos que exist\u00edan en el 2020 cuando asumi\u00f3 la rector\u00eda.<\/p>\n\n\n\n<p>La inauguraci\u00f3n tambi\u00e9n cont\u00f3 con la asistencia de Rafaela Javier Gomera, Gobernadora de Monte Plata; el General Francisco Osoria de la Cruz, Director de la DIGESETT; Pedro Pablo Castro, Vicerrector Acad\u00e9mico del ITLA; Neurys G\u00f3mez, Vicerrectora de Extensiones del ITLA; adem\u00e1s de senadores, regidores, diputados y otras distinguidas personalidades de la provincia.<\/p>\n\n\n\n<p>Este lanzamiento simboliza un paso adelante en el compromiso del ITLA y del Gobierno Dominicano para fomentar el acceso a la educaci\u00f3n tecnol\u00f3gica avanzada, impulsando as\u00ed el desarrollo socioecon\u00f3mico y el bienestar de la comunidad en Monte Plata y sus alrededores, destaca una nota informativa del ITLA.<\/p>\n\n\n\n<p>Departamento de Comunicaciones, ITLA.&nbsp;<\/p>\n","protected":false},"excerpt":{"rendered":"<p>Monte Plata, RD. \u2013 El Instituto Tecnol\u00f3gico de las Am\u00e9ricas (ITLA) inaugur\u00f3 este s\u00e1bado una nueva extensi\u00f3n en la provincia Monte Plata. El acto estuvo encabezado por el Presidente Luis Abinader. Estuvieron en la mesa principal el Rector del ITLA, Omar M\u00e9ndez Lluberes y Lenin Valdez L\u00f3pez, Senador de la provincia Monte Plata. La nueva [&hellip;]<\/p>\n","protected":false},"author":28,"featured_media":513963,"comment_status":"closed","ping_status":"","sticky":true,"template":"","format":"standard","meta":{"footnotes":""},"categories":[20,27],"tags":[],"class_list":["post-513962","post","type-post","status-publish","format-standard","has-post-thumbnail","hentry","category-dominicana-hoy","category-portada"],"_links":{"self":[{"href":"https:\/\/diariodominicano.com\/index.php?rest_route=\/wp\/v2\/posts\/513962","targetHints":{"allow":["GET"]}}],"collection":[{"href":"https:\/\/diariodominicano.com\/index.php?rest_route=\/wp\/v2\/posts"}],"about":[{"href":"https:\/\/diariodominicano.com\/index.php?rest_route=\/wp\/v2\/types\/post"}],"author":[{"embeddable":true,"href":"https:\/\/diariodominicano.com\/index.php?rest_route=\/wp\/v2\/users\/28"}],"replies":[{"embeddable":true,"href":"https:\/\/diariodominicano.com\/index.php?rest_route=%2Fwp%2Fv2%2Fcomments&post=513962"}],"version-history":[{"count":3,"href":"https:\/\/diariodominicano.com\/index.php?rest_route=\/wp\/v2\/posts\/513962\/revisions"}],"predecessor-version":[{"id":513967,"href":"https:\/\/diariodominicano.com\/index.php?rest_route=\/wp\/v2\/posts\/513962\/revisions\/513967"}],"wp:featuredmedia":[{"embeddable":true,"href":"https:\/\/diariodominicano.com\/index.php?rest_route=\/wp\/v2\/media\/513963"}],"wp:attachment":[{"href":"https:\/\/diariodominicano.com\/index.php?rest_route=%2Fwp%2Fv2%2Fmedia&parent=513962"}],"wp:term":[{"taxonomy":"category","embeddable":true,"href":"https:\/\/diariodominicano.com\/index.php?rest_route=%2Fwp%2Fv2%2Fcategories&post=513962"},{"taxonomy":"post_tag","embeddable":true,"href":"https:\/\/diariodominicano.com\/index.php?rest_route=%2Fwp%2Fv2%2Ftags&post=513962"}],"curies":[{"name":"wp","href":"https:\/\/api.w.org\/{rel}","templated":true}]}}