{"id":513953,"date":"2024-03-09T20:05:18","date_gmt":"2024-03-10T00:05:18","guid":{"rendered":"https:\/\/diariodominicano.com\/?p=513953"},"modified":"2024-03-09T20:10:10","modified_gmt":"2024-03-10T00:10:10","slug":"rinden-homenaje-a-francisco-del-rosario-sanchez-con-el-develamiento-de-un-busto-en-su-honor","status":"publish","type":"post","link":"https:\/\/diariodominicano.com\/?p=513953","title":{"rendered":"Rinden homenaje a Francisco del Rosario S\u00e1nchez con el develamiento de un busto en su honor"},"content":{"rendered":"\n<p>El acto  fue encabezado por el comandante del Comando Conjunto Sur, general de brigada Euler Sierra P\u00e9rez, FARD, en representaci\u00f3n del ministro de Defensa, teniente general Carlos Luciano D\u00edaz Morfa, ERD.<\/p>\n\n\n\n<figure class=\"wp-block-image size-large\"><img loading=\"lazy\" decoding=\"async\" width=\"1024\" height=\"683\" src=\"https:\/\/diariodominicano.com\/wp-content\/uploads\/2024\/03\/WhatsApp-Image-2024-03-09-at-4.21.35-PM-1024x683.jpeg\" alt=\"\" class=\"wp-image-513957\" srcset=\"https:\/\/diariodominicano.com\/wp-content\/uploads\/2024\/03\/WhatsApp-Image-2024-03-09-at-4.21.35-PM-1024x683.jpeg 1024w, https:\/\/diariodominicano.com\/wp-content\/uploads\/2024\/03\/WhatsApp-Image-2024-03-09-at-4.21.35-PM-300x200.jpeg 300w, https:\/\/diariodominicano.com\/wp-content\/uploads\/2024\/03\/WhatsApp-Image-2024-03-09-at-4.21.35-PM-768x512.jpeg 768w, https:\/\/diariodominicano.com\/wp-content\/uploads\/2024\/03\/WhatsApp-Image-2024-03-09-at-4.21.35-PM-1536x1024.jpeg 1536w, https:\/\/diariodominicano.com\/wp-content\/uploads\/2024\/03\/WhatsApp-Image-2024-03-09-at-4.21.35-PM-816x544.jpeg 816w, https:\/\/diariodominicano.com\/wp-content\/uploads\/2024\/03\/WhatsApp-Image-2024-03-09-at-4.21.35-PM.jpeg 1600w\" sizes=\"auto, (max-width: 1024px) 100vw, 1024px\" \/><\/figure>\n\n\n\n<figure class=\"wp-block-image size-large\"><img loading=\"lazy\" decoding=\"async\" width=\"1024\" height=\"683\" src=\"https:\/\/diariodominicano.com\/wp-content\/uploads\/2024\/03\/WhatsApp-Image-2024-03-09-at-4.21.36-PM-1024x683.jpeg\" alt=\"\" class=\"wp-image-513958\" srcset=\"https:\/\/diariodominicano.com\/wp-content\/uploads\/2024\/03\/WhatsApp-Image-2024-03-09-at-4.21.36-PM-1024x683.jpeg 1024w, https:\/\/diariodominicano.com\/wp-content\/uploads\/2024\/03\/WhatsApp-Image-2024-03-09-at-4.21.36-PM-300x200.jpeg 300w, https:\/\/diariodominicano.com\/wp-content\/uploads\/2024\/03\/WhatsApp-Image-2024-03-09-at-4.21.36-PM-768x512.jpeg 768w, https:\/\/diariodominicano.com\/wp-content\/uploads\/2024\/03\/WhatsApp-Image-2024-03-09-at-4.21.36-PM-1536x1024.jpeg 1536w, https:\/\/diariodominicano.com\/wp-content\/uploads\/2024\/03\/WhatsApp-Image-2024-03-09-at-4.21.36-PM-2048x1365.jpeg 2048w, https:\/\/diariodominicano.com\/wp-content\/uploads\/2024\/03\/WhatsApp-Image-2024-03-09-at-4.21.36-PM-816x544.jpeg 816w\" sizes=\"auto, (max-width: 1024px) 100vw, 1024px\" \/><\/figure>\n\n\n\n<p><strong>EL\u00cdAS PI\u00d1A, HONDO VALLE. &#8211;<\/strong> En un solemne acto patri\u00f3tico el Ministerio de Defensa (MIDE), rindi\u00f3 homenaje al Patricio Francisco del Rosario S\u00e1nchez en el 207 aniversario de su natalicio, con el develamiento de un busto en su honor, en la localidad de Hondo Valle. Este junto a Juan Pablo Duarte y Ram\u00f3n Mat\u00edas Mella son los padres fundadores de la Rep\u00fablica Dominicana.<\/p>\n\n\n\n<figure class=\"wp-block-image size-large\"><img loading=\"lazy\" decoding=\"async\" width=\"1024\" height=\"683\" src=\"https:\/\/diariodominicano.com\/wp-content\/uploads\/2024\/03\/WhatsApp-Image-2024-03-09-at-4.21.37-PM-1-1024x683.jpeg\" alt=\"\" class=\"wp-image-513959\" srcset=\"https:\/\/diariodominicano.com\/wp-content\/uploads\/2024\/03\/WhatsApp-Image-2024-03-09-at-4.21.37-PM-1-1024x683.jpeg 1024w, https:\/\/diariodominicano.com\/wp-content\/uploads\/2024\/03\/WhatsApp-Image-2024-03-09-at-4.21.37-PM-1-300x200.jpeg 300w, https:\/\/diariodominicano.com\/wp-content\/uploads\/2024\/03\/WhatsApp-Image-2024-03-09-at-4.21.37-PM-1-768x512.jpeg 768w, https:\/\/diariodominicano.com\/wp-content\/uploads\/2024\/03\/WhatsApp-Image-2024-03-09-at-4.21.37-PM-1-1536x1024.jpeg 1536w, https:\/\/diariodominicano.com\/wp-content\/uploads\/2024\/03\/WhatsApp-Image-2024-03-09-at-4.21.37-PM-1-2048x1365.jpeg 2048w, https:\/\/diariodominicano.com\/wp-content\/uploads\/2024\/03\/WhatsApp-Image-2024-03-09-at-4.21.37-PM-1-816x544.jpeg 816w\" sizes=\"auto, (max-width: 1024px) 100vw, 1024px\" \/><\/figure>\n\n\n\n<figure class=\"wp-block-image size-large\"><img loading=\"lazy\" decoding=\"async\" width=\"1024\" height=\"683\" src=\"https:\/\/diariodominicano.com\/wp-content\/uploads\/2024\/03\/WhatsApp-Image-2024-03-09-at-4.21.36-PM-1-1024x683.jpeg\" alt=\"\" class=\"wp-image-513960\" srcset=\"https:\/\/diariodominicano.com\/wp-content\/uploads\/2024\/03\/WhatsApp-Image-2024-03-09-at-4.21.36-PM-1-1024x683.jpeg 1024w, https:\/\/diariodominicano.com\/wp-content\/uploads\/2024\/03\/WhatsApp-Image-2024-03-09-at-4.21.36-PM-1-300x200.jpeg 300w, https:\/\/diariodominicano.com\/wp-content\/uploads\/2024\/03\/WhatsApp-Image-2024-03-09-at-4.21.36-PM-1-768x512.jpeg 768w, https:\/\/diariodominicano.com\/wp-content\/uploads\/2024\/03\/WhatsApp-Image-2024-03-09-at-4.21.36-PM-1-1536x1024.jpeg 1536w, https:\/\/diariodominicano.com\/wp-content\/uploads\/2024\/03\/WhatsApp-Image-2024-03-09-at-4.21.36-PM-1-2048x1365.jpeg 2048w, https:\/\/diariodominicano.com\/wp-content\/uploads\/2024\/03\/WhatsApp-Image-2024-03-09-at-4.21.36-PM-1-816x544.jpeg 816w\" sizes=\"auto, (max-width: 1024px) 100vw, 1024px\" \/><\/figure>\n\n\n\n<p>Francisco del Rosario S\u00e1nchez, destacado l\u00edder y miembro de los Trinitarios, desempe\u00f1\u00f3 un papel crucial en la gesta independentista que condujo a la creaci\u00f3n de la Rep\u00fablica Dominicana. Su valent\u00eda, dedicaci\u00f3n y contribuciones invaluables al logro de la independencia son un testimonio perdurable en la historia nacional.<\/p>\n\n\n\n<p>El acto de develaci\u00f3n, celebrado en el parque central de Hondo Valle, fue encabezado por el comandante del Comando Conjunto Sur, general de brigada Euler Sierra P\u00e9rez, FARD, en representaci\u00f3n del ministro de Defensa, teniente general Carlos Luciano D\u00edaz Morfa, ERD.<\/p>\n\n\n\n<p>Sierra P\u00e9rez expres\u00f3 en el acto que el \u201cpr\u00f3cer fue un independentista invaluable el cual muri\u00f3 por nosotros a la edad de 44 a\u00f1os\u201d.<\/p>\n\n\n\n<p>El general de brigada Sierra P\u00e9rez tambi\u00e9n resalt\u00f3 que por instrucciones del se\u00f1or ministro de Defensa, teniente general Carlos Luciano D\u00edaz Morfa, ERD, no se dejar\u00e1 pasar ninguna fecha patri\u00f3tica y se celebraran con orgullo nuestros s\u00edmbolos patrios para mantener viva la llama del patriotismo y el amor por la naci\u00f3n.<\/p>\n\n\n\n<p>El busto captura y muestra la esencia y el esp\u00edritu indomable de Francisco del Rosario S\u00e1nchez. La elecci\u00f3n de Hondo Valle como el lugar para este monumento subraya la importancia hist\u00f3rica de la localidad y su conexi\u00f3n intr\u00ednseca con los eventos que dieron forma a la naci\u00f3n.<\/p>\n\n\n\n<p>La iniciativa de develar el busto en este pueblo refleja el compromiso de las Fuerzas Armadas de preservar y difundir la memoria hist\u00f3rica de la Rep\u00fablica Dominicana. La colaboraci\u00f3n entre el ministerio y la comunidad local resalta la importancia de unir esfuerzos en ese sentido.<\/p>\n\n\n\n<p>La orden del d\u00eda fue le\u00edda en el acto por el 2do. teniente Vizca\u00edno Cruz, ERD, donde estuvieron presentes el alcalde electo del municipio, Donaciano De la Cruz; Johnson Encarnaci\u00f3n, Asesor honor\u00edfico del presidente para el desarrollo de la provincia El\u00edas Pi\u00f1a; la gobernadora de la provincia de El\u00edas Pi\u00f1a, Millys Johanna Mart\u00ednez; el C\u00f3nsul de Belladere, Hait\u00ed, licenciado Miguel Valenzuela y el Diputado Israel Porfirio Ma\u00f1\u00f3n, entre otras autoridades civiles y militares.<\/p>\n\n\n\n<p><strong><em>Departamento de Prensa<\/em><\/strong><\/p>\n\n\n\n<p><em><strong>Direcci\u00f3n de Asuntos Civiles del Estado Mayor Conjunto, J5<\/strong><\/em><\/p>\n\n\n\n<p><em><strong>Ministerio de Defensa de Rep\u00fablica Dominicana<\/strong><\/em><\/p>\n\n\n\n<p><\/p>\n","protected":false},"excerpt":{"rendered":"<p>El acto fue encabezado por el comandante del Comando Conjunto Sur, general de brigada Euler Sierra P\u00e9rez, FARD, en representaci\u00f3n del ministro de Defensa, teniente general Carlos Luciano D\u00edaz Morfa, ERD. EL\u00cdAS PI\u00d1A, HONDO VALLE. &#8211; En un solemne acto patri\u00f3tico el Ministerio de Defensa (MIDE), rindi\u00f3 homenaje al Patricio Francisco del Rosario S\u00e1nchez en [&hellip;]<\/p>\n","protected":false},"author":28,"featured_media":513954,"comment_status":"closed","ping_status":"","sticky":true,"template":"","format":"standard","meta":{"footnotes":""},"categories":[20,26,27],"tags":[],"class_list":["post-513953","post","type-post","status-publish","format-standard","has-post-thumbnail","hentry","category-dominicana-hoy","category-efemerides","category-portada"],"_links":{"self":[{"href":"https:\/\/diariodominicano.com\/index.php?rest_route=\/wp\/v2\/posts\/513953","targetHints":{"allow":["GET"]}}],"collection":[{"href":"https:\/\/diariodominicano.com\/index.php?rest_route=\/wp\/v2\/posts"}],"about":[{"href":"https:\/\/diariodominicano.com\/index.php?rest_route=\/wp\/v2\/types\/post"}],"author":[{"embeddable":true,"href":"https:\/\/diariodominicano.com\/index.php?rest_route=\/wp\/v2\/users\/28"}],"replies":[{"embeddable":true,"href":"https:\/\/diariodominicano.com\/index.php?rest_route=%2Fwp%2Fv2%2Fcomments&post=513953"}],"version-history":[{"count":3,"href":"https:\/\/diariodominicano.com\/index.php?rest_route=\/wp\/v2\/posts\/513953\/revisions"}],"predecessor-version":[{"id":513961,"href":"https:\/\/diariodominicano.com\/index.php?rest_route=\/wp\/v2\/posts\/513953\/revisions\/513961"}],"wp:featuredmedia":[{"embeddable":true,"href":"https:\/\/diariodominicano.com\/index.php?rest_route=\/wp\/v2\/media\/513954"}],"wp:attachment":[{"href":"https:\/\/diariodominicano.com\/index.php?rest_route=%2Fwp%2Fv2%2Fmedia&parent=513953"}],"wp:term":[{"taxonomy":"category","embeddable":true,"href":"https:\/\/diariodominicano.com\/index.php?rest_route=%2Fwp%2Fv2%2Fcategories&post=513953"},{"taxonomy":"post_tag","embeddable":true,"href":"https:\/\/diariodominicano.com\/index.php?rest_route=%2Fwp%2Fv2%2Ftags&post=513953"}],"curies":[{"name":"wp","href":"https:\/\/api.w.org\/{rel}","templated":true}]}}