{"id":513949,"date":"2024-03-09T19:50:54","date_gmt":"2024-03-09T23:50:54","guid":{"rendered":"https:\/\/diariodominicano.com\/?p=513949"},"modified":"2024-03-09T19:50:54","modified_gmt":"2024-03-09T23:50:54","slug":"la-presidencia-de-la-republica-y-el-ministerio-de-la-mujer-reconocen-con-la-medalla-al-merito-a-18-mujeres-destacadas-en-diferentes-areas-del-acontecer-nacional","status":"publish","type":"post","link":"https:\/\/diariodominicano.com\/?p=513949","title":{"rendered":"La Presidencia de la Rep\u00fablica y el Ministerio de la Mujer reconocen con la Medalla al M\u00e9rito a 18 mujeres destacadas en diferentes \u00e1reas del acontecer nacional"},"content":{"rendered":"\n<p>El presidente Luis Abinader destac\u00f3 los aportes de las damas que .recibieron la  Medalla al M\u00e9rito de la Mujer Dominicana 2024.<\/p>\n\n\n\n<p><strong>Santo Domingo, RD.<\/strong> El presidente  Luis Abinader, la vicepresidenta Raquel Pe\u00f1a; la primera dama, Raquel Arbaje; y la ministra de la Mujer Mayra Jim\u00e9nez entregaron la Medalla al M\u00e9rito de la Mujer Dominicana 2024, a 18 mujeres cuya trayectoria se ha convertido en referente para la sociedad, en ocasi\u00f3n del 8 de marzo, D\u00eda Internacional de la Mujer.<\/p>\n\n\n\n<figure class=\"wp-block-image size-large\"><img loading=\"lazy\" decoding=\"async\" width=\"1024\" height=\"681\" src=\"https:\/\/diariodominicano.com\/wp-content\/uploads\/2024\/03\/Las-18-galardonadas-con-la-Medalla-al-Merito-de-la-Mujer-Dominicana-2024-1024x681.jpeg\" alt=\"\" class=\"wp-image-513951\" srcset=\"https:\/\/diariodominicano.com\/wp-content\/uploads\/2024\/03\/Las-18-galardonadas-con-la-Medalla-al-Merito-de-la-Mujer-Dominicana-2024-1024x681.jpeg 1024w, https:\/\/diariodominicano.com\/wp-content\/uploads\/2024\/03\/Las-18-galardonadas-con-la-Medalla-al-Merito-de-la-Mujer-Dominicana-2024-300x200.jpeg 300w, https:\/\/diariodominicano.com\/wp-content\/uploads\/2024\/03\/Las-18-galardonadas-con-la-Medalla-al-Merito-de-la-Mujer-Dominicana-2024-768x511.jpeg 768w, https:\/\/diariodominicano.com\/wp-content\/uploads\/2024\/03\/Las-18-galardonadas-con-la-Medalla-al-Merito-de-la-Mujer-Dominicana-2024-1536x1022.jpeg 1536w, https:\/\/diariodominicano.com\/wp-content\/uploads\/2024\/03\/Las-18-galardonadas-con-la-Medalla-al-Merito-de-la-Mujer-Dominicana-2024-2048x1363.jpeg 2048w, https:\/\/diariodominicano.com\/wp-content\/uploads\/2024\/03\/Las-18-galardonadas-con-la-Medalla-al-Merito-de-la-Mujer-Dominicana-2024-816x543.jpeg 816w\" sizes=\"auto, (max-width: 1024px) 100vw, 1024px\" \/><\/figure>\n\n\n\n<p>La ministra Mayra Jim\u00e9nez, dijo que el D\u00eda Internacional de la Mujeres, es propicio para reafirmar el compromiso de seguir avanzando en la implementaci\u00f3n de pol\u00edticas para la igualdad y la equidad. De igual modo, reconoci\u00f3 a las mujeres de este tiempo que se levantan cada ma\u00f1ana con la fuerza inquebrantable de generan bienestar para su familia y para su pa\u00eds, a trav\u00e9s de la ense\u00f1anza, de la labor comunitaria, de sus emprendimientos, de carreras notables y de sus ideales.<\/p>\n\n\n\n<p>\u201cUstedes, queridas galardonadas, junto a las 462 mujeres que han sido reconocidas con la Medalla al M\u00e9rito de la Mujer Dominicana, constituyen el testimonio fiel de los grandes aportes de las dominicanas a la construcci\u00f3n de la Rep\u00fablica y a la consolidaci\u00f3n de la democracia\u201d.<\/p>\n\n\n\n<p>El presidente Luis Abinader, se\u00f1al\u00f3 que \u201clos avances son muchos en materia de pol\u00edticas p\u00fablicas para la igualdad. Sin embargo, persisten desaf\u00edos, como lo es dotar al pa\u00eds de una ley integral para hacerle frente a la violencia contra las mujeres, la cual he remitido al Congreso Nacional y reiterado la necesidad de su urgente ponderaci\u00f3n y aprobaci\u00f3n por parte de los legisladores\u201d.<\/p>\n\n\n\n<p>En el acto  llevado a cabo en el Palacio de Bellas Artes, recibieron la Medalla al M\u00e9rito de la\u00a0 Mujer Dominicana: Antonia Ant\u00f3n Espinal en la categor\u00eda destacada en el Sector Financiero; Petronila Castillo en la categor\u00eda Participaci\u00f3n Pol\u00edtica; Raquel Corona Pe\u00f1a, destacada en el extranjero; Sonia Argentina Inoa en la categor\u00eda Profesional; Cesarina Fabi\u00e1n Medina en la categor\u00eda Social; Dinanyiris F\u00farcal Hern\u00e1ndez en la categor\u00eda Deporte; Elba Seneida Garc\u00eda Guti\u00e9rrez en la categor\u00eda Emprendimiento.<\/p>\n\n\n\n<p>Tambi\u00e9n fueron reconocidas Nelly Margarita Heredia Agramonte en la categor\u00eda Comunitaria; Yanet Jim\u00e9nez Cabral en la categor\u00eda Policial; Ciana Diamantina Mart\u00ednez Valdez en la categor\u00eda Educaci\u00f3n; Lusitania Francisca Mart\u00ednez Jim\u00e9nez en la categor\u00eda Feminista; Reyes Altagracia Morel Baldayac en la categor\u00eda Empresarial; Ylonka Nacidit \u2013 Perdomo en la categor\u00eda Cultural \u2013 Art\u00edstica; Mar\u00eda de Jes\u00fas P\u00e9rez en la categor\u00eda Sindical; Alicia Rojas Arias en la categor\u00eda Rural; Ang\u00e9lica Wendolin Rosa Dur\u00e1n en la categor\u00eda Militar; Loida Esther Tejera Williams en la categor\u00eda Religiosa; y Milagros Urraca Espinosa en la categor\u00eda Inclusi\u00f3n.<\/p>\n\n\n\n<p>La Medalla al M\u00e9rito de la Mujer Dominicana fue creada mediante el Decreto 3013-85 del Poder Ejecutivo, el 29 de mayo de 1985 y su objetivo es honrar a mujeres dominicanas o nacionalizadas destacadas en diferentes \u00e1reas del acontecer nacional.<\/p>\n\n\n\n<p>En esta ocasi\u00f3n, el Ministerio de la Mujer recibi\u00f3 y evalu\u00f3 165 propuestas y el Consejo Consultivo que integran representantes de 22 instituciones en el cual el Ministerio de la Mujer tiene un voto, escogi\u00f3 a las 18 mujeres con las que suman 58 la cantidad de condecoraciones que ha impuesto el presidente Luis Abinader, durante su gesti\u00f3n, desde el a\u00f1o 2021.<\/p>\n\n\n\n<p>Prensa Ministerio de la Mujer<\/p>\n\n\n\n<p><a target=\"_blank\" href=\"mailto:prensa@mujergobdo.onmicrosoft.com\" rel=\"noreferrer noopener\">prensa@mujergobdo.onmicrosoft.com<\/a><\/p>\n","protected":false},"excerpt":{"rendered":"<p>El presidente Luis Abinader destac\u00f3 los aportes de las damas que .recibieron la Medalla al M\u00e9rito de la Mujer Dominicana 2024. Santo Domingo, RD. El presidente Luis Abinader, la vicepresidenta Raquel Pe\u00f1a; la primera dama, Raquel Arbaje; y la ministra de la Mujer Mayra Jim\u00e9nez entregaron la Medalla al M\u00e9rito de la Mujer Dominicana 2024, [&hellip;]<\/p>\n","protected":false},"author":28,"featured_media":513950,"comment_status":"closed","ping_status":"","sticky":true,"template":"","format":"standard","meta":{"footnotes":""},"categories":[20,26,27],"tags":[],"class_list":["post-513949","post","type-post","status-publish","format-standard","has-post-thumbnail","hentry","category-dominicana-hoy","category-efemerides","category-portada"],"_links":{"self":[{"href":"https:\/\/diariodominicano.com\/index.php?rest_route=\/wp\/v2\/posts\/513949","targetHints":{"allow":["GET"]}}],"collection":[{"href":"https:\/\/diariodominicano.com\/index.php?rest_route=\/wp\/v2\/posts"}],"about":[{"href":"https:\/\/diariodominicano.com\/index.php?rest_route=\/wp\/v2\/types\/post"}],"author":[{"embeddable":true,"href":"https:\/\/diariodominicano.com\/index.php?rest_route=\/wp\/v2\/users\/28"}],"replies":[{"embeddable":true,"href":"https:\/\/diariodominicano.com\/index.php?rest_route=%2Fwp%2Fv2%2Fcomments&post=513949"}],"version-history":[{"count":1,"href":"https:\/\/diariodominicano.com\/index.php?rest_route=\/wp\/v2\/posts\/513949\/revisions"}],"predecessor-version":[{"id":513952,"href":"https:\/\/diariodominicano.com\/index.php?rest_route=\/wp\/v2\/posts\/513949\/revisions\/513952"}],"wp:featuredmedia":[{"embeddable":true,"href":"https:\/\/diariodominicano.com\/index.php?rest_route=\/wp\/v2\/media\/513950"}],"wp:attachment":[{"href":"https:\/\/diariodominicano.com\/index.php?rest_route=%2Fwp%2Fv2%2Fmedia&parent=513949"}],"wp:term":[{"taxonomy":"category","embeddable":true,"href":"https:\/\/diariodominicano.com\/index.php?rest_route=%2Fwp%2Fv2%2Fcategories&post=513949"},{"taxonomy":"post_tag","embeddable":true,"href":"https:\/\/diariodominicano.com\/index.php?rest_route=%2Fwp%2Fv2%2Ftags&post=513949"}],"curies":[{"name":"wp","href":"https:\/\/api.w.org\/{rel}","templated":true}]}}