{"id":513930,"date":"2024-03-09T16:50:58","date_gmt":"2024-03-09T20:50:58","guid":{"rendered":"https:\/\/diariodominicano.com\/?p=513930"},"modified":"2024-03-09T19:24:28","modified_gmt":"2024-03-09T23:24:28","slug":"presidente-instituto-duartiano-ve-atinada-negar-entrada-al-pais-premier-de-haiti","status":"publish","type":"post","link":"https:\/\/diariodominicano.com\/?p=513930","title":{"rendered":"Presidente Instituto Duartiano ve atinada negar entrada al pa\u00eds a premier de Hait\u00ed"},"content":{"rendered":"\n<p><em><strong>En el acto de conmemoraci\u00f3n del 207 aniversario de Francisco del Rosario S\u00e1nchez, el presidente del organismo, Wilson G\u00f3mez Ram\u00edrez, resalt\u00f3 que la convicci\u00f3n del patricio en favor de la libertad y su oposici\u00f3n a la anexi\u00f3n a Espa\u00f1a le cost\u00f3 el exilio y la muerte<\/strong><\/em>.<\/p>\n\n\n\n<p><strong>Santo Domingo, R.D.-&nbsp;<\/strong>El presidente del Instituto Duartiano, Wilson G\u00f3mez Ram\u00edrez, consider\u00f3 como atinada la decisi\u00f3n de las autoridades nacionales de negar el ingreso al espacio a\u00e9reo y a suelo dominicanos de forma indefinida al premier haitiano, Ariel Henry, porque su presencia aqu\u00ed provocar\u00eda serias dificultades para el pa\u00eds.<\/p>\n\n\n\n<p>El dirigente del organismo patri\u00f3tico sugiri\u00f3 que se extremen las medidas de seguridad y que contin\u00fae cerrando la frontera con la vecina Naci\u00f3n, no solo en los puntos de chequeos formales, sino en todo el per\u00edmetro de la l\u00ednea divisoria con Hait\u00ed.<\/p>\n\n\n\n<p>G\u00f3mez Ram\u00edrez intervino este s\u00e1bado al encabezar una ofrenda floral en el Altar de la Patria, en el parque Independencia, en conmemoraci\u00f3n del 207 aniversario del natalicio de Francisco del Rosario S\u00e1nchez, con la participaci\u00f3n de directivos, miembros y colaboradores del Instituto Duartiano.<\/p>\n\n\n\n<p>\u201cTenemos que ser cautos con la coyuntura que vive Hait\u00ed, debemos aplicar los controles de manera estricta a sus ciudadanos, no solo con los datos biom\u00e9tricos a la poblaci\u00f3n que viene al mercado binacional, sino con otras medidas, porque todo el mundo sabe que por esa zona ingresa un importante n\u00famero de personas\u201d, dijo.<\/p>\n\n\n\n<p>Sobre el patricio Mella destac\u00f3 que fue un gran abogado, estratega pol\u00edtico y activista que, en la proclamaci\u00f3n de la Independencia, junto a Ram\u00f3n Mella y otros trinitarios, tom\u00f3 las riendas de la lucha tras la forzosa ausencia de Duarte por las persecuciones del ej\u00e9rcito haitiano.<\/p>\n\n\n\n<p>Manifest\u00f3 que \u201centre los grandes m\u00e9ritos de S\u00e1nchez figura el acto heroico de haber le\u00eddo la proclama de la Independencia Nacional en la Puerta del Conde, presidiendo el gobierno provisional\u201d.<\/p>\n\n\n\n<p>Agreg\u00f3 que \u201cluego de tres meses y medio de haberse consumado la traici\u00f3n de Santana con la anexi\u00f3n a Espa\u00f1a, S\u00e1nchez entr\u00f3 al territorio dominicano con la determinaci\u00f3n de combatir a los espa\u00f1oles y fue capturado y asesinado el 4 de julio de 1861, junto a una veintena de patriotas\u201d.<\/p>\n\n\n\n<p>El presidente del Instituto Duartiano resalt\u00f3 los invaluables aportes de S\u00e1nchez, quien asumi\u00f3 el compromiso de luchar resueltamente por su soberan\u00eda y dijo que sin su obra independentista el territorio que hoy ocupamos ser\u00eda un espacio aislado y abandonado en la m\u00e1s espantosa miseria y atraso socio-cultural.<\/p>\n\n\n\n<p>A la actividad asistieron directivos, miembros y servidores de la entidad, quienes tambi\u00e9n rindieron honores al patricio, en el marco de las actividades que desarrollan en la capital, los centros duartianos en el interior del pa\u00eds y las filiales duartianas del exterior.<\/p>\n\n\n\n<p><strong>Sobre el Instituto Duartiano<\/strong><\/p>\n\n\n\n<p>El Instituto Duartiano es un organismo de car\u00e1cter oficial y aut\u00f3nomo, fundado el 26 de enero de 1964, y la Ley n\u00famero 127-01, del 27 de julio de 2001, le otorg\u00f3 autonom\u00eda.<\/p>\n\n\n\n<p>Tiene como objetivo promover la difusi\u00f3n de los ideales, la vida y el ejemplo del patricio Juan Pablo Duarte, as\u00ed como los valores patrios y los gloriosos acontecimientos hist\u00f3ricos de nuestro pa\u00eds. Esta es la instituci\u00f3n responsable de velar por el respeto a la memoria del patricio y por preservar su imagen y buen nombre.<\/p>\n\n\n\n<p>Tiene la misi\u00f3n de llevar al pueblo dominicano la historia de Juan Pablo Duarte y tratar de que, por medio del conocimiento de sus ideales, laboriosidad, honestidad acrisolada, patriotismo, esp\u00edritu de servicio y vida ejemplar, exista un mejor ciudadano y una patria justa y feliz, como la so\u00f1\u00f3 el padre de la Patria.<\/p>\n\n\n\n<p>Enver L\u00f3pez Milander<\/p>\n\n\n\n<p><a target=\"_blank\" href=\"mailto:enverolm@gmail.com\" rel=\"noreferrer noopener\">enverolm@gmail.com<\/a><\/p>\n","protected":false},"excerpt":{"rendered":"<p>En el acto de conmemoraci\u00f3n del 207 aniversario de Francisco del Rosario S\u00e1nchez, el presidente del organismo, Wilson G\u00f3mez Ram\u00edrez, resalt\u00f3 que la convicci\u00f3n del patricio en favor de la libertad y su oposici\u00f3n a la anexi\u00f3n a Espa\u00f1a le cost\u00f3 el exilio y la muerte. Santo Domingo, R.D.-&nbsp;El presidente del Instituto Duartiano, Wilson G\u00f3mez [&hellip;]<\/p>\n","protected":false},"author":28,"featured_media":511229,"comment_status":"closed","ping_status":"","sticky":true,"template":"","format":"standard","meta":{"footnotes":""},"categories":[20,26,27],"tags":[],"class_list":["post-513930","post","type-post","status-publish","format-standard","has-post-thumbnail","hentry","category-dominicana-hoy","category-efemerides","category-portada"],"_links":{"self":[{"href":"https:\/\/diariodominicano.com\/index.php?rest_route=\/wp\/v2\/posts\/513930","targetHints":{"allow":["GET"]}}],"collection":[{"href":"https:\/\/diariodominicano.com\/index.php?rest_route=\/wp\/v2\/posts"}],"about":[{"href":"https:\/\/diariodominicano.com\/index.php?rest_route=\/wp\/v2\/types\/post"}],"author":[{"embeddable":true,"href":"https:\/\/diariodominicano.com\/index.php?rest_route=\/wp\/v2\/users\/28"}],"replies":[{"embeddable":true,"href":"https:\/\/diariodominicano.com\/index.php?rest_route=%2Fwp%2Fv2%2Fcomments&post=513930"}],"version-history":[{"count":5,"href":"https:\/\/diariodominicano.com\/index.php?rest_route=\/wp\/v2\/posts\/513930\/revisions"}],"predecessor-version":[{"id":513943,"href":"https:\/\/diariodominicano.com\/index.php?rest_route=\/wp\/v2\/posts\/513930\/revisions\/513943"}],"wp:featuredmedia":[{"embeddable":true,"href":"https:\/\/diariodominicano.com\/index.php?rest_route=\/wp\/v2\/media\/511229"}],"wp:attachment":[{"href":"https:\/\/diariodominicano.com\/index.php?rest_route=%2Fwp%2Fv2%2Fmedia&parent=513930"}],"wp:term":[{"taxonomy":"category","embeddable":true,"href":"https:\/\/diariodominicano.com\/index.php?rest_route=%2Fwp%2Fv2%2Fcategories&post=513930"},{"taxonomy":"post_tag","embeddable":true,"href":"https:\/\/diariodominicano.com\/index.php?rest_route=%2Fwp%2Fv2%2Ftags&post=513930"}],"curies":[{"name":"wp","href":"https:\/\/api.w.org\/{rel}","templated":true}]}}