{"id":513927,"date":"2024-03-09T16:43:20","date_gmt":"2024-03-09T20:43:20","guid":{"rendered":"https:\/\/diariodominicano.com\/?p=513927"},"modified":"2024-03-09T16:43:20","modified_gmt":"2024-03-09T20:43:20","slug":"mide-conmemora-con-ofrenda-floral-207-aniversario-del-natalicio-del-procer-francisco-del-rosario-sanchez","status":"publish","type":"post","link":"https:\/\/diariodominicano.com\/?p=513927","title":{"rendered":"MIDE conmemora con ofrenda floral 207 Aniversario del natalicio del pr\u00f3cer Francisco del Rosario S\u00e1nchez"},"content":{"rendered":"\n<p>Con motivo del 207 aniversario del natalicio del Padre de la Patria, General de Divisi\u00f3n Francisco Rosario S\u00e1nchez, comisiones del Ej\u00e9rcito, Armada y Fuerza A\u00e9rea de Rep\u00fablica Dominica y la Polic\u00eda Nacional depositaron ofrenda floral en el Altar de la Patria.<br><br>La ceremonia, encabezada por el general de brigada Rafael Almonte Cid, comandante del Comando Conjunto Metropolitano de las Fuerzas Armadas, en representaci\u00f3n del teniente general Carlos Luciano D\u00edaz Morfa, ERD, ministro de Defensa, iniciaron con la colocaci\u00f3n de una ofrenda floral en el lugar sagrado donde descansan las cenizas del pr\u00f3cer, junto a los Padres de la Patria Juan Pablo Duarte y Ram\u00f3n Mat\u00edas Mella en el Altar de la Patria, del parque Independencia.<br><br>La rese\u00f1a hist\u00f3rica estuvo a cargo del coronel S\u00f3crates Suazo Ruiz, ERD, director de Historia del MIDE, quien resalt\u00f3 \u00abla hoja de vida del pr\u00f3cer Francisco del Rosario S\u00e1nchez, el valor y compromiso que tuvo con la fundaci\u00f3n de la Rep\u00fablica\u00bb, \u00absu fidelidad a los ideales trinitarios lo impulsaron a combatir toda acci\u00f3n que atentara contra los intereses de la naci\u00f3n, alcanzado la inmortalidad al enfrentar con las armas en las manos, la anexi\u00f3n a Espa\u00f1a en 1861\u00bb.<strong><\/strong><\/p>\n\n\n\n<p><strong><em>Departamento de Prensa<\/em><\/strong><\/p>\n\n\n\n<p><em><strong>Direcci\u00f3n de Asuntos Civiles del Estado Mayor Conjunto, J5<\/strong><\/em><\/p>\n\n\n\n<p><em><strong>Ministerio de Defensa de Rep\u00fablica Dominicana<\/strong><\/em><\/p>\n","protected":false},"excerpt":{"rendered":"<p>Con motivo del 207 aniversario del natalicio del Padre de la Patria, General de Divisi\u00f3n Francisco Rosario S\u00e1nchez, comisiones del Ej\u00e9rcito, Armada y Fuerza A\u00e9rea de Rep\u00fablica Dominica y la Polic\u00eda Nacional depositaron ofrenda floral en el Altar de la Patria. La ceremonia, encabezada por el general de brigada Rafael Almonte Cid, comandante del Comando [&hellip;]<\/p>\n","protected":false},"author":28,"featured_media":513928,"comment_status":"closed","ping_status":"","sticky":true,"template":"","format":"standard","meta":{"footnotes":""},"categories":[20,26,27],"tags":[],"class_list":["post-513927","post","type-post","status-publish","format-standard","has-post-thumbnail","hentry","category-dominicana-hoy","category-efemerides","category-portada"],"_links":{"self":[{"href":"https:\/\/diariodominicano.com\/index.php?rest_route=\/wp\/v2\/posts\/513927","targetHints":{"allow":["GET"]}}],"collection":[{"href":"https:\/\/diariodominicano.com\/index.php?rest_route=\/wp\/v2\/posts"}],"about":[{"href":"https:\/\/diariodominicano.com\/index.php?rest_route=\/wp\/v2\/types\/post"}],"author":[{"embeddable":true,"href":"https:\/\/diariodominicano.com\/index.php?rest_route=\/wp\/v2\/users\/28"}],"replies":[{"embeddable":true,"href":"https:\/\/diariodominicano.com\/index.php?rest_route=%2Fwp%2Fv2%2Fcomments&post=513927"}],"version-history":[{"count":1,"href":"https:\/\/diariodominicano.com\/index.php?rest_route=\/wp\/v2\/posts\/513927\/revisions"}],"predecessor-version":[{"id":513929,"href":"https:\/\/diariodominicano.com\/index.php?rest_route=\/wp\/v2\/posts\/513927\/revisions\/513929"}],"wp:featuredmedia":[{"embeddable":true,"href":"https:\/\/diariodominicano.com\/index.php?rest_route=\/wp\/v2\/media\/513928"}],"wp:attachment":[{"href":"https:\/\/diariodominicano.com\/index.php?rest_route=%2Fwp%2Fv2%2Fmedia&parent=513927"}],"wp:term":[{"taxonomy":"category","embeddable":true,"href":"https:\/\/diariodominicano.com\/index.php?rest_route=%2Fwp%2Fv2%2Fcategories&post=513927"},{"taxonomy":"post_tag","embeddable":true,"href":"https:\/\/diariodominicano.com\/index.php?rest_route=%2Fwp%2Fv2%2Ftags&post=513927"}],"curies":[{"name":"wp","href":"https:\/\/api.w.org\/{rel}","templated":true}]}}