{"id":513912,"date":"2024-03-09T12:46:52","date_gmt":"2024-03-09T16:46:52","guid":{"rendered":"https:\/\/diariodominicano.com\/?p=513912"},"modified":"2024-03-09T12:50:25","modified_gmt":"2024-03-09T16:50:25","slug":"alto-mando-militar-y-funcionarios-civiles-se-reunen-en-el-mide-para-preparar-posible-evacuacion-aerea-de-emergencia-ante-escalada-de-violencia-en-haiti","status":"publish","type":"post","link":"https:\/\/diariodominicano.com\/?p=513912","title":{"rendered":"Alto mando militar y funcionarios civiles se re\u00fanen en el MIDE para preparar posible evacuaci\u00f3n a\u00e9rea de emergencia, ante escalada de violencia en Hait\u00ed"},"content":{"rendered":"\n<p>El Ministro de Defensa se reuni\u00f3 con oficiales del Estado Mayor General y Conjunto, asesores y representantes del poder ejecutivo, para revisar protocolos de seguridad y ejecutar en el caso de que sea necesario, una evacuaci\u00f3n de emergencia v\u00eda a\u00e9rea desde Hait\u00ed hacia Rep\u00fablica Dominicana.<\/p>\n\n\n\n<figure class=\"wp-block-image size-large\"><img loading=\"lazy\" decoding=\"async\" width=\"678\" height=\"1024\" src=\"https:\/\/diariodominicano.com\/wp-content\/uploads\/2024\/03\/WhatsApp-Image-2024-03-09-at-6.32.59-AM-678x1024.jpeg\" alt=\"\" class=\"wp-image-513914\" srcset=\"https:\/\/diariodominicano.com\/wp-content\/uploads\/2024\/03\/WhatsApp-Image-2024-03-09-at-6.32.59-AM-678x1024.jpeg 678w, https:\/\/diariodominicano.com\/wp-content\/uploads\/2024\/03\/WhatsApp-Image-2024-03-09-at-6.32.59-AM-199x300.jpeg 199w, https:\/\/diariodominicano.com\/wp-content\/uploads\/2024\/03\/WhatsApp-Image-2024-03-09-at-6.32.59-AM-768x1160.jpeg 768w, https:\/\/diariodominicano.com\/wp-content\/uploads\/2024\/03\/WhatsApp-Image-2024-03-09-at-6.32.59-AM-1017x1536.jpeg 1017w, https:\/\/diariodominicano.com\/wp-content\/uploads\/2024\/03\/WhatsApp-Image-2024-03-09-at-6.32.59-AM-816x1233.jpeg 816w, https:\/\/diariodominicano.com\/wp-content\/uploads\/2024\/03\/WhatsApp-Image-2024-03-09-at-6.32.59-AM.jpeg 1059w\" sizes=\"auto, (max-width: 678px) 100vw, 678px\" \/><\/figure>\n\n\n\n<p> El ministro de Defensa teniente general Carlos Luciano D\u00edaz Morfa, ERD, encabeza\u2002la reuni\u00f3n.<\/p>\n\n\n\n<p>Con esta medida, el ministro de Defensa teniente general Carlos Luciano D\u00edaz Morfa, ERD, junto a los altos oficiales militares y autoridades civiles, busca garantizar la integridad de los funcionarios del gobierno dominicano y de hermanas naciones, que residen en territorio haitiano.<\/p>\n\n\n\n<p>Durante la reuni\u00f3n, se abordaron aspectos importantes de log\u00edstica para el abastecimiento de combustible, tr\u00e1mites migratorios, atenci\u00f3n m\u00e9dica y primeros auxilios. Se contempl\u00f3 el uso de los aeropuertos de Jiman\u00ed y El Hig\u00fcero como puntos de abastecimiento y acopio.<\/p>\n\n\n\n<p>Tambi\u00e9n se busca asegurar con este corredor de asistencia, el cumplimiento de medidas sanitarias para preservar la salud colectiva.<\/p>\n\n\n\n<p>La reuni\u00f3n fue encabezada en la parte militar por el ministro de Defensa, teniente general Carlos Luciano D\u00edaz Morfa, ERD, con la participaci\u00f3n tambi\u00e9n del asesor militar, naval y a\u00e9reo del Poder Ejecutivo, un representante de la direcci\u00f3n Nacional de Investigaciones, el director General del Cuerpo Especializado en Seguridad Aeroportuaria y de Aviaci\u00f3n Civil y el director general de seguridad del Ministerio de Relaciones Exteriores.<\/p>\n\n\n\n<p>Representando a las instituciones civiles del estado, participaron el se\u00f1or Marte Piantini, &nbsp;presidente de la Junta de Aviaci\u00f3n Civil &nbsp;y la secretaria de esta entidad, la se\u00f1ora Paola Pl\u00e1 Puello, as\u00ed como el se\u00f1or Eladio P\u00e9rez Antonio, viceministro de Salud Colectiva del Ministerio de Salud y la se\u00f1ora Yudelka Garc\u00eda, directora de Control Migratorio de la direcci\u00f3n &nbsp;general de Migraci\u00f3n.<br><\/p>\n\n\n\n<p><strong><em>Departamento de Prensa<\/em><\/strong><\/p>\n\n\n\n<p><em><strong>Direcci\u00f3n de Asuntos Civiles del Estado Mayor Conjunto, J5<\/strong><\/em><\/p>\n\n\n\n<p><em><strong>Ministerio de Defensa de Rep\u00fablica Dominicana<\/strong><\/em><\/p>\n","protected":false},"excerpt":{"rendered":"<p>El Ministro de Defensa se reuni\u00f3 con oficiales del Estado Mayor General y Conjunto, asesores y representantes del poder ejecutivo, para revisar protocolos de seguridad y ejecutar en el caso de que sea necesario, una evacuaci\u00f3n de emergencia v\u00eda a\u00e9rea desde Hait\u00ed hacia Rep\u00fablica Dominicana. El ministro de Defensa teniente general Carlos Luciano D\u00edaz Morfa, [&hellip;]<\/p>\n","protected":false},"author":28,"featured_media":513913,"comment_status":"closed","ping_status":"","sticky":true,"template":"","format":"standard","meta":{"footnotes":""},"categories":[20,27],"tags":[],"class_list":["post-513912","post","type-post","status-publish","format-standard","has-post-thumbnail","hentry","category-dominicana-hoy","category-portada"],"_links":{"self":[{"href":"https:\/\/diariodominicano.com\/index.php?rest_route=\/wp\/v2\/posts\/513912","targetHints":{"allow":["GET"]}}],"collection":[{"href":"https:\/\/diariodominicano.com\/index.php?rest_route=\/wp\/v2\/posts"}],"about":[{"href":"https:\/\/diariodominicano.com\/index.php?rest_route=\/wp\/v2\/types\/post"}],"author":[{"embeddable":true,"href":"https:\/\/diariodominicano.com\/index.php?rest_route=\/wp\/v2\/users\/28"}],"replies":[{"embeddable":true,"href":"https:\/\/diariodominicano.com\/index.php?rest_route=%2Fwp%2Fv2%2Fcomments&post=513912"}],"version-history":[{"count":3,"href":"https:\/\/diariodominicano.com\/index.php?rest_route=\/wp\/v2\/posts\/513912\/revisions"}],"predecessor-version":[{"id":513917,"href":"https:\/\/diariodominicano.com\/index.php?rest_route=\/wp\/v2\/posts\/513912\/revisions\/513917"}],"wp:featuredmedia":[{"embeddable":true,"href":"https:\/\/diariodominicano.com\/index.php?rest_route=\/wp\/v2\/media\/513913"}],"wp:attachment":[{"href":"https:\/\/diariodominicano.com\/index.php?rest_route=%2Fwp%2Fv2%2Fmedia&parent=513912"}],"wp:term":[{"taxonomy":"category","embeddable":true,"href":"https:\/\/diariodominicano.com\/index.php?rest_route=%2Fwp%2Fv2%2Fcategories&post=513912"},{"taxonomy":"post_tag","embeddable":true,"href":"https:\/\/diariodominicano.com\/index.php?rest_route=%2Fwp%2Fv2%2Ftags&post=513912"}],"curies":[{"name":"wp","href":"https:\/\/api.w.org\/{rel}","templated":true}]}}