{"id":513887,"date":"2024-03-09T12:06:55","date_gmt":"2024-03-09T16:06:55","guid":{"rendered":"https:\/\/diariodominicano.com\/?p=513887"},"modified":"2024-03-09T12:15:29","modified_gmt":"2024-03-09T16:15:29","slug":"con-tradicional-izada-de-bandera-ff-aa-conmemora-207-aniversario-del-natalicio-de-francisco-del-rosario-sanchez","status":"publish","type":"post","link":"https:\/\/diariodominicano.com\/?p=513887","title":{"rendered":"Con tradicional izada de bandera FF AA conmemora 207 aniversario del natalicio de Francisco del Rosario S\u00e1nchez"},"content":{"rendered":"\n<p>Con la tradicional izada de bandera las Fuerzas Armadas enaltecen y celebran la memoria del General de Divisi\u00f3n y Padre de la Patria Francisco del Rosario S\u00e1nchez, con motivo del 207 aniversario de su natalicio, con lo cual expresan su m\u00e1s profundo sentimiento de respeto, gratitud e identificaci\u00f3n con su conducta y espl\u00e9ndida hoja de vida como ciudadano, patriota y soldado.<\/p>\n\n\n\n<figure class=\"wp-block-image size-large\"><img loading=\"lazy\" decoding=\"async\" width=\"1024\" height=\"682\" src=\"https:\/\/diariodominicano.com\/wp-content\/uploads\/2024\/03\/WhatsApp-Image-2024-03-09-at-10.58.16-AM-1024x682.jpeg\" alt=\"\" class=\"wp-image-513891\" srcset=\"https:\/\/diariodominicano.com\/wp-content\/uploads\/2024\/03\/WhatsApp-Image-2024-03-09-at-10.58.16-AM-1024x682.jpeg 1024w, https:\/\/diariodominicano.com\/wp-content\/uploads\/2024\/03\/WhatsApp-Image-2024-03-09-at-10.58.16-AM-300x200.jpeg 300w, https:\/\/diariodominicano.com\/wp-content\/uploads\/2024\/03\/WhatsApp-Image-2024-03-09-at-10.58.16-AM-768x511.jpeg 768w, https:\/\/diariodominicano.com\/wp-content\/uploads\/2024\/03\/WhatsApp-Image-2024-03-09-at-10.58.16-AM-1536x1022.jpeg 1536w, https:\/\/diariodominicano.com\/wp-content\/uploads\/2024\/03\/WhatsApp-Image-2024-03-09-at-10.58.16-AM-2048x1363.jpeg 2048w, https:\/\/diariodominicano.com\/wp-content\/uploads\/2024\/03\/WhatsApp-Image-2024-03-09-at-10.58.16-AM-816x543.jpeg 816w\" sizes=\"auto, (max-width: 1024px) 100vw, 1024px\" \/><\/figure>\n\n\n\n<figure class=\"wp-block-image size-large\"><img loading=\"lazy\" decoding=\"async\" width=\"1024\" height=\"682\" src=\"https:\/\/diariodominicano.com\/wp-content\/uploads\/2024\/03\/WhatsApp-Image-2024-03-09-at-10.58.16-AM-1-1-1024x682.jpeg\" alt=\"\" class=\"wp-image-513893\" srcset=\"https:\/\/diariodominicano.com\/wp-content\/uploads\/2024\/03\/WhatsApp-Image-2024-03-09-at-10.58.16-AM-1-1-1024x682.jpeg 1024w, https:\/\/diariodominicano.com\/wp-content\/uploads\/2024\/03\/WhatsApp-Image-2024-03-09-at-10.58.16-AM-1-1-300x200.jpeg 300w, https:\/\/diariodominicano.com\/wp-content\/uploads\/2024\/03\/WhatsApp-Image-2024-03-09-at-10.58.16-AM-1-1-768x511.jpeg 768w, https:\/\/diariodominicano.com\/wp-content\/uploads\/2024\/03\/WhatsApp-Image-2024-03-09-at-10.58.16-AM-1-1-1536x1022.jpeg 1536w, https:\/\/diariodominicano.com\/wp-content\/uploads\/2024\/03\/WhatsApp-Image-2024-03-09-at-10.58.16-AM-1-1-2048x1363.jpeg 2048w, https:\/\/diariodominicano.com\/wp-content\/uploads\/2024\/03\/WhatsApp-Image-2024-03-09-at-10.58.16-AM-1-1-816x543.jpeg 816w\" sizes=\"auto, (max-width: 1024px) 100vw, 1024px\" \/><\/figure>\n\n\n\n<p><br><br>La ceremonia, realizada en el Recinto Militar \u201cGeneral de Divisi\u00f3n Ram\u00f3n Mat\u00edas Mella\u201d, inici\u00f3 con los honores militares de estilo, consistentes en Toque de Atenci\u00f3n Ordinaria, Presenten Armas, Dos Floreos y una salva de 15 ca\u00f1onazos con una pieza de artiller\u00eda al comp\u00e1s de las notas del Himno del Ej\u00e9rcito de Rep\u00fablica Dominicana, a cargo del Regimiento Guardia de Honor y de la Banda de M\u00fasica del Ministerio de Defensa (MIDE).<br><br>En el acto que fue encabezado por el ministro de Defensa teniente general, Carlos Luciano D\u00edaz Morfa, ERD y el Estado Mayor General y Conjunto de las Fuerzas Armadas, se dio lectura a la Orden del D\u00eda emitida por el titular del MIDE, quien destac\u00f3 \u00a0el compromiso \u201casumido por el trinitario Francisco del Rosario S\u00e1nchez, \u00a0su fidelidad a los ideales trinitarios lo impulsaron a combatir toda acci\u00f3n que atentara contra los intereses de la naci\u00f3n, alcanzando la inmortalidad al enfrentar con las armas en las manos la anexi\u00f3n a Espa\u00f1a en 1861, con la firme decisi\u00f3n de darlo todo por la Patria\u201d.<\/p>\n\n\n\n<figure class=\"wp-block-image size-large\"><img loading=\"lazy\" decoding=\"async\" width=\"1024\" height=\"682\" src=\"https:\/\/diariodominicano.com\/wp-content\/uploads\/2024\/03\/WhatsApp-Image-2024-03-09-at-10.58.17-AM-3-1024x682.jpeg\" alt=\"\" class=\"wp-image-513895\" srcset=\"https:\/\/diariodominicano.com\/wp-content\/uploads\/2024\/03\/WhatsApp-Image-2024-03-09-at-10.58.17-AM-3-1024x682.jpeg 1024w, https:\/\/diariodominicano.com\/wp-content\/uploads\/2024\/03\/WhatsApp-Image-2024-03-09-at-10.58.17-AM-3-300x200.jpeg 300w, https:\/\/diariodominicano.com\/wp-content\/uploads\/2024\/03\/WhatsApp-Image-2024-03-09-at-10.58.17-AM-3-768x511.jpeg 768w, https:\/\/diariodominicano.com\/wp-content\/uploads\/2024\/03\/WhatsApp-Image-2024-03-09-at-10.58.17-AM-3-1536x1022.jpeg 1536w, https:\/\/diariodominicano.com\/wp-content\/uploads\/2024\/03\/WhatsApp-Image-2024-03-09-at-10.58.17-AM-3-2048x1363.jpeg 2048w, https:\/\/diariodominicano.com\/wp-content\/uploads\/2024\/03\/WhatsApp-Image-2024-03-09-at-10.58.17-AM-3-816x543.jpeg 816w\" sizes=\"auto, (max-width: 1024px) 100vw, 1024px\" \/><\/figure>\n\n\n\n<figure class=\"wp-block-image size-large\"><img loading=\"lazy\" decoding=\"async\" width=\"1024\" height=\"682\" src=\"https:\/\/diariodominicano.com\/wp-content\/uploads\/2024\/03\/WhatsApp-Image-2024-03-09-at-10.58.18-AM-1-1024x682.jpeg\" alt=\"\" class=\"wp-image-513898\" srcset=\"https:\/\/diariodominicano.com\/wp-content\/uploads\/2024\/03\/WhatsApp-Image-2024-03-09-at-10.58.18-AM-1-1024x682.jpeg 1024w, https:\/\/diariodominicano.com\/wp-content\/uploads\/2024\/03\/WhatsApp-Image-2024-03-09-at-10.58.18-AM-1-300x200.jpeg 300w, https:\/\/diariodominicano.com\/wp-content\/uploads\/2024\/03\/WhatsApp-Image-2024-03-09-at-10.58.18-AM-1-768x511.jpeg 768w, https:\/\/diariodominicano.com\/wp-content\/uploads\/2024\/03\/WhatsApp-Image-2024-03-09-at-10.58.18-AM-1-1536x1022.jpeg 1536w, https:\/\/diariodominicano.com\/wp-content\/uploads\/2024\/03\/WhatsApp-Image-2024-03-09-at-10.58.18-AM-1-2048x1363.jpeg 2048w, https:\/\/diariodominicano.com\/wp-content\/uploads\/2024\/03\/WhatsApp-Image-2024-03-09-at-10.58.18-AM-1-816x543.jpeg 816w\" sizes=\"auto, (max-width: 1024px) 100vw, 1024px\" \/><\/figure>\n\n\n\n<p><br><br>La semblanza hist\u00f3rica estuvo a cargo del director general de Historia Militar del MIDE, coronel S\u00f3crates Suazo Ru\u00edz, ERD., quien dijo que el pr\u00f3cer \u201csiempre fue el primero en combatir la intolerancia de la dictadura santanista, comienzo pincelado de su actuaci\u00f3n estelar la noche memorable del 27 de febrero de 1844, con decisi\u00f3n y valent\u00eda; y \u00e9l convirtiendo sus brazos en asta y por vez primera la bandera Nacional fue ondeada, mientras pronunciaba las palabras sacramentales: Dios, Patria y Libertad, y su garganta hizo sonar el grito de: \u00a1 Viva Rep\u00fablica Dominicana! \u00ab.<\/p>\n\n\n\n<figure class=\"wp-block-image size-large\"><img loading=\"lazy\" decoding=\"async\" width=\"1024\" height=\"682\" src=\"https:\/\/diariodominicano.com\/wp-content\/uploads\/2024\/03\/WhatsApp-Image-2024-03-09-at-10.58.18-AM-2-1024x682.jpeg\" alt=\"\" class=\"wp-image-513899\" srcset=\"https:\/\/diariodominicano.com\/wp-content\/uploads\/2024\/03\/WhatsApp-Image-2024-03-09-at-10.58.18-AM-2-1024x682.jpeg 1024w, https:\/\/diariodominicano.com\/wp-content\/uploads\/2024\/03\/WhatsApp-Image-2024-03-09-at-10.58.18-AM-2-300x200.jpeg 300w, https:\/\/diariodominicano.com\/wp-content\/uploads\/2024\/03\/WhatsApp-Image-2024-03-09-at-10.58.18-AM-2-768x511.jpeg 768w, https:\/\/diariodominicano.com\/wp-content\/uploads\/2024\/03\/WhatsApp-Image-2024-03-09-at-10.58.18-AM-2-1536x1022.jpeg 1536w, https:\/\/diariodominicano.com\/wp-content\/uploads\/2024\/03\/WhatsApp-Image-2024-03-09-at-10.58.18-AM-2-2048x1363.jpeg 2048w, https:\/\/diariodominicano.com\/wp-content\/uploads\/2024\/03\/WhatsApp-Image-2024-03-09-at-10.58.18-AM-2-816x543.jpeg 816w\" sizes=\"auto, (max-width: 1024px) 100vw, 1024px\" \/><\/figure>\n\n\n\n<p>Al finalizar la actividad el alto mando militar junto a oficiales procedi\u00f3 al desvelamiento de una tarja en honor al Glorioso Soldado Dominicano, muestra de vocaci\u00f3n patri\u00f3tica y la Fe cristiana de los soldados dominicanos de todas las instituciones de las Fuerzas Armadas, resaltando su devoci\u00f3n y entrega a Dios y a la Patria.<br><\/p>\n\n\n\n<p><strong><em>Departamento de Prensa<\/em><\/strong><\/p>\n\n\n\n<p><em><strong>Direcci\u00f3n de Asuntos Civiles del Estado Mayor Conjunto, J5<\/strong><\/em><\/p>\n\n\n\n<p><em><strong>Ministerio de Defensa de Rep\u00fablica Dominicana<\/strong><\/em><\/p>\n","protected":false},"excerpt":{"rendered":"<p>Con la tradicional izada de bandera las Fuerzas Armadas enaltecen y celebran la memoria del General de Divisi\u00f3n y Padre de la Patria Francisco del Rosario S\u00e1nchez, con motivo del 207 aniversario de su natalicio, con lo cual expresan su m\u00e1s profundo sentimiento de respeto, gratitud e identificaci\u00f3n con su conducta y espl\u00e9ndida hoja de [&hellip;]<\/p>\n","protected":false},"author":28,"featured_media":513888,"comment_status":"closed","ping_status":"","sticky":true,"template":"","format":"standard","meta":{"footnotes":""},"categories":[21,26,27],"tags":[],"class_list":["post-513887","post","type-post","status-publish","format-standard","has-post-thumbnail","hentry","category-cultura","category-efemerides","category-portada"],"_links":{"self":[{"href":"https:\/\/diariodominicano.com\/index.php?rest_route=\/wp\/v2\/posts\/513887","targetHints":{"allow":["GET"]}}],"collection":[{"href":"https:\/\/diariodominicano.com\/index.php?rest_route=\/wp\/v2\/posts"}],"about":[{"href":"https:\/\/diariodominicano.com\/index.php?rest_route=\/wp\/v2\/types\/post"}],"author":[{"embeddable":true,"href":"https:\/\/diariodominicano.com\/index.php?rest_route=\/wp\/v2\/users\/28"}],"replies":[{"embeddable":true,"href":"https:\/\/diariodominicano.com\/index.php?rest_route=%2Fwp%2Fv2%2Fcomments&post=513887"}],"version-history":[{"count":7,"href":"https:\/\/diariodominicano.com\/index.php?rest_route=\/wp\/v2\/posts\/513887\/revisions"}],"predecessor-version":[{"id":513900,"href":"https:\/\/diariodominicano.com\/index.php?rest_route=\/wp\/v2\/posts\/513887\/revisions\/513900"}],"wp:featuredmedia":[{"embeddable":true,"href":"https:\/\/diariodominicano.com\/index.php?rest_route=\/wp\/v2\/media\/513888"}],"wp:attachment":[{"href":"https:\/\/diariodominicano.com\/index.php?rest_route=%2Fwp%2Fv2%2Fmedia&parent=513887"}],"wp:term":[{"taxonomy":"category","embeddable":true,"href":"https:\/\/diariodominicano.com\/index.php?rest_route=%2Fwp%2Fv2%2Fcategories&post=513887"},{"taxonomy":"post_tag","embeddable":true,"href":"https:\/\/diariodominicano.com\/index.php?rest_route=%2Fwp%2Fv2%2Ftags&post=513887"}],"curies":[{"name":"wp","href":"https:\/\/api.w.org\/{rel}","templated":true}]}}