{"id":513885,"date":"2024-03-09T11:59:49","date_gmt":"2024-03-09T15:59:49","guid":{"rendered":"https:\/\/diariodominicano.com\/?p=513885"},"modified":"2024-03-09T11:59:49","modified_gmt":"2024-03-09T15:59:49","slug":"francisco-del-rosario-sanchez-nacio-el-9-de-marzo-de-1817","status":"publish","type":"post","link":"https:\/\/diariodominicano.com\/?p=513885","title":{"rendered":"\u00a0 Francisco del Rosario S\u00e1nchez: naci\u00f3 el 9 de marzo de 1817"},"content":{"rendered":"\n<p>Por H\u00e9ctor Tineo Nolasco<\/p>\n\n\n\n<p>Diariodominicano.com<\/p>\n\n\n\n<p>\u00a0\u00a0\u00a0\u00a0 SANTO DOMINGO, \u00a0el 9 de marzo de 1817, naci\u00f3  en ciudad  Santo Domingo, Francisco del Rosario S\u00e1nchez, hijo de Narciso S\u00e1nchez y Olaya del Rosario Bel\u00e9n.<\/p>\n\n\n\n<p>\u00a0Su formaci\u00f3n\u2002fue reconocida. A los 20 a\u00f1os era considerado como uno de los j\u00f3venes de mayor nivel intelectual en ciudad  Santo Domingo.<\/p>\n\n\n\n<p>&nbsp;&nbsp;&nbsp; Tras crearse la &nbsp;Sociedad Secreta La Trinitaria, el 16 de julio de 1838, se integr\u00f3 a esa entidad pol\u00edtica y se convirti\u00f3 en uno de los principales colaboradores de Juan Pablo Duarte en la lucha por la fundaci\u00f3n de la Rep\u00fablica Dominicana.<\/p>\n\n\n\n<p>&nbsp;&nbsp;&nbsp; Cuando en Hait\u00ed estall\u00f3 el Movimiento de la Reforma, que derrocar\u00eda &nbsp;al Presidente Jean Pierre Boyer, Francisco del Rosario S\u00e1nchez, como un trinitario, lo apoy\u00f3&nbsp; porque entend\u00eda de esa manera se debilitaba el poder de Hait\u00ed.<\/p>\n\n\n\n<p>\u00a0 Sin embargo, el nuevo Presidente haitiano Charles Herard Ain\u00e9, al enterarse del plan independentista de Juan Pablo Duarte y sus compa\u00f1eros,  desat\u00f3 una persecuci\u00f3n contra los trinitarios.<\/p>\n\n\n\n<p>\u00a0Mat\u00edas Ram\u00f3n Mella fue detenido y trasladado a Hait\u00ed. En consecuencia,  Juan Pablo Duarte, Juan Isidro P\u00e9rez y Juan Alejandrino Pina\u00a0 tuvieron que salir al exilio.<\/p>\n\n\n\n<p>&nbsp;&nbsp;&nbsp; En esa circunstancia, Francisco del Rosario S\u00e1nchez estaba enfermo y para confundir a las autoridades haitianas se puso a correr la versi\u00f3n de que el pr\u00f3cer hab\u00eda muerto.<\/p>\n\n\n\n<p>\u00a0\u00a0\u00a0 Al agudizarse la crisis pol\u00edtica en Hait\u00ed, Mat\u00edas Ram\u00f3n Mella fue excarcelado y al retornar a ciudad  Santo Domingo, \u00a0retom\u00f3 el proyecto con los trinitarios.<\/p>\n\n\n\n<p>&nbsp;&nbsp; El 15 de noviembre de 1843, Francisco del Rosario S\u00e1nchez y Vicente Celestino escribieron una carta a Juan Pablo Duarte en la que le advert\u00edan que necesitaban recursos, incluido material de guerra, as\u00ed como la presencia del l\u00edder.<\/p>\n\n\n\n<p>\u00a0 A pesar de su deseo, Duarte no pudo venir. Por ello, Francisco del Rosario S\u00e1nchez\u2002asumi\u00f3 mayores responsabilidades en la organizaci\u00f3n del plan.<\/p>\n\n\n\n<p>\u00a0\u00a0\u00a0 El 16 de enero de 1844, firm\u00f3 el documento que dieron a conocer los independentistas anunciando el  prop\u00f3sito de crear la Rep\u00fablica Dominicana, lo que se consum\u00f3 la madrugada del 27 de febrero de 1844, con la proclamaci\u00f3n que sigui\u00f3 al trabucazo del pr\u00f3cer Mat\u00edas Ram\u00f3n Mella.<\/p>\n\n\n\n<p>&nbsp;&nbsp;&nbsp; El d\u00eda 28 de febrero de 1844, Francisco del Rosario S\u00e1nchez sali\u00f3 de su escondiste y se integr\u00f3 a la lucha de manera p\u00fablica. Fue miembro de la primera Junta de Gobierno que encabez\u00f3 Tom\u00e1s Bobadilla y Briones.<\/p>\n\n\n\n<p>&nbsp;Cuando estall\u00f3 la lucha entre conservadores, &nbsp;liderados por Pedro Santana y los liberales que segu\u00edan a Duarte, S\u00e1nchez se mantuvo al lado del l\u00edder trinitario.<\/p>\n\n\n\n<p>\u00a0\u00a0 El 9 de junio de 1844, cuando los liberales desalojaron de la Junta Central Gubernativa a los conservadores, fue nombrado presidente de la instituci\u00f3n.<\/p>\n\n\n\n<p>\u00a0\u00a0 Tras  ser derrocado por los conservadores, se desat\u00f3 una persecuci\u00f3n en su contra. El 22 de agosto de 1844, fue declarado junto a otros trinitarios encabezados por Juan Pablo Duarte, traidor a la patria y condenado al destierro a perpetuidad, pero regres\u00f3 \u00a0a Rep\u00fablica Dominicana cuando el Presidente Manuel Jimenes, decret\u00f3 una amnist\u00eda pol\u00edtica que permit\u00eda el retorno de los exiliados.<\/p>\n\n\n\n<p>\u00a0\u00a0\u00a0 Particip\u00f3 en actividades p\u00fablicas y lleg\u00f3 a colaborar con los presidentes Pedro Santana y Buenaventura B\u00e1ez, pero uando conoci\u00f3 los planes anexionistas del Presidente  Santana en el a\u00f1o 1861, lo combati\u00f3 hasta la muerte.\u00a0<\/p>\n\n\n\n<p>&nbsp;&nbsp;&nbsp; El 4 de julio de 1861, el pr\u00f3cer Francisco del Rosario S\u00e1nchez y un grupo de patriotas que lo acompa\u00f1aron en una invasi\u00f3n al pa\u00eds en junio de 1861, para luchar contra la Anexi\u00f3n de la Rep\u00fablica Dominicana a Espa\u00f1a, fueron fusilados en El Cercado, San Juan de la Maguana.<\/p>\n\n\n\n<p>&nbsp;&nbsp;&nbsp; Francisco del Rosario S\u00e1nchez, hab\u00eda sido herido el d\u00eda anterior al caer en una emboscada.<\/p>\n\n\n\n<p>\u00a0\u00a0 El \u00a0d\u00eda 3 de julio de 1861, un Consejo de Guerra, encabezado por el general Domingo L\u00e1zala, lo conden\u00f3 a muerte junto al\u00a0 grupo de patriotas\u00a0 que lo acompa\u00f1aron.<\/p>\n\n\n\n<p>\u00a0\u00a0\u00a0\u00a0 Con Francisco del Rosario S\u00e1nchez, fueron condenados a la pena capital\u00a0 Juan Erazo, Benigno del Castillo, Francisco (Cefiro) Mart\u00ednez, Jos\u00e9 Antonio Figueroa,\u00a0 Juan Drag\u00f3n, Le\u00f3n Garc\u00eda, Segundo Alc\u00e1ntara, Jos\u00e9 Corpor\u00e1n, Pedro Zorrilla, Jos\u00e9 de Jes\u00fas Paredes y Juan Gregorio Rinc\u00f3n.<\/p>\n\n\n\n<p>&nbsp;&nbsp;&nbsp; Tambi\u00e9n fueron condenados a muerte con el pr\u00f3cer Francisco del Rosario S\u00e1nchez, Rudecindo de Le\u00f3n,&nbsp; Manuel Baldemora,&nbsp; Epifanio Jim\u00e9nez,&nbsp; Romualdo (Tani) Montero, Domingo Pi\u00f1eyro y F\u00e9lix Mota.<\/p>\n\n\n\n<p>&nbsp;&nbsp;&nbsp; Francisco del Rosario S\u00e1nchez hab\u00eda entrado al pa\u00eds por el valle de San Juan&nbsp; de la Maguana&nbsp; en junio de 1861 para luchar contra la anexi\u00f3n de la Rep\u00fablica a Espa\u00f1a.<\/p>\n\n\n\n<p>\u00a0\u00a0\u00a0 El general Jos\u00e9 Mar\u00eda Cabral, quien formaba parte del plan de S\u00e1nchez, logr\u00f3 huir y se refugi\u00f3 en la vecina Rep\u00fablica  Hait\u00ed.<\/p>\n\n\n\n<p>&nbsp;&nbsp;&nbsp;&nbsp; La sentencia del tribunal militar fue ejecutada el&nbsp; d\u00eda 4 de julio de 1861, cuando S\u00e1nchez y sus compa\u00f1eros fueron fusilados en El Cercado.<\/p>\n\n\n\n<p>\u00a0\u00a0 Desde que se enter\u00f3 de los planes del Presidente Pedro Santana\u00a0 para anexar Rep\u00fablica Dominicana  a Espa\u00f1a, Francisco del Rosario S\u00e1nchez inici\u00f3 un movimiento con el prop\u00f3sito de impedirlo. Luego dej\u00f3 su exilio en Saint Thomas y lleg\u00f3 a Hait\u00ed, para desde all\u00ed entrar al territorio nacional.<\/p>\n\n\n\n<p>\u00a0\u00a0\u00a0<strong> El 20 de enero de 1861, el pr\u00f3cer dirigi\u00f3 una proclama al pueblo dominicano, en la que denunci\u00f3:<\/strong><\/p>\n\n\n\n<p>&nbsp;&nbsp;&nbsp;&nbsp;&nbsp; \u201cEl d\u00e9spota Pedro Santana, el enemigo de nuestras libertades, el plagiario de todos los tiranos, el esc\u00e1ndalo de la civilizaci\u00f3n, quiere eternizar su nombre y sellar para siempre nuestro bald\u00f3n, con un crimen casi nuevo en la historia. Este crimen es la muerte de la patria. La Rep\u00fablica est\u00e1 vendida al extranjero y el pabell\u00f3n de la cruz, muy presto, no tremolar\u00e1 m\u00e1s sobre vuestros alc\u00e1zares\u201d.<\/p>\n\n\n\n<p>\u00a0\u00a0\u00a0 <strong> Francisco del Rosario S\u00e1nchez anot\u00f3: <\/strong><\/p>\n\n\n\n<p>&nbsp;&nbsp;&nbsp;&nbsp;&nbsp;&nbsp; \u201cHe cre\u00eddo cumplir con un deber sagrado, poni\u00e9ndome al frente de la reacci\u00f3n que impida la ejecuci\u00f3n de tan criminales proyectos y deb\u00e9is concebir, desde luego, que en este movimiento revolucionario, ning\u00fan riesgo corren la independencia&nbsp; ni vuestras libertades cuando lo organiza el instrumento de que se vali\u00f3 la providencia para enarbolar la primera bandera dominicana\u201d.<\/p>\n\n\n\n<p>&nbsp;&nbsp;&nbsp; En la proclama &nbsp;llam\u00f3 la atenci\u00f3n de los dominicanos:<\/p>\n\n\n\n<p><strong>&nbsp;&nbsp; \u201cHe pisado el territorio de la Rep\u00fablica entrando por Hait\u00ed, porque no pod\u00eda entrar por otra parte, exigi\u00e9ndolo as\u00ed, adem\u00e1s, la buena combinaci\u00f3n, y porque estoy persuadido, que esta Rep\u00fablica, con quien ayer cuando era imperio, combat\u00edamos por nuestra nacionalidad, est\u00e1 hoy tan empe\u00f1ada como nosotros porque la conservemos merced a la pol\u00edtica de un gabinete republicano, sabio y justo\u201d.<\/strong><\/p>\n\n\n\n<p><strong>&nbsp;&nbsp; \u201cM\u00e1s, si la maledicencia buscare pretextos para mancillar mi conducta, responder\u00e9is a cualquier cargo, diciendo en alta voz, aunque sin jactancia, que Yo Soy la Bandera Dominicana\u201d.<\/strong><strong><\/strong><\/p>\n\n\n\n<p>&nbsp;&nbsp;&nbsp; S\u00e1nchez lleg\u00f3 a Hait\u00ed en abril de 1861 y logr\u00f3 reclutar a dominicanos exiliados y obtener recursos para formar una fuerza expedicionaria de 500 hombres\u201d.<\/p>\n\n\n\n<p>\u00a0\u00a0\u00a0\u00a0 Tan pronto se produjo la Anexi\u00f3n de la Rep\u00fablica a Espa\u00f1a, el 18 de marzo de 1861,\u00a0 se produjeron \u00a0protestas en distintas comunidades de Rep\u00fablica Dominicana.<\/p>\n\n\n\n<p>&nbsp;&nbsp;&nbsp; El 2 de mayo el coronel Jos\u00e9 Contreras con un grupo de ciudadanos de Moca, tomaron el cuartel militar de la comunidad, pero luego fueron detenidos y fusilados por las fuerzas militares del Gobierno espa\u00f1ol.<\/p>\n\n\n\n<p>\u00a0\u00a0 Los actos de represi\u00f3n no lograron acabar con el movimiento que culmin\u00f3 con el grito de Capotillo: la proclamaci\u00f3n de la Restauraci\u00f3n de la Rep\u00fablica Dominicana, el 16 de agosto de 1863.<\/p>\n\n\n\n<p>&nbsp;&nbsp;&nbsp; El 10 de julio de 1865&nbsp; se inici\u00f3 la&nbsp; salida de los remanentes militares espa\u00f1oles que permanec\u00edan en el pa\u00eds.<\/p>\n\n\n\n<p>&nbsp;&nbsp;&nbsp; Francisco del Rosario S\u00e1nchez se distingui\u00f3 por su valor y patriotismo. Su sacrificio m\u00e1s que una nota desalentadora, se convirti\u00f3 en una causa para luchar sin tregua contra la Anexi\u00f3n de la Rep\u00fablica a Espa\u00f1a.<\/p>\n","protected":false},"excerpt":{"rendered":"<p>Por H\u00e9ctor Tineo Nolasco Diariodominicano.com \u00a0\u00a0\u00a0\u00a0 SANTO DOMINGO, \u00a0el 9 de marzo de 1817, naci\u00f3 en ciudad Santo Domingo, Francisco del Rosario S\u00e1nchez, hijo de Narciso S\u00e1nchez y Olaya del Rosario Bel\u00e9n. \u00a0Su formaci\u00f3n\u2002fue reconocida. A los 20 a\u00f1os era considerado como uno de los j\u00f3venes de mayor nivel intelectual en ciudad Santo Domingo. &nbsp;&nbsp;&nbsp; [&hellip;]<\/p>\n","protected":false},"author":28,"featured_media":266811,"comment_status":"closed","ping_status":"","sticky":true,"template":"","format":"standard","meta":{"footnotes":""},"categories":[21,36,26,27],"tags":[],"class_list":["post-513885","post","type-post","status-publish","format-standard","has-post-thumbnail","hentry","category-cultura","category-hombresmujeresycosas","category-efemerides","category-portada"],"_links":{"self":[{"href":"https:\/\/diariodominicano.com\/index.php?rest_route=\/wp\/v2\/posts\/513885","targetHints":{"allow":["GET"]}}],"collection":[{"href":"https:\/\/diariodominicano.com\/index.php?rest_route=\/wp\/v2\/posts"}],"about":[{"href":"https:\/\/diariodominicano.com\/index.php?rest_route=\/wp\/v2\/types\/post"}],"author":[{"embeddable":true,"href":"https:\/\/diariodominicano.com\/index.php?rest_route=\/wp\/v2\/users\/28"}],"replies":[{"embeddable":true,"href":"https:\/\/diariodominicano.com\/index.php?rest_route=%2Fwp%2Fv2%2Fcomments&post=513885"}],"version-history":[{"count":1,"href":"https:\/\/diariodominicano.com\/index.php?rest_route=\/wp\/v2\/posts\/513885\/revisions"}],"predecessor-version":[{"id":513886,"href":"https:\/\/diariodominicano.com\/index.php?rest_route=\/wp\/v2\/posts\/513885\/revisions\/513886"}],"wp:featuredmedia":[{"embeddable":true,"href":"https:\/\/diariodominicano.com\/index.php?rest_route=\/wp\/v2\/media\/266811"}],"wp:attachment":[{"href":"https:\/\/diariodominicano.com\/index.php?rest_route=%2Fwp%2Fv2%2Fmedia&parent=513885"}],"wp:term":[{"taxonomy":"category","embeddable":true,"href":"https:\/\/diariodominicano.com\/index.php?rest_route=%2Fwp%2Fv2%2Fcategories&post=513885"},{"taxonomy":"post_tag","embeddable":true,"href":"https:\/\/diariodominicano.com\/index.php?rest_route=%2Fwp%2Fv2%2Ftags&post=513885"}],"curies":[{"name":"wp","href":"https:\/\/api.w.org\/{rel}","templated":true}]}}