{"id":513865,"date":"2024-03-09T01:36:51","date_gmt":"2024-03-09T05:36:51","guid":{"rendered":"https:\/\/diariodominicano.com\/?p=513865"},"modified":"2024-03-09T01:36:51","modified_gmt":"2024-03-09T05:36:51","slug":"simbolismo-en-torno-a-hugo-chavez-marca-las-fechas-de-las-elecciones-en-venezuela","status":"publish","type":"post","link":"https:\/\/diariodominicano.com\/?p=513865","title":{"rendered":"Simbolismo en torno a Hugo Ch\u00e1vez marca las fechas de las elecciones en Venezuela"},"content":{"rendered":"\n<p>El presidente de Venezuela, Nicol\u00e1s Maduro, durante el lanzamiento de la Gran Misi\u00f3n Igualdad Justicia Social \u00abHugo Ch\u00e1vez\u00bb.<\/p>\n\n\n\n<p>marzo 08, 2024<\/p>\n\n\n\n<ul class=\"wp-block-list\">\n<li><a href=\"https:\/\/www.vozdeamerica.com\/author\/voz-de-america-redaccion\/p_kym\">Voz de Am\u00e9rica &#8211; Redacci\u00f3n<\/a><\/li>\n<\/ul>\n\n\n\n<ul class=\"wp-block-list\">\n<li><a href=\"https:\/\/facebook.com\/sharer.php?u=https%3a%2f%2fwww.vozdeamerica.com%2fa%2fsimbolismo-en-torno-a-hugo-chavez-marca-las-fechas-de-las-elecciones-en-venezuela%2f7518271.html\" target=\"_blank\" rel=\"noreferrer noopener\"><\/a><\/li>\n\n\n\n<li><a href=\"https:\/\/twitter.com\/share?url=https%3a%2f%2fwww.vozdeamerica.com%2fa%2fsimbolismo-en-torno-a-hugo-chavez-marca-las-fechas-de-las-elecciones-en-venezuela%2f7518271.html&amp;text=Simbolismo+en+torno+a+Hugo+Ch%c3%a1vez+marca+las+fechas+de+las+elecciones+en+Venezuela\" target=\"_blank\" rel=\"noreferrer noopener\"><\/a><\/li>\n\n\n\n<li><\/li>\n\n\n\n<li><a href=\"mailto:?body=https%3a%2f%2fwww.vozdeamerica.com%2fa%2fsimbolismo-en-torno-a-hugo-chavez-marca-las-fechas-de-las-elecciones-en-venezuela%2f7518271.html&amp;subject=Simbolismo%20en%20torno%20a%20Hugo%20Ch%C3%A1vez%20marca%20las%20fechas%20de%20las%20elecciones%20en%20Venezuela\"><\/a><\/li>\n<\/ul>\n\n\n\n<p><a href=\"https:\/\/www.vozdeamerica.com\/a\/simbolismo-en-torno-a-hugo-chavez-marca-las-fechas-de-las-elecciones-en-venezuela\/7518271.html#comments\">&nbsp;Vea comentarios<\/a><\/p>\n\n\n\n<p>Las fechas que involucran las elecciones presidenciales en Venezuela est\u00e1n cargadas de simbolismo y giran alrededor de la figura del fallecido expresidente Hugo Ch\u00e1vez, de acuerdo con expertos que consideran que no es casualidad.<\/p>\n\n\n\n<p>Dos de las fechas que marcan las elecciones presidenciales en Venezuela est\u00e1n cargadas de simbolismo y giran en torno a la figura del ex presidente Hugo Ch\u00e1vez, lo que expertos consideran una \u201cmanipulaci\u00f3n\u201d de los s\u00edmbolos del chavismo.<\/p>\n\n\n\n<p>El 5 de marzo, onceavo aniversario de la muerte de Ch\u00e1vez, el Consejo Nacional Electoral (CNE)&nbsp;<em><strong><a href=\"https:\/\/www.vozdeamerica.com\/a\/poder-electoral-fija-elecciones-presidenciales-venezuela-28-de-julio\/7514882.html\" target=\"_blank\" rel=\"noreferrer noopener\">convoc\u00f3 las elecciones presidenciales<\/a><\/strong><\/em>&nbsp;para el 28 de julio, d\u00eda de su natalicio.<\/p>\n\n\n\n<p>Para Benigno Alarc\u00f3n, director del Centro de Estudios Pol\u00edticos y de Gobierno de la Universidad Cat\u00f3lica Andr\u00e9s Bello (UCAB), se trata de una fecha escogida con \u201cmalicia\u201d, no solo por el simbolismo, sino por los cortos lapsos para llevar a cabo diversos procesos que involucran una elecci\u00f3n.<\/p>\n\n\n\n<p>\u201cHay un intento por convertir la elecci\u00f3n entre Ch\u00e1vez y la oposici\u00f3n, con Maduro en representaci\u00f3n. En el fondo est\u00e1n tratando de exigirle a los que en alguna oportunidad apoyaron a Ch\u00e1vez que decidan si lo siguen apoyando o no lo hacen\u201d, dice a&nbsp;<strong><em>VOA<\/em><\/strong>.<\/p>\n\n\n\n<figure class=\"wp-block-image\"><img decoding=\"async\" src=\"https:\/\/gdb.voanews.com\/01000000-c0a8-0242-4445-08dc3eb9a301_tv_w650_r1.jpg\" alt=\"Benigno Alarc\u00f3n\" title=\"Benigno Alarc\u00f3n\"\/><\/figure>\n\n\n\n<p><video poster=\"https:\/\/gdb.voanews.com\/01000000-c0a8-0242-4445-08dc3eb9a301_tv_w650_r1.jpg\" src=\"blob:https:\/\/www.vozdeamerica.com\/354d5e2e-b0dd-47dc-8060-b7cf073b44b8\"><\/video><\/p>\n\n\n\n<p>&nbsp;INSERTAR&nbsp;SHARE<\/p>\n\n\n\n<h5 class=\"wp-block-heading\"><a href=\"https:\/\/www.vozdeamerica.com\/a\/simbolismo-en-torno-a-hugo-chavez-marca-las-fechas-de-las-elecciones-en-venezuela\/7517713.html\" target=\"_blank\" rel=\"noreferrer noopener\">Benigno Alarc\u00f3n<\/a><\/h5>\n\n\n\n<p>&nbsp;INSERTAR&nbsp;SHARE<\/p>\n\n\n\n<p>El c\u00f3digo se ha copiado en su portapapeles.<\/p>\n\n\n\n<hr class=\"wp-block-separator has-alpha-channel-opacity\"\/>\n\n\n\n<p>Ancho&nbsp;&nbsp;pxAltura&nbsp;&nbsp;px<\/p>\n\n\n\n<ul class=\"wp-block-list\">\n<li><a href=\"https:\/\/facebook.com\/sharer.php?u=https%3a%2f%2fwww.vozdeamerica.com%2fa%2f7517713.html\" target=\"_blank\" rel=\"noreferrer noopener\">Comparta en Facebook<\/a><\/li>\n\n\n\n<li><a href=\"https:\/\/twitter.com\/share?url=https%3a%2f%2fwww.vozdeamerica.com%2fa%2f7517713.html&amp;text=Benigno+Alarco%cc%81n\" target=\"_blank\" rel=\"noreferrer noopener\">Comparta en Twitter<\/a><\/li>\n<\/ul>\n\n\n\n<hr class=\"wp-block-separator has-alpha-channel-opacity\"\/>\n\n\n\n<p>The URL has been copied to your clipboard<\/p>\n\n\n\n<ul class=\"wp-block-list\">\n<li>Auto<\/li>\n\n\n\n<li>240p<\/li>\n\n\n\n<li>360p<\/li>\n\n\n\n<li>480p<\/li>\n\n\n\n<li>1080p<\/li>\n\n\n\n<li>720p<\/li>\n<\/ul>\n\n\n\n<p>No media source currently available<\/p>\n\n\n\n<p>0:002:290:00<\/p>\n\n\n\n<ul class=\"wp-block-list\">\n<li><\/li>\n\n\n\n<li><\/li>\n\n\n\n<li><\/li>\n\n\n\n<li><\/li>\n\n\n\n<li><\/li>\n\n\n\n<li><\/li>\n<\/ul>\n\n\n\n<p><a href=\"https:\/\/www.vozdeamerica.com\/embed\/player\/Article\/7517713.html?type=video&amp;FullScreenMode=True\" target=\"_blank\" rel=\"noreferrer noopener\"><\/a><\/p>\n\n\n\n<p>&nbsp;Descargar&nbsp;<\/p>\n\n\n\n<p>En febrero se cumplieron&nbsp;<strong><em><a href=\"https:\/\/www.vozdeamerica.com\/p\/9253.html\" target=\"_blank\" rel=\"noreferrer noopener\">25 a\u00f1os desde que Ch\u00e1vez asumi\u00f3 el poder<\/a><\/em><\/strong>&nbsp;y, a pesar de las m\u00faltiples crisis y el corte autoritario que, seg\u00fan expertos, fue tomando su proyecto, un sector de la poblaci\u00f3n le sigue mostrando lealtad, pero no necesariamente a Maduro.<\/p>\n\n\n\n<p>El m\u00e1s reciente estudio de la consultora Poder y Estrategia revela que un 32 % de los consultados se identifica con la oposici\u00f3n; 25 % en desacuerdo con el gobierno y con la oposici\u00f3n; 8 % se identifica como chavista y apoya a Maduro, mientras que un 6 % se dice chavista, pero no apoya a Maduro.<\/p>\n\n\n\n<p>Ricardo R\u00edos, analista de entorno y presidente de la consultora Poder y Estrategia, considera que el mensaje simb\u00f3lico puede \u201cremolcar\u201d a una parte de quienes se dicen chavistas y no muestran apoyo a Maduro, pero no cree que logre levantar m\u00e1s de 12 o 13 puntos.<\/p>\n\n\n\n<p>R\u00edos sostiene que el chavismo tiene \u201cuna identidad pol\u00edtica\u201d y asegura que en medio de la discusi\u00f3n sobre si Maduro ha \u201cacabado\u201d con el legado de Ch\u00e1vez, se busca \u201csurfear\u201d sobre las glorias del chavismo, que durante a\u00f1os goz\u00f3 de alta popularidad.<\/p>\n\n\n\n<p><a href=\"https:\/\/www.vozdeamerica.com\/a\/dara-tiempo-invitar-observadores-onu-europa-presidencial-venezuela-28-julio-\/7517516.html\"><\/a><\/p>\n\n\n\n<p><a href=\"https:\/\/www.vozdeamerica.com\/a\/dara-tiempo-invitar-observadores-onu-europa-presidencial-venezuela-28-julio-\/7517516.html\">TAMBI\u00c9N LEA<\/a><\/p>\n\n\n\n<h4 class=\"wp-block-heading\"><a href=\"https:\/\/www.vozdeamerica.com\/a\/dara-tiempo-invitar-observadores-onu-europa-presidencial-venezuela-28-julio-\/7517516.html\">\u00bfDar\u00e1 tiempo de invitar a los observadores de ONU y Europa para la presidencial en Venezuela?<\/a><\/h4>\n\n\n\n<p>\u201cEs muy evidente la manipulaci\u00f3n de los s\u00edmbolos, el papel del partido, que est\u00e1 haciendo su trabajo, pero tambi\u00e9n el CNE. Ah\u00ed es donde se desdibuja la l\u00ednea entre Estado, gobierno y partido, uno de los grandes dramas que tenemos como pa\u00eds\u201d, dice R\u00edos consultado por&nbsp;<strong><em>VOA<\/em><\/strong>.<\/p>\n\n\n\n<p>F\u00e9lix Seijas, director de la encuestadora Delphos, opina que el intento de alejarse de los s\u00edmbolos de Ch\u00e1vez y \u201csustituirlos de manera progresiva por el liderazgo actual, no funcion\u00f3\u201d, por lo que apelan nuevamente a ellos en medio del movimiento electoral.<\/p>\n\n\n\n<p>La semana pr\u00f3xima el partido de gobierno&nbsp;<a href=\"https:\/\/www.vozdeamerica.com\/a\/venezuela-oficialismo-elegira-su-candidato-presidencial-por-consenso\/7516458.html\" target=\"_blank\" rel=\"noreferrer noopener\"><strong><em>espera nombrar por \u201cconsenso\u201d<\/em><\/strong>&nbsp;<\/a>a su candidato que posiblemente ser\u00e1 Maduro. \u201cNuestro pueblo est\u00e1 muy claro del esfuerzo tit\u00e1nico que ha venido haciendo el hermano presidente Nicol\u00e1s Maduro al frente de la presidencia de la Rep\u00fablica\u201d, dijo esta semana Diosdado Cabello, primer vicepresidente del PSUV.<\/p>\n\n\n\n<p>Maduro, con 11 a\u00f1os en el poder,&nbsp;<strong><em><a href=\"https:\/\/www.vozdeamerica.com\/a\/maduro-retoma-las-calles-de-venezuela-previo-al-anuncio-del-candidato-oficialista-para-las-elecciones-de-julio\/7516194.html\" target=\"_blank\" rel=\"noreferrer noopener\">se ha mostrado el \u00faltimo mes<\/a><\/em><\/strong>&nbsp;en actos de masas en al menos 7 estados del pa\u00eds.<\/p>\n\n\n\n<p>Esta semana, con la frase \u00abla esperanza est\u00e1 en la calle\u00bb y la imagen de Ch\u00e1vez destacando en la escena, present\u00f3 un amplio programa social de \u201cigualdad y justicia social\u201d llamado \u201cHugo Ch\u00e1vez\u201d, que busca \u201cproteger a la comunidad y el pueblo\u201d.<\/p>\n\n\n\n<p>https:\/\/platform.twitter.com\/embed\/Tweet.html?dnt=false&#038;embedId=twitter-widget-0&#038;features=eyJ0ZndfdGltZWxpbmVfbGlzdCI6eyJidWNrZXQiOltdLCJ2ZXJzaW9uIjpudWxsfSwidGZ3X2ZvbGxvd2VyX2NvdW50X3N1bnNldCI6eyJidWNrZXQiOnRydWUsInZlcnNpb24iOm51bGx9LCJ0ZndfdHdlZXRfZWRpdF9iYWNrZW5kIjp7ImJ1Y2tldCI6Im9uIiwidmVyc2lvbiI6bnVsbH0sInRmd19yZWZzcmNfc2Vzc2lvbiI6eyJidWNrZXQiOiJvbiIsInZlcnNpb24iOm51bGx9LCJ0ZndfZm9zbnJfc29mdF9pbnRlcnZlbnRpb25zX2VuYWJsZWQiOnsiYnVja2V0Ijoib24iLCJ2ZXJzaW9uIjpudWxsfSwidGZ3X21peGVkX21lZGlhXzE1ODk3Ijp7ImJ1Y2tldCI6InRyZWF0bWVudCIsInZlcnNpb24iOm51bGx9LCJ0ZndfZXhwZXJpbWVudHNfY29va2llX2V4cGlyYXRpb24iOnsiYnVja2V0IjoxMjA5NjAwLCJ2ZXJzaW9uIjpudWxsfSwidGZ3X3Nob3dfYmlyZHdhdGNoX3Bpdm90c19lbmFibGVkIjp7ImJ1Y2tldCI6Im9uIiwidmVyc2lvbiI6bnVsbH0sInRmd19kdXBsaWNhdGVfc2NyaWJlc190b19zZXR0aW5ncyI6eyJidWNrZXQiOiJvbiIsInZlcnNpb24iOm51bGx9LCJ0ZndfdXNlX3Byb2ZpbGVfaW1hZ2Vfc2hhcGVfZW5hYmxlZCI6eyJidWNrZXQiOiJvbiIsInZlcnNpb24iOm51bGx9LCJ0ZndfdmlkZW9faGxzX2R5bmFtaWNfbWFuaWZlc3RzXzE1MDgyIjp7ImJ1Y2tldCI6InRydWVfYml0cmF0ZSIsInZlcnNpb24iOm51bGx9LCJ0ZndfbGVnYWN5X3RpbWVsaW5lX3N1bnNldCI6eyJidWNrZXQiOnRydWUsInZlcnNpb24iOm51bGx9LCJ0ZndfdHdlZXRfZWRpdF9mcm9udGVuZCI6eyJidWNrZXQiOiJvbiIsInZlcnNpb24iOm51bGx9fQ%3D%3D&#038;frame=false&#038;hideCard=false&#038;hideThread=false&#038;id=1765809474562920884&#038;lang=es&#038;origin=https%3A%2F%2Fwww.vozdeamerica.com%2Fa%2Fsimbolismo-en-torno-a-hugo-chavez-marca-las-fechas-de-las-elecciones-en-venezuela%2F7518271.html&#038;sessionId=4d10ef33c0016cb25209cfac3557d6dba45f4eb9&#038;siteScreenName=voanoticias&#038;theme=light&#038;widgetsVersion=2615f7e52b7e0%3A1702314776716&#038;width=550px<\/p>\n\n\n\n<p>Jos\u00e9 Vicente Carrasquero, consultor en Opini\u00f3n P\u00fablica y Campa\u00f1as Electorales en Am\u00e9rica Latina, afirm\u00f3 que el gobierno no cuenta con el respaldo pleno del chavismo.<\/p>\n\n\n\n<p>\u201cEl Partido Comunista de Venezuela (PCV) se separ\u00f3 de ellos, muchos chavistas se han separado, eso da una idea de c\u00f3mo el chavismo se ha ido desmoronando alrededor de la gesti\u00f3n\u201d, sostuvo.<\/p>\n\n\n\n<p>En 2020 el PCV,&nbsp;<strong><em><a href=\"https:\/\/www.vozdeamerica.com\/a\/tribunal-supremo-interviene-al-partido-comunista-de-venezuela\/7222271.html\" target=\"_blank\" rel=\"noreferrer noopener\">recientemente judicializado<\/a><\/em><\/strong>, se retir\u00f3 de la coalici\u00f3n de partidos liderada por el Partido Socialista Unido de Venezuela (PSUV) y dej\u00f3 de apoyar al gobierno por estar en desacuerdo con sus pol\u00edticas econ\u00f3micas. Otros partidos de izquierda que eran considerados aliados del chavismo tambi\u00e9n han sido intervenidos.<\/p>\n\n\n\n<p>De acuerdo al m\u00e1s reciente estudio de la encuestadora Datincorp, el 21 % de los consultados no siente ninguna emoci\u00f3n cuando le mencionan a Ch\u00e1vez, pero un 17,75 % siente alegr\u00eda. Mientras que, si le nombran a Maduro, un 23 % dice sentir rabia; 20,68 % ninguna emoci\u00f3n y un 7,59 % alegr\u00eda.<\/p>\n","protected":false},"excerpt":{"rendered":"<p>El presidente de Venezuela, Nicol\u00e1s Maduro, durante el lanzamiento de la Gran Misi\u00f3n Igualdad Justicia Social \u00abHugo Ch\u00e1vez\u00bb. marzo 08, 2024 &nbsp;Vea comentarios Las fechas que involucran las elecciones presidenciales en Venezuela est\u00e1n cargadas de simbolismo y giran alrededor de la figura del fallecido expresidente Hugo Ch\u00e1vez, de acuerdo con expertos que consideran que no [&hellip;]<\/p>\n","protected":false},"author":28,"featured_media":513866,"comment_status":"closed","ping_status":"","sticky":false,"template":"","format":"standard","meta":{"footnotes":""},"categories":[23,22],"tags":[],"class_list":["post-513865","post","type-post","status-publish","format-standard","has-post-thumbnail","hentry","category-internacional","category-politica"],"_links":{"self":[{"href":"https:\/\/diariodominicano.com\/index.php?rest_route=\/wp\/v2\/posts\/513865","targetHints":{"allow":["GET"]}}],"collection":[{"href":"https:\/\/diariodominicano.com\/index.php?rest_route=\/wp\/v2\/posts"}],"about":[{"href":"https:\/\/diariodominicano.com\/index.php?rest_route=\/wp\/v2\/types\/post"}],"author":[{"embeddable":true,"href":"https:\/\/diariodominicano.com\/index.php?rest_route=\/wp\/v2\/users\/28"}],"replies":[{"embeddable":true,"href":"https:\/\/diariodominicano.com\/index.php?rest_route=%2Fwp%2Fv2%2Fcomments&post=513865"}],"version-history":[{"count":1,"href":"https:\/\/diariodominicano.com\/index.php?rest_route=\/wp\/v2\/posts\/513865\/revisions"}],"predecessor-version":[{"id":513867,"href":"https:\/\/diariodominicano.com\/index.php?rest_route=\/wp\/v2\/posts\/513865\/revisions\/513867"}],"wp:featuredmedia":[{"embeddable":true,"href":"https:\/\/diariodominicano.com\/index.php?rest_route=\/wp\/v2\/media\/513866"}],"wp:attachment":[{"href":"https:\/\/diariodominicano.com\/index.php?rest_route=%2Fwp%2Fv2%2Fmedia&parent=513865"}],"wp:term":[{"taxonomy":"category","embeddable":true,"href":"https:\/\/diariodominicano.com\/index.php?rest_route=%2Fwp%2Fv2%2Fcategories&post=513865"},{"taxonomy":"post_tag","embeddable":true,"href":"https:\/\/diariodominicano.com\/index.php?rest_route=%2Fwp%2Fv2%2Ftags&post=513865"}],"curies":[{"name":"wp","href":"https:\/\/api.w.org\/{rel}","templated":true}]}}