{"id":513842,"date":"2024-03-09T01:15:25","date_gmt":"2024-03-09T05:15:25","guid":{"rendered":"https:\/\/diariodominicano.com\/?p=513842"},"modified":"2024-03-09T01:18:22","modified_gmt":"2024-03-09T05:18:22","slug":"ufhec-gradua-813-nuevos-profesionales-reafirmando-su-compromiso-con-la-investigacion-cientifica","status":"publish","type":"post","link":"https:\/\/diariodominicano.com\/?p=513842","title":{"rendered":"UFHEC grad\u00faa 813 nuevos profesionales reafirmando su compromiso con la investigaci\u00f3n cient\u00edfica"},"content":{"rendered":"\n<p><strong>De izquierda a derecha:\u00a0<\/strong>El rector de UFHEC del campus Ban\u00ed, Doctor F\u00e9lix Farias Campos;\u00a0 estudiante de mayor \u00edndice, Lic. Richard Jenddy Reyes Germ\u00e1n y la vicerrectora acad\u00e9mica, Dra. Belkys Pe\u00f1al\u00f3.<\/p>\n\n\n\n<figure class=\"wp-block-image size-large\"><img loading=\"lazy\" decoding=\"async\" width=\"1024\" height=\"706\" src=\"https:\/\/diariodominicano.com\/wp-content\/uploads\/2024\/03\/UFHEC-GRADUACION-MARZO-2024-2-1024x706.jpeg\" alt=\"\" class=\"wp-image-513846\" srcset=\"https:\/\/diariodominicano.com\/wp-content\/uploads\/2024\/03\/UFHEC-GRADUACION-MARZO-2024-2-1024x706.jpeg 1024w, https:\/\/diariodominicano.com\/wp-content\/uploads\/2024\/03\/UFHEC-GRADUACION-MARZO-2024-2-300x207.jpeg 300w, https:\/\/diariodominicano.com\/wp-content\/uploads\/2024\/03\/UFHEC-GRADUACION-MARZO-2024-2-768x529.jpeg 768w, https:\/\/diariodominicano.com\/wp-content\/uploads\/2024\/03\/UFHEC-GRADUACION-MARZO-2024-2-816x562.jpeg 816w, https:\/\/diariodominicano.com\/wp-content\/uploads\/2024\/03\/UFHEC-GRADUACION-MARZO-2024-2.jpeg 1280w\" sizes=\"auto, (max-width: 1024px) 100vw, 1024px\" \/><\/figure>\n\n\n\n<p>La Universidad Federico Henr\u00edquez y Carvajal (UFHEC) entreg\u00f3 a la sociedad dominicana 813 nuevos profesionales durante su cuadrag\u00e9sima segunda graduaci\u00f3n ordinaria reafirmando su compromiso con la investigaci\u00f3n cient\u00edfica aut\u00f3noma.<\/p>\n\n\n\n<p>Los nuevos profesionales que invisti\u00f3 UFHEC son de las carreras: enfermer\u00eda, administraci\u00f3n de empresas, contabilidad, psicolog\u00eda cl\u00ednica, educaci\u00f3n b\u00e1sica, educaci\u00f3n menci\u00f3n ciencias naturales, educaci\u00f3n menci\u00f3n ciencias sociales, educaci\u00f3n inicial, educaci\u00f3n menci\u00f3n letras, educaci\u00f3n menci\u00f3n matem\u00e1ticas y f\u00edsica, educaci\u00f3n menci\u00f3n orientaci\u00f3n escolar y derecho.<\/p>\n\n\n\n<p><strong>UFHEC reconocida en investigaci\u00f3n cient\u00edfica<br><\/strong><br>El rector de UFHEC del campus Ban\u00ed, Doctor F\u00e9lix Farias Campos, expres\u00f3 que la casa de altos estudios est\u00e1 enfocada en continuar fomentando la cultura cient\u00edfica y tecnol\u00f3gica en la sociedad dominicana.<\/p>\n\n\n\n<p>\u201cRecientemente lanzamos nuestro programa de financiamiento interno de investigaci\u00f3n: FINVESTIGA, a trav\u00e9s del cual se podr\u00e1n someter proyectos de investigaci\u00f3n cient\u00edfica y tecnol\u00f3gica que buscan promover una cultura investigativa dentro de esta casa de altos estudios\u201d, explic\u00f3.<\/p>\n\n\n\n<p>Farias indic\u00f3 que UFHEC ha liderado e impulsado importantes estudios cient\u00edficos en las \u00e1reas de medio ambiente y salud; siendo el sargazo uno de los temas esenciales de sus \u00faltimas investigaciones.<\/p>\n\n\n\n<p>\u201c Estas investigaciones cient\u00edficas nos han permitido alcanzar reconocimientos nacionales e internacionales por nuestro aporte a la sociedad \u201c, dijo.<\/p>\n\n\n\n<p>El estudiante de mayor \u00edndice, Lic. Richard Jenddy Reyes Germ\u00e1n, de la carrera de licenciatura en contabilidad , durante su discurso en representaci\u00f3n de todos los graduandos en el acto celebrado en &nbsp;el recinto de Ban\u00ed de UFHEC , &nbsp;agradeci\u00f3 a los docentes por su ardua entrega.<\/p>\n\n\n\n<p>\u201cLa ocasi\u00f3n es propicia para agradecer aquellos que, en nuestra lucha por lograr estos objetivos, fueron eslabones importantes como son los docentes de esta casa de estudio, que son los h\u00e9roes ocultos que nos condujeron d\u00eda a d\u00eda por el camino de la excelencia\u201d, dijo Reyes.<\/p>\n\n\n\n<p>Comunicaciones UFHEC <\/p>\n","protected":false},"excerpt":{"rendered":"<p>De izquierda a derecha:\u00a0El rector de UFHEC del campus Ban\u00ed, Doctor F\u00e9lix Farias Campos;\u00a0 estudiante de mayor \u00edndice, Lic. Richard Jenddy Reyes Germ\u00e1n y la vicerrectora acad\u00e9mica, Dra. Belkys Pe\u00f1al\u00f3. La Universidad Federico Henr\u00edquez y Carvajal (UFHEC) entreg\u00f3 a la sociedad dominicana 813 nuevos profesionales durante su cuadrag\u00e9sima segunda graduaci\u00f3n ordinaria reafirmando su compromiso con [&hellip;]<\/p>\n","protected":false},"author":28,"featured_media":513843,"comment_status":"closed","ping_status":"","sticky":true,"template":"","format":"standard","meta":{"footnotes":""},"categories":[36,20,27],"tags":[],"class_list":["post-513842","post","type-post","status-publish","format-standard","has-post-thumbnail","hentry","category-hombresmujeresycosas","category-dominicana-hoy","category-portada"],"_links":{"self":[{"href":"https:\/\/diariodominicano.com\/index.php?rest_route=\/wp\/v2\/posts\/513842","targetHints":{"allow":["GET"]}}],"collection":[{"href":"https:\/\/diariodominicano.com\/index.php?rest_route=\/wp\/v2\/posts"}],"about":[{"href":"https:\/\/diariodominicano.com\/index.php?rest_route=\/wp\/v2\/types\/post"}],"author":[{"embeddable":true,"href":"https:\/\/diariodominicano.com\/index.php?rest_route=\/wp\/v2\/users\/28"}],"replies":[{"embeddable":true,"href":"https:\/\/diariodominicano.com\/index.php?rest_route=%2Fwp%2Fv2%2Fcomments&post=513842"}],"version-history":[{"count":3,"href":"https:\/\/diariodominicano.com\/index.php?rest_route=\/wp\/v2\/posts\/513842\/revisions"}],"predecessor-version":[{"id":513847,"href":"https:\/\/diariodominicano.com\/index.php?rest_route=\/wp\/v2\/posts\/513842\/revisions\/513847"}],"wp:featuredmedia":[{"embeddable":true,"href":"https:\/\/diariodominicano.com\/index.php?rest_route=\/wp\/v2\/media\/513843"}],"wp:attachment":[{"href":"https:\/\/diariodominicano.com\/index.php?rest_route=%2Fwp%2Fv2%2Fmedia&parent=513842"}],"wp:term":[{"taxonomy":"category","embeddable":true,"href":"https:\/\/diariodominicano.com\/index.php?rest_route=%2Fwp%2Fv2%2Fcategories&post=513842"},{"taxonomy":"post_tag","embeddable":true,"href":"https:\/\/diariodominicano.com\/index.php?rest_route=%2Fwp%2Fv2%2Ftags&post=513842"}],"curies":[{"name":"wp","href":"https:\/\/api.w.org\/{rel}","templated":true}]}}