{"id":51384,"date":"2020-07-23T01:39:42","date_gmt":"2020-07-23T01:39:42","guid":{"rendered":"http:\/\/diariodominicano.ddns.net\/?p=51384"},"modified":"2020-07-23T01:39:42","modified_gmt":"2020-07-23T01:39:42","slug":"ejercito-de-haiti-toma-el-fuerte-de-cachiman","status":"publish","type":"post","link":"https:\/\/diariodominicano.com\/?p=51384","title":{"rendered":"Ej\u00e9rcito de Hait\u00ed toma el fuerte de Cachim\u00e1n&#13;"},"content":{"rendered":"<p><body><\/p>\n<p><strong>Ej\u00e9rcito de Hait\u00ed toma el fuerte de Cachim\u00e1n<\/strong><\/p>\n<p><strong> Al no resistir las presiones de los haitianos, los coroneles Bernab\u00e9 Sandoval, Bernardino P\u00e9rez y Francisco Dom\u00ednguez, dispusieron el  retiro de las tropas dominicanas que se encontraban en el lugar.<\/strong><\/p>\n<p><strong>Por HTN<\/strong><\/p>\n<p><strong>Diariodominicano.com<\/strong><\/p>\n<\/p>\n<p><strong>SANTO DOMINGO,  el 23 de julio de 1845<\/strong>, los haitianos hicieron salir a los dominicanos del Fuerte de Cachim\u00e1n. El d\u00eda 22 de julio de 1845, fuerzas militares haitianas comandadas por el general Lambert  Deschamps, hab\u00edan iniciado el ataque contra el Fuerte de Cachim\u00e1n.<\/p>\n<\/p>\n<p>   Al no resistir las presiones de los haitianos, los coroneles Bernab\u00e9 Sandoval, Bernardino P\u00e9rez y Francisco Dom\u00ednguez, dispusieron el  retiro de las tropas dominicanas que se encontraban en el lugar.<\/p>\n<\/p>\n<p>   En el  \u00abManual de Historia Militar Dominicana\u00bb,  se precisa que las tropas dominicanas se retiraron en orden y se dirigieron a Las Matas.<\/p>\n<\/p>\n<p>    Durante el mes de julio de 1845, los haitianos llevaron a cabo m\u00faltiples agresiones contra Rep\u00fablica Dominicana.  Para enfrentar la situaci\u00f3n, el Presidente Pedro Santana  invit\u00f3 a todos los dominicanos el d\u00eda 15 de julio de 1845, a tomar las armas para combatir las agresiones de los militares  haitianos.<\/p>\n<\/p>\n<p>      A pesar de las m\u00faltiples agresiones, los dominicanos lograron  derrotar a los haitianos y consolidar la Rep\u00fablica Dominicana, fundada el 27 de febrero de 1844.<\/p>\n<\/p>\n<h6> 2020-07-23 01:39:42 <\/h6>\n<p><!--\n<link rel=\"stylesheet\" href=\"css\/bootstrap.min.css\">\n\n\n<ul class=\"pagination\">\n\t    \n\t\n\n<li >\n\t<a href='?page_no=382'>Previous<\/a>\n\t<\/li>\n\n\n       \n    \n\n<li><a href='?page_no=1'>1<\/a><\/li>\n\n\n\n<li><a href='?page_no=2'>2<\/a><\/li>\n\n\n\n<li><a>...<\/a><\/li>\n\n\n\n<li><a href='?page_no=381'>381<\/a><\/li>\n\n\n\n<li><a href='?page_no=382'>382<\/a><\/li>\n\n\n\n<li class='active'><a>383<\/a><\/li>\n\n\n\n<li><a href='?page_no=384'>384<\/a><\/li>\n\n\n\n<li><a href='?page_no=385'>385<\/a><\/li>\n\n\n\n<li><a>...<\/a><\/li>\n\n\n\n<li><a href='?page_no=22911'>22911<\/a><\/li>\n\n\n\n<li><a href='?page_no=22912'>22912<\/a><\/li>\n\n    \n\t\n\n<li >\n\t<a href='?page_no=384'>Next<\/a>\n\t<\/li>\n\n\n    \n\n<li><a href='?page_no=22912'>Last &rsaquo;&rsaquo;<\/a><\/li>\n\n<\/ul>\n\n\n--><br \/>\n<\/body><\/p>\n","protected":false},"excerpt":{"rendered":"<p>Ej\u00e9rcito de Hait\u00ed toma el fuerte de Cachim\u00e1n Al no resistir las presiones de los haitianos, los coroneles Bernab\u00e9 Sandoval, Bernardino P\u00e9rez y Francisco Dom\u00ednguez, dispusieron el retiro de las tropas dominicanas que se encontraban en el lugar. Por HTN Diariodominicano.com SANTO DOMINGO, el 23 de julio de 1845, los haitianos hicieron salir a los [&hellip;]<\/p>\n","protected":false},"author":3,"featured_media":0,"comment_status":"open","ping_status":"open","sticky":false,"template":"","format":"standard","meta":{"footnotes":""},"categories":[21],"tags":[],"class_list":["post-51384","post","type-post","status-publish","format-standard","hentry","category-cultura"],"_links":{"self":[{"href":"https:\/\/diariodominicano.com\/index.php?rest_route=\/wp\/v2\/posts\/51384","targetHints":{"allow":["GET"]}}],"collection":[{"href":"https:\/\/diariodominicano.com\/index.php?rest_route=\/wp\/v2\/posts"}],"about":[{"href":"https:\/\/diariodominicano.com\/index.php?rest_route=\/wp\/v2\/types\/post"}],"author":[{"embeddable":true,"href":"https:\/\/diariodominicano.com\/index.php?rest_route=\/wp\/v2\/users\/3"}],"replies":[{"embeddable":true,"href":"https:\/\/diariodominicano.com\/index.php?rest_route=%2Fwp%2Fv2%2Fcomments&post=51384"}],"version-history":[{"count":0,"href":"https:\/\/diariodominicano.com\/index.php?rest_route=\/wp\/v2\/posts\/51384\/revisions"}],"wp:attachment":[{"href":"https:\/\/diariodominicano.com\/index.php?rest_route=%2Fwp%2Fv2%2Fmedia&parent=51384"}],"wp:term":[{"taxonomy":"category","embeddable":true,"href":"https:\/\/diariodominicano.com\/index.php?rest_route=%2Fwp%2Fv2%2Fcategories&post=51384"},{"taxonomy":"post_tag","embeddable":true,"href":"https:\/\/diariodominicano.com\/index.php?rest_route=%2Fwp%2Fv2%2Ftags&post=51384"}],"curies":[{"name":"wp","href":"https:\/\/api.w.org\/{rel}","templated":true}]}}