{"id":513802,"date":"2024-03-09T00:28:14","date_gmt":"2024-03-09T04:28:14","guid":{"rendered":"https:\/\/diariodominicano.com\/?p=513802"},"modified":"2024-03-09T00:28:49","modified_gmt":"2024-03-09T04:28:49","slug":"en-visperas-del-dia-internacional-de-la-mujer-el-pld-rinde-tributo-a-la-recien-fenecida-adilka-feliz-miembro-del-comite-central","status":"publish","type":"post","link":"https:\/\/diariodominicano.com\/?p=513802","title":{"rendered":"En v\u00edsperas del\u00a0D\u00eda Internacional de la Mujer\u00a0el PLD rinde tributo a la reci\u00e9n fenecida\u00a0Adilka Feliz, miembro del Comit\u00e9 Central"},"content":{"rendered":"\n<p><strong>El Partido de la Liberaci\u00f3n Dominicana, a trav\u00e9s su Secretar\u00eda de Igualdad y Equidad de G\u00e9nero, realiz\u00f3 un homenaje p\u00f3stumo a Adilka Feliz,<\/strong>&nbsp;<strong>integrante del Comit\u00e9 Central y asistente legislativa del senador por El\u00edas Pi\u00f1a, Iv\u00e1n Lorenzo,<\/strong>&nbsp;quien falleciera el pasado mes de febrero en una operaci\u00f3n fallida de parto.<\/p>\n\n\n\n<figure class=\"wp-block-image size-full\"><img loading=\"lazy\" decoding=\"async\" width=\"800\" height=\"533\" src=\"https:\/\/diariodominicano.com\/wp-content\/uploads\/2024\/03\/DSC_3190.jpg\" alt=\"\" class=\"wp-image-513804\" srcset=\"https:\/\/diariodominicano.com\/wp-content\/uploads\/2024\/03\/DSC_3190.jpg 800w, https:\/\/diariodominicano.com\/wp-content\/uploads\/2024\/03\/DSC_3190-300x200.jpg 300w, https:\/\/diariodominicano.com\/wp-content\/uploads\/2024\/03\/DSC_3190-768x512.jpg 768w\" sizes=\"auto, (max-width: 800px) 100vw, 800px\" \/><\/figure>\n\n\n\n<p>El acto se llev\u00f3 a cabo en la Casa Nacional del PLD Reinaldo Pared P\u00e9rez en v\u00edsperas de la conmemoraci\u00f3n del D\u00eda Internacional de la Mujer, y cont\u00f3 con la presencia de familiares de Feliz, el senador Iv\u00e1n Lorenzo, Claudia Rita Abreu, secretar\u00eda de Igualdad y Equidad de G\u00e9nero; Michael Matos, titular de la Juventud, Flavia Garc\u00eda, del Comit\u00e9 Central, servidores de la Casa Nacional, amigos y allegados de la familia<\/p>\n\n\n\n<figure class=\"wp-block-image size-full\"><img loading=\"lazy\" decoding=\"async\" width=\"800\" height=\"531\" src=\"https:\/\/diariodominicano.com\/wp-content\/uploads\/2024\/03\/DSC_3255.jpg\" alt=\"\" class=\"wp-image-513806\" srcset=\"https:\/\/diariodominicano.com\/wp-content\/uploads\/2024\/03\/DSC_3255.jpg 800w, https:\/\/diariodominicano.com\/wp-content\/uploads\/2024\/03\/DSC_3255-300x199.jpg 300w, https:\/\/diariodominicano.com\/wp-content\/uploads\/2024\/03\/DSC_3255-768x510.jpg 768w\" sizes=\"auto, (max-width: 800px) 100vw, 800px\" \/><\/figure>\n\n\n\n<figure class=\"wp-block-image size-full\"><img loading=\"lazy\" decoding=\"async\" width=\"800\" height=\"542\" src=\"https:\/\/diariodominicano.com\/wp-content\/uploads\/2024\/03\/DSC_3306.jpg\" alt=\"\" class=\"wp-image-513807\" srcset=\"https:\/\/diariodominicano.com\/wp-content\/uploads\/2024\/03\/DSC_3306.jpg 800w, https:\/\/diariodominicano.com\/wp-content\/uploads\/2024\/03\/DSC_3306-300x203.jpg 300w, https:\/\/diariodominicano.com\/wp-content\/uploads\/2024\/03\/DSC_3306-768x520.jpg 768w\" sizes=\"auto, (max-width: 800px) 100vw, 800px\" \/><\/figure>\n\n\n\n<p><strong>Lorenzo, vocero del bloque de senadores del PLD, defini\u00f3 a Adilka Feliz<\/strong>, quien se desempe\u00f1aba como su asistente legislativa, la defini\u00f3 como su gu\u00eda y persona de confianza que tuvo que ver con su trayectoria como senador de la Rep\u00fablica.<\/p>\n\n\n\n<p>\u201cTuve el privilegio de ser asesorado y ayudado por una persona que ten\u00eda todo el conocimiento, una mujer sumamente brillante\u201d, expres\u00f3 el legislador en la palabra que pronunci\u00f3 en el acto<\/p>\n\n\n\n<p>Dijo que Feliz era una servidora a tiempo completo ya que la pod\u00eda llamar a cualquier hora del d\u00eda y siempre estaba dispuesta a servir. \u201cNo me ha tocado vivir un momento f\u00e1cil. Me toca vivir una nueva vida, una nueva etapa, tengo que reinventarme para poder seguir hacia adelante\u201d.<\/p>\n\n\n\n<figure class=\"wp-block-image size-full\"><img loading=\"lazy\" decoding=\"async\" width=\"800\" height=\"453\" src=\"https:\/\/diariodominicano.com\/wp-content\/uploads\/2024\/03\/DSC_3226.jpg\" alt=\"\" class=\"wp-image-513808\" srcset=\"https:\/\/diariodominicano.com\/wp-content\/uploads\/2024\/03\/DSC_3226.jpg 800w, https:\/\/diariodominicano.com\/wp-content\/uploads\/2024\/03\/DSC_3226-300x170.jpg 300w, https:\/\/diariodominicano.com\/wp-content\/uploads\/2024\/03\/DSC_3226-768x435.jpg 768w\" sizes=\"auto, (max-width: 800px) 100vw, 800px\" \/><\/figure>\n\n\n\n<p>Adelant\u00f3 que en el d\u00eda de hoy acaba de someter una iniciativa, que se estar\u00eda conociendo en una comisi\u00f3n a la mayor brevedad posible, en donde solicita la designaci\u00f3n mediante una ley que la Biblioteca de El\u00edas Pi\u00f1a lleve el nombre de Adilka Feliz.<\/p>\n\n\n\n<p>Igualmente inform\u00f3 que est\u00e1 preparando un proyecto para que el ayuntamiento de El\u00edas Pi\u00f1a coloque el nombre de Adilka Feliz a una de las calles de ese municipio, preferiblemente donde vive su madre y d\u00f3nde Feliz pernoctaba cuando la visitaba.<\/p>\n\n\n\n<figure class=\"wp-block-image size-full\"><img loading=\"lazy\" decoding=\"async\" width=\"674\" height=\"453\" src=\"https:\/\/diariodominicano.com\/wp-content\/uploads\/2024\/03\/DSC_3349.jpg\" alt=\"\" class=\"wp-image-513809\" srcset=\"https:\/\/diariodominicano.com\/wp-content\/uploads\/2024\/03\/DSC_3349.jpg 674w, https:\/\/diariodominicano.com\/wp-content\/uploads\/2024\/03\/DSC_3349-300x202.jpg 300w\" sizes=\"auto, (max-width: 674px) 100vw, 674px\" \/><\/figure>\n\n\n\n<p><strong>Persona Especial, con una vocaci\u00f3n de servicio extraordinaria<\/strong><\/p>\n\n\n\n<p><strong>La secretaria de Igualdad y Equidad de G\u00e9nero, Claudia Rita Abreu,<\/strong>&nbsp;quien organiz\u00f3 la actividad, lament\u00f3 la ida a destiempo de Adilka Feliz, a quien consider\u00f3 una persona muy especial y con una vocaci\u00f3n de servicio extraordinaria.<\/p>\n\n\n\n<p>Abreu ponder\u00f3 la capacidad de investigaci\u00f3n que ten\u00eda Feliz, y su disposici\u00f3n a colaborar siempre con todo el que la solicitara.<\/p>\n\n\n\n<p>\u201cAdilka era una persona siempre dispuesta a colaborar con los contenidos, con las cosas que uno le preguntaba, ten\u00eda unos pensamientos l\u00f3gicos muy importantes y un conocimiento m\u00e1s all\u00e1 de lo normal que conocemos\u201d, manifest\u00f3.<\/p>\n\n\n\n<p>Bajo sollozo Claudia Rita aument\u00f3 y considero como una frustraci\u00f3n que personas tan valiosas dejen este mundo de una manera tan injusta ya que realmente es legal que se ponga de primero salvar una madre, pero la presi\u00f3n social y la distorsi\u00f3n que hay respecto al tema de las tres causales, hace tambi\u00e9n que se le tenga miedo a enfrentar cosas que de por s\u00ed son correctas.<\/p>\n\n\n\n<p><strong>Adilka se nos fue con un mont\u00f3n de sue\u00f1os de libertad<\/strong><\/p>\n\n\n\n<p><strong>Flavia Garc\u00eda, miembro del Comit\u00e9 Central del PLD y ex titular de la Secretar\u00eda de la Mujer pelede\u00edsta,<\/strong>&nbsp;felicit\u00f3 a la Secretar\u00eda de Equidad de G\u00e9nero por el homenaje p\u00f3stumo a Adilka y ese acto de respeto y solidaridad.<\/p>\n\n\n\n<p>Garc\u00eda record\u00f3 cuando la conoci\u00f3 y luego la escuch\u00f3 en las plenarias de la Conferencia Permanentes de Partidos Pol\u00edticos de Am\u00e9rica Latina y El Caribe (COPPAL) con su voz de ni\u00f1a, pero con una pronunciaci\u00f3n perfecta, informando todo el quehacer de la presidencia&nbsp;del organismo regional<\/p>\n\n\n\n<p>\u201cAdmir\u00e9 su formaci\u00f3n acad\u00e9mica, su serenidad y su capacidad de mujer que siendo tan joven ten\u00eda el dominio de la palabra y de la convicci\u00f3n, segu\u00ed conoci\u00e9ndola y entonces entend\u00ed que estaba frente a una heredera leg\u00edtima de nuestras mujeres hacedoras de historia\u201d, expuso.<\/p>\n\n\n\n<p>Resalt\u00f3 la dimensi\u00f3n de su participaci\u00f3n nacional e internacional desde muy temprana edad en su ciudad natal, desde las organizaciones estudiantiles hasta en los clubes juveniles con una vocaci\u00f3n social inmensa que la llev\u00f3 a ser promotora y conductora de un espacio radial patrocinado por m\u00e9dicos del Mundo Espa\u00f1a en el que informaba sobre la prevenci\u00f3n de enfermedades y de embarazos en las adolescentes.<\/p>\n\n\n\n<p>\u201cA mi edad compa\u00f1eros y compa\u00f1eras no asimilo su partida, pero s\u00e9 que se fue con un mont\u00f3n de sue\u00f1os se\u00f1ores, sue\u00f1os de libertad, sue\u00f1os de igualdad, de equidad, esa fue su vida y con El\u00edas Pi\u00f1a en su coraz\u00f3n siempre\u201d, lament\u00f3 Flavia Garc\u00eda.<\/p>\n\n\n\n<p><strong>Chanel Rosa, miembro del Comit\u00e9 Central<\/strong>&nbsp;tambi\u00e9n intervino en el acto destacando el esp\u00edritu solidario y capacidad de servicio que adornaron a la joven madre quien muri\u00f3 en una operaci\u00f3n de parto.<\/p>\n\n\n\n<p>Dijo que le correspondi\u00f3 dar a conocer la mala noticia de su deceso, lo que le&nbsp;afligi\u00f3, dado el nivel de simpat\u00eda que le ten\u00eda a la joven profesional de la econom\u00eda.<\/p>\n\n\n\n<p><strong>Michael Matos, de la JPLD destac\u00f3 de Adilka Feliz<\/strong>&nbsp;su dedicaci\u00f3n al trabajo, el alto grado de compa\u00f1erismo y a quien, siendo t\u00edmida, se sobrepon\u00eda en sus intervenciones p\u00fablicas y en las tareas pol\u00edticas y en materia legislativa que se le encomendara<\/p>\n\n\n\n<p><strong>Desarrollo del acto.<\/strong><\/p>\n\n\n\n<p>El inicio del homenaje p\u00f3stumo del PLD a Adilka Feliz inici\u00f3 pronunciando el lema partidario&nbsp;<strong>\u201cServir al Partido para Servir al Pueblo\u201d,<\/strong>&nbsp;continu\u00f3 con la introducci\u00f3n al acto a cargo del maestro de ceremonia H\u00e9ctor Olivo, las palabras de apertura de Claudia Rita, Abreu, las intervenciones de Michael Matos y Chanel Rosa.<\/p>\n\n\n\n<p>Acto seguido Abreu, Matos, y Rosa entregaron una plaza en acr\u00edlico el eterno agradecimiento de la fallecida a la democracia y a la vida partidaria.<\/p>\n\n\n\n<p><strong>Su madre Ana Victoria Paulino<\/strong>&nbsp;agradeci\u00f3 la placa y manifest\u00f3 orgullo por los aportes de su hija agradeciendo el homenaje y el acto de recordaci\u00f3n al igual que lo hizo su prima Keisy P\u00e9rez.<\/p>\n\n\n\n<p>Con un minuto de un animado aplauso concluy\u00f3 la ceremonia, celebrando la alegr\u00eda y los aportes que dej\u00f3 su corta vida Adilka Feliz, Que Descanse en paz.<\/p>\n\n\n\n<p><strong>SECRETAR\u00cdA DE COMUNICACIONES<\/strong><\/p>\n\n\n\n<p><strong>08 DE MARZO, 2024.- &nbsp;<\/strong><\/p>\n","protected":false},"excerpt":{"rendered":"<p>El Partido de la Liberaci\u00f3n Dominicana, a trav\u00e9s su Secretar\u00eda de Igualdad y Equidad de G\u00e9nero, realiz\u00f3 un homenaje p\u00f3stumo a Adilka Feliz,&nbsp;integrante del Comit\u00e9 Central y asistente legislativa del senador por El\u00edas Pi\u00f1a, Iv\u00e1n Lorenzo,&nbsp;quien falleciera el pasado mes de febrero en una operaci\u00f3n fallida de parto. El acto se llev\u00f3 a cabo en [&hellip;]<\/p>\n","protected":false},"author":28,"featured_media":513803,"comment_status":"closed","ping_status":"","sticky":false,"template":"","format":"standard","meta":{"footnotes":""},"categories":[20,26,25],"tags":[],"class_list":["post-513802","post","type-post","status-publish","format-standard","has-post-thumbnail","hentry","category-dominicana-hoy","category-efemerides","category-gente"],"_links":{"self":[{"href":"https:\/\/diariodominicano.com\/index.php?rest_route=\/wp\/v2\/posts\/513802","targetHints":{"allow":["GET"]}}],"collection":[{"href":"https:\/\/diariodominicano.com\/index.php?rest_route=\/wp\/v2\/posts"}],"about":[{"href":"https:\/\/diariodominicano.com\/index.php?rest_route=\/wp\/v2\/types\/post"}],"author":[{"embeddable":true,"href":"https:\/\/diariodominicano.com\/index.php?rest_route=\/wp\/v2\/users\/28"}],"replies":[{"embeddable":true,"href":"https:\/\/diariodominicano.com\/index.php?rest_route=%2Fwp%2Fv2%2Fcomments&post=513802"}],"version-history":[{"count":2,"href":"https:\/\/diariodominicano.com\/index.php?rest_route=\/wp\/v2\/posts\/513802\/revisions"}],"predecessor-version":[{"id":513811,"href":"https:\/\/diariodominicano.com\/index.php?rest_route=\/wp\/v2\/posts\/513802\/revisions\/513811"}],"wp:featuredmedia":[{"embeddable":true,"href":"https:\/\/diariodominicano.com\/index.php?rest_route=\/wp\/v2\/media\/513803"}],"wp:attachment":[{"href":"https:\/\/diariodominicano.com\/index.php?rest_route=%2Fwp%2Fv2%2Fmedia&parent=513802"}],"wp:term":[{"taxonomy":"category","embeddable":true,"href":"https:\/\/diariodominicano.com\/index.php?rest_route=%2Fwp%2Fv2%2Fcategories&post=513802"},{"taxonomy":"post_tag","embeddable":true,"href":"https:\/\/diariodominicano.com\/index.php?rest_route=%2Fwp%2Fv2%2Ftags&post=513802"}],"curies":[{"name":"wp","href":"https:\/\/api.w.org\/{rel}","templated":true}]}}