{"id":513770,"date":"2024-03-08T23:17:07","date_gmt":"2024-03-09T03:17:07","guid":{"rendered":"https:\/\/diariodominicano.com\/?p=513770"},"modified":"2024-03-08T23:27:25","modified_gmt":"2024-03-09T03:27:25","slug":"museo-memorial-pone-en-circulacion-segunda-edicion-del-libro-su-nombre-es-patria","status":"publish","type":"post","link":"https:\/\/diariodominicano.com\/?p=513770","title":{"rendered":"Museo Memorial pone en circulaci\u00f3n segunda edici\u00f3n del libro \u201cSu nombre es Patria\u201d"},"content":{"rendered":"\n<p>La obra forma parte de los actos por el centenario de la hero\u00edna.<\/p>\n\n\n\n<figure class=\"wp-block-image size-large\"><img loading=\"lazy\" decoding=\"async\" width=\"1024\" height=\"595\" src=\"https:\/\/diariodominicano.com\/wp-content\/uploads\/2024\/03\/Foto-Libro-3-1024x595.jpeg\" alt=\"\" class=\"wp-image-513773\" srcset=\"https:\/\/diariodominicano.com\/wp-content\/uploads\/2024\/03\/Foto-Libro-3-1024x595.jpeg 1024w, https:\/\/diariodominicano.com\/wp-content\/uploads\/2024\/03\/Foto-Libro-3-300x174.jpeg 300w, https:\/\/diariodominicano.com\/wp-content\/uploads\/2024\/03\/Foto-Libro-3-768x446.jpeg 768w, https:\/\/diariodominicano.com\/wp-content\/uploads\/2024\/03\/Foto-Libro-3-816x474.jpeg 816w, https:\/\/diariodominicano.com\/wp-content\/uploads\/2024\/03\/Foto-Libro-3.jpeg 1226w\" sizes=\"auto, (max-width: 1024px) 100vw, 1024px\" \/><\/figure>\n\n\n\n<p>La puesta en circulaci\u00f3n de \u201cSu nombre es Patria\u201d, de la autor\u00eda de la periodista e investigadora Mercedes Alonzo Romero, y editada por el escritor Avelino Stanley, se enmarca dentro del D\u00eda Internacional de la Mujer.<\/p>\n\n\n\n<p><em><u>Santo Domingo, DN, 8 de marzo 2024.-<\/u><\/em>El Museo Memorial de la Resistencia Dominicana (MMRD) puso en circulaci\u00f3n la segunda edici\u00f3n mejorada del libro \u201cSu nombre es Patria\u201d, una obra que busca reivindicar el papel de la mujer en la lucha por sus derechos al cumplirse el centenario de Patria Mirabal.<\/p>\n\n\n\n<figure class=\"wp-block-image size-large\"><img loading=\"lazy\" decoding=\"async\" width=\"1024\" height=\"682\" src=\"https:\/\/diariodominicano.com\/wp-content\/uploads\/2024\/03\/Autora-del-libro-1024x682.jpeg\" alt=\"\" class=\"wp-image-513775\" srcset=\"https:\/\/diariodominicano.com\/wp-content\/uploads\/2024\/03\/Autora-del-libro-1024x682.jpeg 1024w, https:\/\/diariodominicano.com\/wp-content\/uploads\/2024\/03\/Autora-del-libro-300x200.jpeg 300w, https:\/\/diariodominicano.com\/wp-content\/uploads\/2024\/03\/Autora-del-libro-768x512.jpeg 768w, https:\/\/diariodominicano.com\/wp-content\/uploads\/2024\/03\/Autora-del-libro-816x544.jpeg 816w, https:\/\/diariodominicano.com\/wp-content\/uploads\/2024\/03\/Autora-del-libro.jpeg 1280w\" sizes=\"auto, (max-width: 1024px) 100vw, 1024px\" \/><\/figure>\n\n\n\n<p><strong>La puesta en circulaci\u00f3n de la obra, de la autor\u00eda de la periodista e investigadora Mercedes Alonzo Romero, y editada por el escritor Avelino Stanley, se enmarca dentro del D\u00eda Internacional de la Mujer, que se conmemora este ocho de marzo, una fecha que nace de la lucha reivindicativa de las mujeres en la b\u00fasqueda de una serie de derechos.<\/strong><\/p>\n\n\n\n<p>\u201cNo es un d\u00eda de flores, es un d\u00eda de lucha, y esa es precisamente la mejor descripci\u00f3n de Patria\u201d, sostuvo la directora-fundadora del MMRD, Luisa De Pe\u00f1a D\u00edaz, quien destac\u00f3 las caracter\u00edsticas especiales de la mayor de las tres hermanas Mirabal que la hicieron convertirse en el refugio de sus dem\u00e1s hermanas.<\/p>\n\n\n\n<p>Patria lo dio todo por la familia y su hogar, por lo que para De Pe\u00f1a D\u00edaz es importante que la sociedad dominicana conozca esa faceta de la menos conocida y discreta de las hermanas Mirabal.<\/p>\n\n\n\n<p>\u201cPatria era una mujer que luch\u00f3 por la libertad y la democracia en el pa\u00eds, lo puso todo por la familia, su hogar, sus bienes a disposici\u00f3n de eso, entonces es importante conocer esas facetas que es, realmente, la faceta reivindicativa de Patria Mirabal, porque cuando uno ve a las hermanas Mirabal dice bueno, eran mujeres bellas, pero eran mujeres que luchaban, eran madres, esposas, pero eran mujeres con conciencia social que buscaban justicia social\u2019, sostuvo.<\/p>\n\n\n\n<p>Consider\u00f3 como apropiado el momento para lanzar la segunda edici\u00f3n del libro, para que todos conozcan la historia y que las ni\u00f1as y j\u00f3venes tengan como referente a una mujer como Patria, que luchaba por los derechos, por lo que ella cre\u00eda, pero al mismo tiempo una mujer que ten\u00eda un hogar, una familia, mucho qu\u00e9 arriesgar \u201cy se puede decir que es un ejemplo completo de lo que se puede conseguir y a lo que se puede aspirar como mujer\u201d.<\/p>\n\n\n\n<p>De su lado, la autora de la obra, la cubana Mercedes Alonzo Romero, al participar en el acto, dijo que Patria era considerada una militante de alto riesgo, por el papel que desempe\u00f1\u00f3 en su lucha contra la tiran\u00eda.<\/p>\n\n\n\n<p>\u201cPatria fue una hero\u00edna sin par, llevar documentos escondidos en su cuerpo, en cualquier lugar del cuerpo, fundamentalmente en los dobladillos de los vestidos era tan riesgoso y lo hizo\u201d, dijo Romero al detallar los testimonios recopilados de parientes y allegados a Patria.<\/p>\n\n\n\n<p>Mientras que Noris Gonz\u00e1lez, presidenta de la Fundaci\u00f3n Museo Memorial e hija de la hero\u00edna, record\u00f3 las vivencias que tuvo junto a su madre y su lucha por la libertad y la justicia social.<\/p>\n\n\n\n<p>Su habilidad para transmitir informaci\u00f3n a sus compa\u00f1eros de lucha y su factor humano fueron destacados por la periodista y gerente de exposiciones temporales de la instituci\u00f3n, Patricia Solano, quien destac\u00f3 que aunque Patria manejaba un perfil bajo, siempre destac\u00f3 por su gran destreza para influir en los dem\u00e1s.<\/p>\n\n\n\n<p>Al acto asistieron adem\u00e1s de los hijos de Patria, Noris y Ra\u00fal Ernesto Gonz\u00e1lez, nietos y otros familiares de la hero\u00edna. Tambi\u00e9n los magistrados Francisco Antonio Ortega Polanco, Helen Voutsinas, Jueza Asociada de la Divisi\u00f3n de Apelaciones para el Segundo Departamento de la Corte Suprema en Nueva York, Llin\u00e9t M. Rosado, jueza Asociada de la Divisi\u00f3n de Apelaciones para el Segundo Departamento de la Corte Suprema de Nueva York; Lourdes Ventura, Jueza Asociada de la Divisi\u00f3n de Apelaciones para el Segundo Departamento de la Corte Suprema en Nueva York; &nbsp;Bianca P\u00e9rez, Jueza Asociada del Tribunal Inferior de Apelaciones para el primer departamento de Nueva York y jueza de la Corte de la Corte Suprema para el Condado del Bronx; y Rita Mella Febles, jueza de la Corte de Sucesiones del Condado de Nueva York.<\/p>\n\n\n\n<p><strong>Sobre la obra<\/strong><\/p>\n\n\n\n<p>El libro recoge la participaci\u00f3n de Patria Mirabal y su esposo Pedro Gonz\u00e1lez en la conspiraci\u00f3n contra la dictadura de Trujillo, que trajo como consecuencia la formaci\u00f3n de un movimiento clandestino en todo el territorio, que llev\u00f3 por nombre 14 de junio en homenaje a los expedicionarios de 1959.<\/p>\n\n\n\n<p>Esta obra es una investigaci\u00f3n sobre la mayor de las hermanas Mirabal y su compromiso libertario desde una edad temprana, ya que su familia materna hab\u00eda sufrido los abusos de la intervenci\u00f3n militar norteamericana de 1916 a 1924.<\/p>\n\n\n\n<p>Su consorte, Pedro Gonz\u00e1lez, era un hacendado con pr\u00f3speros negocios de cacao y otros rubros. Juntos pusieron su casa como punto de reuni\u00f3n de otros militantes de la regi\u00f3n, incluyendo parientes de la familia Gonz\u00e1lez, cosa que Trujillo lleg\u00f3 a mencionar en mayo de 1960, cuando enumer\u00f3 los temas que le preocupaban en el Cibao. Como a todos sus opositores, les llam\u00f3 comunistas.<\/p>\n\n\n\n<p>Descubierto el movimiento, fueron apresados Pedro Gonz\u00e1lez y su hijo Nelson, que era un adolescente. La casa de Patria y Pedrito fue embargada, saqueada y destruida, as\u00ed como sus fincas y su ganado. Tanto las reuniones en la casa de los Gonz\u00e1lez- Mirabal como el acopio de armas y p\u00f3lvora para hacer bombas, hicieron de este lugar un s\u00edmbolo que la dictadura quiso destruir con sa\u00f1a. Esta obra es la historia de Patria, su esposo y su compromiso con la libertad.&#8211;<\/p>\n\n\n\n<p>Raisa Marte<\/p>\n\n\n\n<p><a target=\"_blank\" href=\"mailto:raisamarte1@gmail.com\" rel=\"noreferrer noopener\">raisamarte1@gmail.com<\/a><\/p>\n\n\n\n<p><strong>Santa (Raisa) Marte Javier<\/strong><\/p>\n\n\n\n<p><strong>Periodista<\/strong><\/p>\n","protected":false},"excerpt":{"rendered":"<p>La obra forma parte de los actos por el centenario de la hero\u00edna. La puesta en circulaci\u00f3n de \u201cSu nombre es Patria\u201d, de la autor\u00eda de la periodista e investigadora Mercedes Alonzo Romero, y editada por el escritor Avelino Stanley, se enmarca dentro del D\u00eda Internacional de la Mujer. Santo Domingo, DN, 8 de marzo [&hellip;]<\/p>\n","protected":false},"author":28,"featured_media":513771,"comment_status":"closed","ping_status":"","sticky":true,"template":"","format":"standard","meta":{"footnotes":""},"categories":[21,26,27],"tags":[],"class_list":["post-513770","post","type-post","status-publish","format-standard","has-post-thumbnail","hentry","category-cultura","category-efemerides","category-portada"],"_links":{"self":[{"href":"https:\/\/diariodominicano.com\/index.php?rest_route=\/wp\/v2\/posts\/513770","targetHints":{"allow":["GET"]}}],"collection":[{"href":"https:\/\/diariodominicano.com\/index.php?rest_route=\/wp\/v2\/posts"}],"about":[{"href":"https:\/\/diariodominicano.com\/index.php?rest_route=\/wp\/v2\/types\/post"}],"author":[{"embeddable":true,"href":"https:\/\/diariodominicano.com\/index.php?rest_route=\/wp\/v2\/users\/28"}],"replies":[{"embeddable":true,"href":"https:\/\/diariodominicano.com\/index.php?rest_route=%2Fwp%2Fv2%2Fcomments&post=513770"}],"version-history":[{"count":3,"href":"https:\/\/diariodominicano.com\/index.php?rest_route=\/wp\/v2\/posts\/513770\/revisions"}],"predecessor-version":[{"id":513776,"href":"https:\/\/diariodominicano.com\/index.php?rest_route=\/wp\/v2\/posts\/513770\/revisions\/513776"}],"wp:featuredmedia":[{"embeddable":true,"href":"https:\/\/diariodominicano.com\/index.php?rest_route=\/wp\/v2\/media\/513771"}],"wp:attachment":[{"href":"https:\/\/diariodominicano.com\/index.php?rest_route=%2Fwp%2Fv2%2Fmedia&parent=513770"}],"wp:term":[{"taxonomy":"category","embeddable":true,"href":"https:\/\/diariodominicano.com\/index.php?rest_route=%2Fwp%2Fv2%2Fcategories&post=513770"},{"taxonomy":"post_tag","embeddable":true,"href":"https:\/\/diariodominicano.com\/index.php?rest_route=%2Fwp%2Fv2%2Ftags&post=513770"}],"curies":[{"name":"wp","href":"https:\/\/api.w.org\/{rel}","templated":true}]}}