{"id":51362,"date":"2020-07-23T23:41:15","date_gmt":"2020-07-23T23:41:15","guid":{"rendered":"http:\/\/diariodominicano.ddns.net\/?p=51362"},"modified":"2020-07-23T23:41:15","modified_gmt":"2020-07-23T23:41:15","slug":"la-junta-de-santana-declara-a-juan-pablo-duarte-y-a-varios-trinitarios-traidores-a-la-patria","status":"publish","type":"post","link":"https:\/\/diariodominicano.com\/?p=51362","title":{"rendered":"La Junta de Santana declara a Juan Pablo Duarte y a varios  trinitarios traidores a la patria&#13;"},"content":{"rendered":"<p><body><\/p>\n<p><img decoding=\"async\" src=\"img3\/Duarte30.jpg\" \/><br \/><img decoding=\"async\" src=\"img3\/Santana00.jpg\" \/>  <\/p>\n<p><strong>Diariodominicano.com<\/strong><\/p>\n<p><strong>Junta Central Gubernativa  acusa  a  Duarte y a  trinitarios de traidores a la patria<\/strong><\/p>\n<p><strong> La decisi\u00f3n  se produjo cuando una comisi\u00f3n presidida  por el coronel Domingo Mallol y Juan Luis Franco Bid\u00f3, le entreg\u00f3 el 24 de julio, la proclama aprobada en Santiago de los Caballeros, por los  pueblos del Cibao,  el d\u00eda 19 de julio de 1844.  Ese  d\u00eda el pr\u00f3cer Mat\u00edas Ram\u00f3n Mella, Jefe del Departamento de Santiago y frontera del Noroeste,   envi\u00f3 el  informe a la Junta Central Gubernativa, en el  que le comunicaba de manera oficial que Juan Pablo Duarte, hab\u00eda sido proclamado Presidente de la Rep\u00fablica por los pueblos del Cibao.<\/strong><\/p>\n<\/p>\n<p><strong>Por H\u00e9ctor Tineo Nolasco<\/strong><\/p>\n<p><strong>Diariodominicano.com<\/strong><\/p>\n<\/p>\n<\/p>\n<p><strong>SANTO DOMINGO, el  24 de julio de 1844<\/strong>, la Junta Central Gubernativa, encabezada  por el general Pedro Santana, rechaz\u00f3 la decisi\u00f3n de los pueblos del Cibao de proclamar a Juan Pablo Duarte, Presidente de la Rep\u00fablica. Y lo declar\u00f3 junto a varios  trinitarios traidores a la patria.<\/p>\n<\/p>\n<p>   <strong> La decisi\u00f3n  se produjo cuando una comisi\u00f3n presidida  por el coronel Domingo Mallol y Juan Luis Franco Bid\u00f3, le entreg\u00f3 el 24 de julio, la proclama aprobada en Santiago de los Caballeros, por los  pueblos del Cibao,  el d\u00eda 19 de julio de 1844.  Ese  d\u00eda el pr\u00f3cer Mat\u00edas Ram\u00f3n Mella, Jefe del Departamento de Santiago y frontera del Noroeste,   envi\u00f3 el  informe a la Junta Central Gubernativa, en el  que le comunicaba de manera oficial que Juan Pablo Duarte, hab\u00eda sido proclamado Presidente de la Rep\u00fablica por los pueblos del Cibao.<\/strong><\/p>\n<\/p>\n<p>    En el  momento que dirigi\u00f3 el documento  a la Junta Central Gubernativa, Mat\u00edas Ram\u00f3n Mella, ignoraba que en la Capital el general Pedro Santana hab\u00eda dado un golpe el d\u00eda 16 de julio que desaloj\u00f3 del primer organismo de Gobierno dominicano a los trinitarios que encabezaba Francisco del Rosario S\u00e1nchez.<\/p>\n<\/p>\n<p>    De esa manera, los conservadores que presid\u00eda Tom\u00e1s Bobadilla, retomaron el control de la Junta Central Gubernativa, que era dirigida por los trinitarios desde el d\u00eda 9 de junio de 1844.<\/p>\n<\/p>\n<p>    La nueva Junta  rechaz\u00f3 el documento de Mella,  y el d\u00eda 24 de julio de 1844, dio a conocer un  manifiesto  en el que advirti\u00f3  que \u00abno reconoce ni reconocer\u00e1 el nombramiento de Presidente en el General Duarte ni en ninguna otra  persona,  a menos que no sea hecho por el Congreso Constituyente\u00bb.<\/p>\n<\/p>\n<p>   Asimismo, declar\u00f3  a Duarte y dem\u00e1s trinitarios, traidores a la patria. <\/p>\n<\/p>\n<p>    El d\u00eda  16 de julio de 1844, a las 3 de la tarde, el general Pedro Santana, consum\u00f3 el golpe contra los miembros de la Junta Central Gubernativa, que presid\u00eda el pr\u00f3cer Francisco del Rosario S\u00e1nchez.<\/p>\n<\/p>\n<p>    Al tomar la decisi\u00f3n, asumi\u00f3 la Presidencia del organismo de Gobierno y reintegr\u00f3 a los miembros que desalojaron los trinitarios el d\u00eda 9 de junio de 1844, cuando dieron un golpe y nombraron Presidente a Francisco del Rosario S\u00e1nchez.<\/p>\n<\/p>\n<p>El  general Pedro Santana, jefe del Ej\u00e9rcito del Sur, entr\u00f3 con sus tropas a la ciudad de Santo Domingo, el 12 de julio de 1844. <\/p>\n<\/p>\n<p>  Con su llegada a la ciudad  inici\u00f3 un plan para derrocar a la Junta Central Gubernativa que presid\u00eda el pr\u00f3cer Francisco del Rosario S\u00e1nchez.<\/p>\n<\/p>\n<p>    Pedro Santana logr\u00f3 su objetivo con el apoyo del c\u00f3nsul de Francia, Saint Denys.<\/p>\n<\/p>\n<p>      Francisco del Rosario S\u00e1nchez tambi\u00e9n se encontr\u00f3 con la dificultad de que el Comandante de Armas de la Plaza de Santo Domingo, general Jos\u00e9 Joaqu\u00edn Puello, se neg\u00f3 a enfrentar a Santana que hab\u00eda salido con su ej\u00e9rcito desde Azua para tomar a la Capital.<\/p>\n<\/p>\n<p>     Pedro Santana acus\u00f3 a la Junta Central Gubernativa de haberle negado el apoyo que necesitaba el Ej\u00e9rcito cuando estaba en campa\u00f1a en Azua. <\/p>\n<\/p>\n<p>     El prop\u00f3sito de Santana era instalarse como Dictador, pero el c\u00f3nsul Saint Denys, lo convenci\u00f3 de que lo m\u00e1s conveniente era que sacara a los miembros de la Junta Central Gubernativa que encabezaba S\u00e1nchez y se reintegrara a los que integraban el organismo cuando lo presid\u00eda Tom\u00e1s Bobadilla y Briones.<\/p>\n<\/p>\n<p>       Saint Denys calific\u00f3 de ilegales a los miembros de la Junta que fueron escogidos con  S\u00e1nchez.<\/p>\n<\/p>\n<p>     El golpe que llev\u00f3 a los trinitarios a controlar la Junta fue ejecutado el d\u00eda 9 de junio. Lo hicieron para sacar del organismo a los  conservadores que controlaban la Junta Central Gubernativa, presidida por Tom\u00e1s Bobadilla,  quienes deseaban convertir la naciente Rep\u00fablica Dominicana en un protectorado de Francia.<\/p>\n<\/p>\n<p>      Los trinitarios estimaban que Tom\u00e1s Bobadilla y los miembros de la Junta Central Gubernativa, Jos\u00e9 Mar\u00eda Caminero, Francisco Javier Abr\u00e9u y Francisco Ru\u00edz, eran culpables de conspirar contra la soberan\u00eda nacional al mantener negociaciones encaminadas a obtener la protecci\u00f3n de los franceses.<\/p>\n<\/p>\n<p>    Al consumarse el golpe de Estado contra la Junta Central  Gubernativa, el pr\u00f3cer Francisco del Rosario S\u00e1nchez fue escogido Presidente en lugar de Tom\u00e1s Bobadilla.<\/p>\n<\/p>\n<p>  Como dem\u00e1s miembros de la Junta Central Gubernativa, fueron designados los trinitarios Pedro Alejandro Pina, Manuel Mar\u00eda Valverde y Juan Isidro P\u00e9rez, quienes fueron perseguidos por disposici\u00f3n del general Pedro Santana.<\/p>\n<\/p>\n<p>   Al tomar el poder, Pedro Santana desat\u00f3 un plan represivo contra los trinitarios.<\/p>\n<h6> 2020-07-23 23:41:15 <\/h6>\n<p><!--\n<link rel=\"stylesheet\" href=\"css\/bootstrap.min.css\">\n\n\n<ul class=\"pagination\">\n\t    \n\t\n\n<li >\n\t<a href='?page_no=380'>Previous<\/a>\n\t<\/li>\n\n\n       \n    \n\n<li><a href='?page_no=1'>1<\/a><\/li>\n\n\n\n<li><a href='?page_no=2'>2<\/a><\/li>\n\n\n\n<li><a>...<\/a><\/li>\n\n\n\n<li><a href='?page_no=379'>379<\/a><\/li>\n\n\n\n<li><a href='?page_no=380'>380<\/a><\/li>\n\n\n\n<li class='active'><a>381<\/a><\/li>\n\n\n\n<li><a href='?page_no=382'>382<\/a><\/li>\n\n\n\n<li><a href='?page_no=383'>383<\/a><\/li>\n\n\n\n<li><a>...<\/a><\/li>\n\n\n\n<li><a href='?page_no=22911'>22911<\/a><\/li>\n\n\n\n<li><a href='?page_no=22912'>22912<\/a><\/li>\n\n    \n\t\n\n<li >\n\t<a href='?page_no=382'>Next<\/a>\n\t<\/li>\n\n\n    \n\n<li><a href='?page_no=22912'>Last &rsaquo;&rsaquo;<\/a><\/li>\n\n<\/ul>\n\n\n--><br \/>\n<\/body><\/p>\n","protected":false},"excerpt":{"rendered":"<p>Diariodominicano.com Junta Central Gubernativa acusa a Duarte y a trinitarios de traidores a la patria La decisi\u00f3n se produjo cuando una comisi\u00f3n presidida por el coronel Domingo Mallol y Juan Luis Franco Bid\u00f3, le entreg\u00f3 el 24 de julio, la proclama aprobada en Santiago de los Caballeros, por los pueblos del Cibao, el d\u00eda 19 [&hellip;]<\/p>\n","protected":false},"author":3,"featured_media":0,"comment_status":"open","ping_status":"open","sticky":false,"template":"","format":"standard","meta":{"footnotes":""},"categories":[21],"tags":[],"class_list":["post-51362","post","type-post","status-publish","format-standard","hentry","category-cultura"],"_links":{"self":[{"href":"https:\/\/diariodominicano.com\/index.php?rest_route=\/wp\/v2\/posts\/51362","targetHints":{"allow":["GET"]}}],"collection":[{"href":"https:\/\/diariodominicano.com\/index.php?rest_route=\/wp\/v2\/posts"}],"about":[{"href":"https:\/\/diariodominicano.com\/index.php?rest_route=\/wp\/v2\/types\/post"}],"author":[{"embeddable":true,"href":"https:\/\/diariodominicano.com\/index.php?rest_route=\/wp\/v2\/users\/3"}],"replies":[{"embeddable":true,"href":"https:\/\/diariodominicano.com\/index.php?rest_route=%2Fwp%2Fv2%2Fcomments&post=51362"}],"version-history":[{"count":0,"href":"https:\/\/diariodominicano.com\/index.php?rest_route=\/wp\/v2\/posts\/51362\/revisions"}],"wp:attachment":[{"href":"https:\/\/diariodominicano.com\/index.php?rest_route=%2Fwp%2Fv2%2Fmedia&parent=51362"}],"wp:term":[{"taxonomy":"category","embeddable":true,"href":"https:\/\/diariodominicano.com\/index.php?rest_route=%2Fwp%2Fv2%2Fcategories&post=51362"},{"taxonomy":"post_tag","embeddable":true,"href":"https:\/\/diariodominicano.com\/index.php?rest_route=%2Fwp%2Fv2%2Ftags&post=51362"}],"curies":[{"name":"wp","href":"https:\/\/api.w.org\/{rel}","templated":true}]}}