{"id":513618,"date":"2024-03-08T12:22:57","date_gmt":"2024-03-08T16:22:57","guid":{"rendered":"https:\/\/diariodominicano.com\/?p=513618"},"modified":"2024-03-08T12:22:57","modified_gmt":"2024-03-08T16:22:57","slug":"la-uasd-universidad-del-pais-vasco-graduan-75-profesionales-del-cuarto-nivel","status":"publish","type":"post","link":"https:\/\/diariodominicano.com\/?p=513618","title":{"rendered":"La UASD Universidad del Pa\u00eds Vasco grad\u00faan 75 profesionales del cuarto nivel"},"content":{"rendered":"\n<p>diariodominicano.com<\/p>\n\n\n\n<p>La Universidad Aut\u00f3noma de Santo Domingo (UASD) y la Universidad del Pa\u00eds Vasco (UPV\/EHU) invistieron 15 doctores, y entregaron sus t\u00edtulos a 60 egresados de los programas de maestr\u00eda en \u201cFilosof\u00eda en un Mundo Global\u201d, Globalizaci\u00f3n: Procesos Sociales y Pol\u00edticos Econ\u00f3micos\u201d y&nbsp; \u201cSociedad Democr\u00e1tica, Estado y Derecho\u201d, en el marco del convenio suscrito entre ambas academias.<\/p>\n\n\n\n<p>La actividad se llev\u00f3 a cabo en el Paraninfo Eduardo Michel de la Facultad de Ciencias Econ\u00f3micas y Sociales.<\/p>\n\n\n\n<p>El acto de graduaci\u00f3n de la Red Latinoamericana de postgrado de la Universidad del Pa\u00eds Vasco, fue presidido por el vicerrector de Investigaci\u00f3n y Postgrado, maestro Radham\u00e9s Silverio, quien represent\u00f3 al rector de la Universidad Aut\u00f3noma de Santo Domingo (UASD), maestro Editrudis Beltr\u00e1n Cris\u00f3stomo, y la doctora Eva Ferreira Garc\u00eda, rectora de la Universidad del Pa\u00eds Vasco\/Euskal Herriko&nbsp;Unibertsitatea (UPV\/EHU).<\/p>\n\n\n\n<p><br>Silverio pronunci\u00f3 las palabras de bienvenida a los presentes, las que aprovech\u00f3 para recordar el compromiso que la Universidad del Pa\u00eds Vasco ha mantenido con la excelencia acad\u00e9mica y la colaboraci\u00f3n internacional, desde 1997.<\/p>\n\n\n\n<p>El funcionario expres\u00f3 que el objetivo de la colaboraci\u00f3n es la promoci\u00f3n del intercambio acad\u00e9mico, as\u00ed como el fortalecimiento de los lazos entre instituciones acad\u00e9micas hermanas.<\/p>\n\n\n\n<p>Asimismo aprovech\u00f3 su espacio para felicitar a todos los graduandos, al igual que al Ministerio de Educaci\u00f3n Superior, Ciencia y Tecnolog\u00eda (Mescyt) por el apoyo continuo a trav\u00e9s del aporte de sus fondos econ\u00f3micos, as\u00ed como a todos los involucrados en este proyecto para que sea una realidad.<\/p>\n\n\n\n<p>En el acto tambi\u00e9n habl\u00f3 el ministro del Mescyt, maestro Franklin Garc\u00eda Ferm\u00edn, quien fue el primer doctor dominicano egresado de la Universidad del Pa\u00eds Vasco, en el marco del primer convenio entre ambas universidades.<\/p>\n\n\n\n<p>Garc\u00eda Ferm\u00edn afirm\u00f3 que no se cuestiona la relevancia del conocimiento y la formaci\u00f3n en nuestras vidas, razones por las que la UPV y la UASD han constituido un consorcio que le permite entregar a la sociedad&nbsp;dominicana este grupo de acad\u00e9micos, como un excelente producto del esfuerzo conjunto entre estas academias.<\/p>\n\n\n\n<p>Manifest\u00f3 que \u201cel ministerio bajo su responsabilidad, realiza grandes esfuerzos para impulsar la&nbsp; formaci\u00f3n del talento nacional que necesita el pa\u00eds, convencido de que la educaci\u00f3n es esencial para el desarrollo de los pueblos\u201d.<\/p>\n\n\n\n<p>Mientras que la directora de la Red Latinoamericana de postgrado, doctora Juana Goizueta V\u00e9rtiz, durante su intervenci\u00f3n, manifest\u00f3 su alegr\u00eda y satisfacci\u00f3n de poder asistir al acto de entrega de diplomas a los graduandos, ocasi\u00f3n ideal para felicitarlos. Dijo que \u201cestamos muy orgullosos de este gran proyecto y siempre con la esperanza de contar con esta colaboraci\u00f3n de la UASD\u201d.<\/p>\n\n\n\n<p>Goizueta rindi\u00f3 un homenaje p\u00f3stumo a Ignacio Mu\u00f1agorri, catedr\u00e1tico de Derecho Penal, ejemplo de entrega a la actividad docente y a la investigaci\u00f3n, al servicio de las personas y una sociedad m\u00e1s justa.<\/p>\n\n\n\n<p>Tambi\u00e9n fue reconocido con un homenaje p\u00f3stumo y una placa de reconocimiento Fidias Augusto Mej\u00eda Molina, doctor en econom\u00eda, excelente alumno del Master\u201d, Globalizaci\u00f3n: Procesos Sociales y Pol\u00edticas Econ\u00f3micas\u201d, con la defensa de su tesis doctoral titulada \u201cEficiencia y Productividad: Respuestas Aplicadas al Sector Agropecuario en Rep\u00fablica Dominicana\u201d<\/p>\n\n\n\n<p>La rectora Magn\u00edfica de la Universidad del Pa\u00eds Vasco, doctora Eva Ferreira pronunci\u00f3 el discurso de clausura del acto de graduaci\u00f3n, donde destac\u00f3 los importantes logros y \u00e9xitos a lo largo de un&nbsp; trabajo conjunto, basado en una verdadera alianza que se fue consolidando, al tiempo que se\u00f1al\u00f3 que solo en la UASD han culminado &nbsp;su recorrido acad\u00e9mico 170 diplomas de estudios avanzados, 314 Master Universitarios y 73 doctorados.<\/p>\n\n\n\n<p>\u201cEs un honor para la Universidad del Pa\u00eds Vasco compartir con la UASD que reafirma que \u201cel conocimiento no tiene fronteras, acerca los pueblos y por tanto a las culturas, que fluye en dos direcciones\u201d.&nbsp;<\/p>\n\n\n\n<p>Al acto de graduaci\u00f3n asistieron el maestro Pablo Valdez, secretario general; los vicerrectores Docente Wilson Mej\u00eda; Administrativo, Ram\u00f3n Desangles Flores; Extensi\u00f3n,&nbsp; Rosal\u00eda Sosa P\u00e9rez, decanos, vice decanos, pasadas autoridades, entre las cuales estuvo la ex rectora Emma Polanco Melo,&nbsp; as\u00ed como los miembros del Consejo Universitario, funcionarios estatales, autoridades docentes y administrativas, una comisi\u00f3n del Mescyt, entre otros.<\/p>\n\n\n\n<p>Adem\u00e1s de los antes mencionados de la comisi\u00f3n de la Universidad del Pa\u00eds Vasco, estuvo presente el vicerrector de Estudiantes y Empleabilidad del Pa\u00eds Vasco, doctor Fernando Tapia.<\/p>\n\n\n\n<p>Relaciones P\u00fablicas<\/p>\n\n\n\n<p><a href=\"mailto:relacionespublicas@uasd.edu.do\" target=\"_blank\" rel=\"noreferrer noopener\">relacionespublicas@uasd.edu.do<\/a><\/p>\n\n\n\n<p>Universidad Aut\u00f3noma de Santo Domingo (UASD)<\/p>\n","protected":false},"excerpt":{"rendered":"<p>diariodominicano.com La Universidad Aut\u00f3noma de Santo Domingo (UASD) y la Universidad del Pa\u00eds Vasco (UPV\/EHU) invistieron 15 doctores, y entregaron sus t\u00edtulos a 60 egresados de los programas de maestr\u00eda en \u201cFilosof\u00eda en un Mundo Global\u201d, Globalizaci\u00f3n: Procesos Sociales y Pol\u00edticos Econ\u00f3micos\u201d y&nbsp; \u201cSociedad Democr\u00e1tica, Estado y Derecho\u201d, en el marco del convenio suscrito entre [&hellip;]<\/p>\n","protected":false},"author":5,"featured_media":513620,"comment_status":"closed","ping_status":"","sticky":true,"template":"","format":"standard","meta":{"footnotes":""},"categories":[20,27],"tags":[],"class_list":["post-513618","post","type-post","status-publish","format-standard","has-post-thumbnail","hentry","category-dominicana-hoy","category-portada"],"_links":{"self":[{"href":"https:\/\/diariodominicano.com\/index.php?rest_route=\/wp\/v2\/posts\/513618","targetHints":{"allow":["GET"]}}],"collection":[{"href":"https:\/\/diariodominicano.com\/index.php?rest_route=\/wp\/v2\/posts"}],"about":[{"href":"https:\/\/diariodominicano.com\/index.php?rest_route=\/wp\/v2\/types\/post"}],"author":[{"embeddable":true,"href":"https:\/\/diariodominicano.com\/index.php?rest_route=\/wp\/v2\/users\/5"}],"replies":[{"embeddable":true,"href":"https:\/\/diariodominicano.com\/index.php?rest_route=%2Fwp%2Fv2%2Fcomments&post=513618"}],"version-history":[{"count":1,"href":"https:\/\/diariodominicano.com\/index.php?rest_route=\/wp\/v2\/posts\/513618\/revisions"}],"predecessor-version":[{"id":513621,"href":"https:\/\/diariodominicano.com\/index.php?rest_route=\/wp\/v2\/posts\/513618\/revisions\/513621"}],"wp:featuredmedia":[{"embeddable":true,"href":"https:\/\/diariodominicano.com\/index.php?rest_route=\/wp\/v2\/media\/513620"}],"wp:attachment":[{"href":"https:\/\/diariodominicano.com\/index.php?rest_route=%2Fwp%2Fv2%2Fmedia&parent=513618"}],"wp:term":[{"taxonomy":"category","embeddable":true,"href":"https:\/\/diariodominicano.com\/index.php?rest_route=%2Fwp%2Fv2%2Fcategories&post=513618"},{"taxonomy":"post_tag","embeddable":true,"href":"https:\/\/diariodominicano.com\/index.php?rest_route=%2Fwp%2Fv2%2Ftags&post=513618"}],"curies":[{"name":"wp","href":"https:\/\/api.w.org\/{rel}","templated":true}]}}