{"id":513530,"date":"2024-03-08T11:18:00","date_gmt":"2024-03-08T15:18:00","guid":{"rendered":"https:\/\/diariodominicano.com\/?p=513530"},"modified":"2024-03-08T11:18:00","modified_gmt":"2024-03-08T15:18:00","slug":"instituto-nacional-de-migracion-presenta-la-segunda-version-de-su-carta-compromiso-al-ciudadano","status":"publish","type":"post","link":"https:\/\/diariodominicano.com\/?p=513530","title":{"rendered":"Instituto Nacional de Migraci\u00f3n presenta la segunda versi\u00f3n de su Carta Compromiso al Ciudadano"},"content":{"rendered":"\n<p>diariodominicano.com<\/p>\n\n\n\n<p><strong>Santo Domingo, 8 de<\/strong>\u2002<strong>marzo de 2024.-<\/strong>\u00a0El Instituto Nacional de Migraci\u00f3n (INM RD) present\u00f3 la segunda edici\u00f3n de la Carta Compromiso al Ciudadano, con el prop\u00f3sito de expresar el compromiso de brindar servicios de calidad, transparencia, fiabilidad y accesibilidad. La ceremonia cont\u00f3 con la presencia de autoridades del Ministerio de Administraci\u00f3n P\u00fablica (MAP), funcionarios de otras dependencias gubernamentales, colaboradores del INM RD y miembros del p\u00fablico en general.<\/p>\n\n\n\n<p>El instrumento, bajo la responsabilidad de la Divisi\u00f3n de Planificaci\u00f3n y Desarrollo del INM RD, especifica los compromisos que la instituci\u00f3n asume ante los usuarios, as\u00ed como los servicios ofrecidos y los est\u00e1ndares de calidad con los que se brindan.<\/p>\n\n\n\n<p>El evento fue encabezado por el Dr. Wilfredo Lozano, director ejecutivo del INM RD y Sheyla Castillo N\u00fa\u00f1ez, viceministra de Servicios P\u00fablicos del MAP. Entre los invitados se destacan Luis Felipe Cartagena, asesor del Ministerio de Interior y Polic\u00eda; Ely Encarnaci\u00f3n y Silvestre Ventura, subdirectores de la Direcci\u00f3n General de Migraci\u00f3n (DGM); en representaci\u00f3n del INM RD, Desiree Alc\u00e1ntara, encargada de Planificaci\u00f3n y Desarrollo; Yeisi Ram\u00edrez, analista de Desarrollo Organizacional; Jessica Mordechay, encargada de Comunicaci\u00f3n; Germania Est\u00e9vez, encargada del Departamento de Investigaci\u00f3n y Estudios Migratorios; Elba Franco, encargada de la Escuela Nacional de Migraci\u00f3n y otros colaboradores clave.<\/p>\n\n\n\n<p>Durante la presentaci\u00f3n, la Sra. Castillo N\u00fa\u00f1ez resalt\u00f3 la importancia del documento como una herramienta esencial para mejorar la gesti\u00f3n p\u00fablica y fortalecer la confianza entre los ciudadanos y el Estado dominicano.<\/p>\n\n\n\n<p>El Dr. Lozano destac\u00f3 el compromiso del INM RD con la mejora continua de la calidad de los servicios, la transparencia en la gesti\u00f3n y la atenci\u00f3n profesional y amable a todos los ciudadanos. Tambi\u00e9n enfatiz\u00f3 la relevancia de las capacitaciones ofrecidas por la Escuela Nacional de Migraci\u00f3n, unidad docente del INM RD, como parte de los compromisos establecidos en la Carta Compromiso.<\/p>\n\n\n\n<p>En el acto se hizo entrega simb\u00f3lica de la Carta Compromiso a Emily Veras, usuaria de los servicios de la Escuela Nacional de Migraci\u00f3n, como muestra del firme compromiso del INM RD con la excelencia en el servicio.<\/p>\n\n\n\n<p>Contacto de prensa<\/p>\n\n\n\n<p><strong>Jessica Mordechay<\/strong><\/p>\n\n\n\n<p>Encargada de&nbsp;Comunicaci\u00f3n<\/p>\n\n\n\n<p>Instituto Nacional de Migraci\u00f3n<\/p>\n\n\n\n<p><a href=\"mailto:jessica.mordechay@inm.gob.do\" target=\"_blank\" rel=\"noreferrer noopener\">jessica.mordechay@inm.gob.do<\/a><\/p>\n\n\n\n<p><strong>Mar\u00eda F\u00e9lix<\/strong><\/p>\n\n\n\n<p>Asistente de Comunicaci\u00f3n<\/p>\n\n\n\n<p>Instituto Nacional de Migraci\u00f3n<\/p>\n","protected":false},"excerpt":{"rendered":"<p>diariodominicano.com Santo Domingo, 8 de\u2002marzo de 2024.-\u00a0El Instituto Nacional de Migraci\u00f3n (INM RD) present\u00f3 la segunda edici\u00f3n de la Carta Compromiso al Ciudadano, con el prop\u00f3sito de expresar el compromiso de brindar servicios de calidad, transparencia, fiabilidad y accesibilidad. La ceremonia cont\u00f3 con la presencia de autoridades del Ministerio de Administraci\u00f3n P\u00fablica (MAP), funcionarios de [&hellip;]<\/p>\n","protected":false},"author":5,"featured_media":513531,"comment_status":"closed","ping_status":"","sticky":true,"template":"","format":"standard","meta":{"footnotes":""},"categories":[20,27],"tags":[],"class_list":["post-513530","post","type-post","status-publish","format-standard","has-post-thumbnail","hentry","category-dominicana-hoy","category-portada"],"_links":{"self":[{"href":"https:\/\/diariodominicano.com\/index.php?rest_route=\/wp\/v2\/posts\/513530","targetHints":{"allow":["GET"]}}],"collection":[{"href":"https:\/\/diariodominicano.com\/index.php?rest_route=\/wp\/v2\/posts"}],"about":[{"href":"https:\/\/diariodominicano.com\/index.php?rest_route=\/wp\/v2\/types\/post"}],"author":[{"embeddable":true,"href":"https:\/\/diariodominicano.com\/index.php?rest_route=\/wp\/v2\/users\/5"}],"replies":[{"embeddable":true,"href":"https:\/\/diariodominicano.com\/index.php?rest_route=%2Fwp%2Fv2%2Fcomments&post=513530"}],"version-history":[{"count":1,"href":"https:\/\/diariodominicano.com\/index.php?rest_route=\/wp\/v2\/posts\/513530\/revisions"}],"predecessor-version":[{"id":513532,"href":"https:\/\/diariodominicano.com\/index.php?rest_route=\/wp\/v2\/posts\/513530\/revisions\/513532"}],"wp:featuredmedia":[{"embeddable":true,"href":"https:\/\/diariodominicano.com\/index.php?rest_route=\/wp\/v2\/media\/513531"}],"wp:attachment":[{"href":"https:\/\/diariodominicano.com\/index.php?rest_route=%2Fwp%2Fv2%2Fmedia&parent=513530"}],"wp:term":[{"taxonomy":"category","embeddable":true,"href":"https:\/\/diariodominicano.com\/index.php?rest_route=%2Fwp%2Fv2%2Fcategories&post=513530"},{"taxonomy":"post_tag","embeddable":true,"href":"https:\/\/diariodominicano.com\/index.php?rest_route=%2Fwp%2Fv2%2Ftags&post=513530"}],"curies":[{"name":"wp","href":"https:\/\/api.w.org\/{rel}","templated":true}]}}