{"id":513524,"date":"2024-03-08T10:49:54","date_gmt":"2024-03-08T14:49:54","guid":{"rendered":"https:\/\/diariodominicano.com\/?p=513524"},"modified":"2024-03-08T10:49:54","modified_gmt":"2024-03-08T14:49:54","slug":"presidente-dominicano-podra-inaugurar-obras-hasta-el-19-de-marzo","status":"publish","type":"post","link":"https:\/\/diariodominicano.com\/?p=513524","title":{"rendered":"Presidente dominicano podr\u00e1 inaugurar obras hasta el 19 de marzo"},"content":{"rendered":"\n<p>diariodominicano.com<\/p>\n\n\n\n<p>Santo Domingo, 8 mar (Prensa Latina) El mandatario dominicano, Luis Abinader, tendr\u00e1 hasta el 19 de marzo pr\u00f3ximo para inaugurar obras sociales, pues el r\u00e9gimen electoral proh\u00edbe estos actos en los 60 d\u00edas previos a las elecciones presidenciales, inform\u00f3 hoy el ente comicial.<\/p>\n\n\n\n<p>En su rendici\u00f3n de cuentas ante la Asamblea Nacional el 27 de febrero \u00faltimo, el mandatario anunci\u00f3 el estreno en los pr\u00f3ximos d\u00edas de varias instalaciones de alcance nacional en \u00e1reas de seguridad y transporte masivo, por lo que para no violentar la ley el Gobierno deber\u00e1 apresurar su entrega.<\/p>\n\n\n\n<p>El sitio de la Presidencia inform\u00f3 que este fin de semana el gobernante y candidato presidencial por el Partido Revolucionario Moderno (PRM) para las elecciones del 19 de mayo inaugurar\u00e1 seis obras en las provincias Monte Plata, Santiago de los Caballeros, Espaillat y en el Gran Santo Domingo.<\/p>\n\n\n\n<p>Tambi\u00e9n dejar\u00e1 iniciados los trabajos para el proyecto de mejoramiento del sistema de agua potable en el municipio Pu\u00f1al.<\/p>\n\n\n\n<p>Las obras a entregar comprenden apartamentos, liceos, la pavimentaci\u00f3n de tramos de carreteras, nuevas instalaciones del Instituto Tecnol\u00f3gico de las Am\u00e9ricas, una escuela b\u00e1sica y la extensi\u00f3n de la Universidad Aut\u00f3noma de Santo Domingo en Moca.<\/p>\n\n\n\n<p>El pasado 27 el dignatario anunci\u00f3 que antes de vencer el plazo ser\u00e1n entregadas nuevas farmacias del pueblo, el telef\u00e9rico de Santiago de los Caballeros (d\u00eda 17), unas 15 instituciones educativas y tres acueductos.<\/p>\n\n\n\n<p>mem\/mpv<\/p>\n","protected":false},"excerpt":{"rendered":"<p>diariodominicano.com Santo Domingo, 8 mar (Prensa Latina) El mandatario dominicano, Luis Abinader, tendr\u00e1 hasta el 19 de marzo pr\u00f3ximo para inaugurar obras sociales, pues el r\u00e9gimen electoral proh\u00edbe estos actos en los 60 d\u00edas previos a las elecciones presidenciales, inform\u00f3 hoy el ente comicial. En su rendici\u00f3n de cuentas ante la Asamblea Nacional el 27 [&hellip;]<\/p>\n","protected":false},"author":5,"featured_media":513525,"comment_status":"closed","ping_status":"","sticky":true,"template":"","format":"standard","meta":{"footnotes":""},"categories":[20,27],"tags":[],"class_list":["post-513524","post","type-post","status-publish","format-standard","has-post-thumbnail","hentry","category-dominicana-hoy","category-portada"],"_links":{"self":[{"href":"https:\/\/diariodominicano.com\/index.php?rest_route=\/wp\/v2\/posts\/513524","targetHints":{"allow":["GET"]}}],"collection":[{"href":"https:\/\/diariodominicano.com\/index.php?rest_route=\/wp\/v2\/posts"}],"about":[{"href":"https:\/\/diariodominicano.com\/index.php?rest_route=\/wp\/v2\/types\/post"}],"author":[{"embeddable":true,"href":"https:\/\/diariodominicano.com\/index.php?rest_route=\/wp\/v2\/users\/5"}],"replies":[{"embeddable":true,"href":"https:\/\/diariodominicano.com\/index.php?rest_route=%2Fwp%2Fv2%2Fcomments&post=513524"}],"version-history":[{"count":1,"href":"https:\/\/diariodominicano.com\/index.php?rest_route=\/wp\/v2\/posts\/513524\/revisions"}],"predecessor-version":[{"id":513526,"href":"https:\/\/diariodominicano.com\/index.php?rest_route=\/wp\/v2\/posts\/513524\/revisions\/513526"}],"wp:featuredmedia":[{"embeddable":true,"href":"https:\/\/diariodominicano.com\/index.php?rest_route=\/wp\/v2\/media\/513525"}],"wp:attachment":[{"href":"https:\/\/diariodominicano.com\/index.php?rest_route=%2Fwp%2Fv2%2Fmedia&parent=513524"}],"wp:term":[{"taxonomy":"category","embeddable":true,"href":"https:\/\/diariodominicano.com\/index.php?rest_route=%2Fwp%2Fv2%2Fcategories&post=513524"},{"taxonomy":"post_tag","embeddable":true,"href":"https:\/\/diariodominicano.com\/index.php?rest_route=%2Fwp%2Fv2%2Ftags&post=513524"}],"curies":[{"name":"wp","href":"https:\/\/api.w.org\/{rel}","templated":true}]}}