{"id":513522,"date":"2024-03-08T12:32:47","date_gmt":"2024-03-08T16:32:47","guid":{"rendered":"https:\/\/diariodominicano.com\/?p=513522"},"modified":"2024-03-08T12:32:47","modified_gmt":"2024-03-08T16:32:47","slug":"feda-impulsa-produccion-y-seguridad-alimentaria-para-los-cuerpos-militares","status":"publish","type":"post","link":"https:\/\/diariodominicano.com\/?p=513522","title":{"rendered":"FEDA impulsa producci\u00f3n y seguridad alimentaria para los cuerpos militares"},"content":{"rendered":"\n<p><em>Hecmilio Galv\u00e1n entrega fondos FARD para proyecto acu\u00edcola\u00a0<\/em> <\/p>\n\n\n\n<p>El Fondo Especial para el Desarrollo Agropecuario (FEDA), realiz\u00f3 la entrega de RD$3,800,000 a la Fuerza A\u00e9rea Dominicana para la ejecuci\u00f3n de un importante proyecto acu\u00edcola desarrollado en la Base A\u00e9rea de San Isidro donde ambas instituciones se comprometieron a seguir trabajando para promover la producci\u00f3n en todos los recintos militares que tengan espacio como fuente de alimentaci\u00f3n para los soldados, sus familias y las comunidades cercanas.<\/p>\n\n\n\n<p>En la actualidad el FEDA est\u00e1 impulsando amplios proyectos de producci\u00f3n con Las Comunidades Fronterizas de las Fuerzas Armadas en El\u00edas Pi\u00f1a en la producci\u00f3n cun\u00edcola, pisc\u00edcola y av\u00edcola, tambi\u00e9n en la siembra de Coco con la misma Fuerza A\u00e9rea, as\u00ed como tambi\u00e9n tienen pendiente un proyecto av\u00edcola en el Campamento 25 de febrero del Ej\u00e9rcito Nacional.<\/p>\n\n\n\n<figure class=\"wp-block-image size-large\"><img loading=\"lazy\" decoding=\"async\" width=\"1024\" height=\"683\" src=\"https:\/\/diariodominicano.com\/wp-content\/uploads\/2024\/03\/FEDA-impulsa-produccion-y-seguridad-alimentaria-para-los-cuerpos-militares-Hecmilio-Galvan-entrega-fondos-FARD-para-proyecto-acuicola-1024x683.jpeg\" alt=\"\" class=\"wp-image-513626\" srcset=\"https:\/\/diariodominicano.com\/wp-content\/uploads\/2024\/03\/FEDA-impulsa-produccion-y-seguridad-alimentaria-para-los-cuerpos-militares-Hecmilio-Galvan-entrega-fondos-FARD-para-proyecto-acuicola-1024x683.jpeg 1024w, https:\/\/diariodominicano.com\/wp-content\/uploads\/2024\/03\/FEDA-impulsa-produccion-y-seguridad-alimentaria-para-los-cuerpos-militares-Hecmilio-Galvan-entrega-fondos-FARD-para-proyecto-acuicola-300x200.jpeg 300w, https:\/\/diariodominicano.com\/wp-content\/uploads\/2024\/03\/FEDA-impulsa-produccion-y-seguridad-alimentaria-para-los-cuerpos-militares-Hecmilio-Galvan-entrega-fondos-FARD-para-proyecto-acuicola-768x512.jpeg 768w, https:\/\/diariodominicano.com\/wp-content\/uploads\/2024\/03\/FEDA-impulsa-produccion-y-seguridad-alimentaria-para-los-cuerpos-militares-Hecmilio-Galvan-entrega-fondos-FARD-para-proyecto-acuicola-816x544.jpeg 816w, https:\/\/diariodominicano.com\/wp-content\/uploads\/2024\/03\/FEDA-impulsa-produccion-y-seguridad-alimentaria-para-los-cuerpos-militares-Hecmilio-Galvan-entrega-fondos-FARD-para-proyecto-acuicola.jpeg 1124w\" sizes=\"auto, (max-width: 1024px) 100vw, 1024px\" \/><\/figure>\n\n\n\n<p>Hecmilio Galv\u00e1n, director del FEDA, precis\u00f3 que el Gobierno Dominicano ha puesto en prioridad el sector acu\u00edcola desarrollando el Plan Nacional para el Relanzamiento del Sector Acu\u00edcola, que ha incluido m\u00e1s de 3,000 productores capacitados y la donaci\u00f3n de m\u00e1s de 3 millones de alevines de tilapia.<\/p>\n\n\n\n<p>Galv\u00e1n enfatiz\u00f3 que la producci\u00f3n de tilapias es clave para la seguridad alimentaria del pa\u00eds y la sustituci\u00f3n de importaciones, y que est\u00e1n decididos a colaborar con las Fuerzas Armadas en ese prop\u00f3sito.<\/p>\n\n\n\n<p>En tanto que el director de la Fuerza A\u00e9rea el Mayor, el General Carlos Ram\u00f3n Febrillet, agradeci\u00f3 al FEDA por los aportes que ha hecho como parte del emprendimiento en esa instituci\u00f3n militar y se comprometi\u00f3 en seguir fortaleciendo la cooperaci\u00f3n con el FEDA en la producci\u00f3n de coco y tilapia.<\/p>\n\n\n\n<p>Rafael P\u00e9rez, Encargado del Departamento de Seguimiento, precis\u00f3 que esta obra es parte del compromiso al fortalecimiento de dicho proyecto, donde se producir\u00e1n aproximadamente m\u00e1s de 100 mil alevines por zafra para alimentar a los soldados y sus familias.<\/p>\n\n\n\n<p>Los fondos fueron entregados en un acto realizado en la Base A\u00e9rea de San Isidro, por un monto de m\u00e1s de tres millones de pesos como aporte del Gobierno para la producci\u00f3n y el relanzamiento del proyecto acu\u00edcola.<\/p>\n\n\n\n<p>En la actividad estuvieron presentes generales, oficiales y encargados de los distintos Departamentos del FEDA y entre otros.<\/p>\n\n\n\n<p>Est\u00e1 iniciativa tambi\u00e9n se llevar\u00e1 a cabo en las dem\u00e1s estaciones de la Base A\u00e9rea tanto en Barahona como en Puerto Plata para seguir impulsando con el bienestar de cada uno de los miembros de la FARD.&nbsp;<\/p>\n\n\n\n<p><a href=\"mailto:relacionespublicasfeda@gmail.com\">relacionespublicasfeda@gmail.com<\/a>&nbsp;<\/p>\n","protected":false},"excerpt":{"rendered":"<p>Hecmilio Galv\u00e1n entrega fondos FARD para proyecto acu\u00edcola\u00a0 El Fondo Especial para el Desarrollo Agropecuario (FEDA), realiz\u00f3 la entrega de RD$3,800,000 a la Fuerza A\u00e9rea Dominicana para la ejecuci\u00f3n de un importante proyecto acu\u00edcola desarrollado en la Base A\u00e9rea de San Isidro donde ambas instituciones se comprometieron a seguir trabajando para promover la producci\u00f3n en [&hellip;]<\/p>\n","protected":false},"author":7,"featured_media":513627,"comment_status":"closed","ping_status":"closed","sticky":true,"template":"","format":"standard","meta":{"footnotes":""},"categories":[20,27],"tags":[],"class_list":["post-513522","post","type-post","status-publish","format-standard","has-post-thumbnail","hentry","category-dominicana-hoy","category-portada"],"_links":{"self":[{"href":"https:\/\/diariodominicano.com\/index.php?rest_route=\/wp\/v2\/posts\/513522","targetHints":{"allow":["GET"]}}],"collection":[{"href":"https:\/\/diariodominicano.com\/index.php?rest_route=\/wp\/v2\/posts"}],"about":[{"href":"https:\/\/diariodominicano.com\/index.php?rest_route=\/wp\/v2\/types\/post"}],"author":[{"embeddable":true,"href":"https:\/\/diariodominicano.com\/index.php?rest_route=\/wp\/v2\/users\/7"}],"replies":[{"embeddable":true,"href":"https:\/\/diariodominicano.com\/index.php?rest_route=%2Fwp%2Fv2%2Fcomments&post=513522"}],"version-history":[{"count":1,"href":"https:\/\/diariodominicano.com\/index.php?rest_route=\/wp\/v2\/posts\/513522\/revisions"}],"predecessor-version":[{"id":513628,"href":"https:\/\/diariodominicano.com\/index.php?rest_route=\/wp\/v2\/posts\/513522\/revisions\/513628"}],"wp:featuredmedia":[{"embeddable":true,"href":"https:\/\/diariodominicano.com\/index.php?rest_route=\/wp\/v2\/media\/513627"}],"wp:attachment":[{"href":"https:\/\/diariodominicano.com\/index.php?rest_route=%2Fwp%2Fv2%2Fmedia&parent=513522"}],"wp:term":[{"taxonomy":"category","embeddable":true,"href":"https:\/\/diariodominicano.com\/index.php?rest_route=%2Fwp%2Fv2%2Fcategories&post=513522"},{"taxonomy":"post_tag","embeddable":true,"href":"https:\/\/diariodominicano.com\/index.php?rest_route=%2Fwp%2Fv2%2Ftags&post=513522"}],"curies":[{"name":"wp","href":"https:\/\/api.w.org\/{rel}","templated":true}]}}