{"id":513501,"date":"2024-03-08T10:24:41","date_gmt":"2024-03-08T14:24:41","guid":{"rendered":"https:\/\/diariodominicano.com\/?p=513501"},"modified":"2024-03-08T10:24:41","modified_gmt":"2024-03-08T14:24:41","slug":"dominicanos-ny-felicitan-y-valoran-premio-periodista-de-la-patria-a-ramon-mercedes","status":"publish","type":"post","link":"https:\/\/diariodominicano.com\/?p=513501","title":{"rendered":"Dominicanos NY felicitan y valoran premio \u201cPeriodista de la Patria\u201d a Ram\u00f3n Mercedes"},"content":{"rendered":"\n<p><strong>Video:&nbsp;<\/strong><strong><a href=\"https:\/\/www.youtube.com\/watch?v=rdn4JwG44ms\" rel=\"noreferrer noopener\" target=\"_blank\">https:\/\/www.youtube.com\/watch?v=rdn4JwG44ms<\/a><\/strong><\/p>\n\n\n\n<p><strong>Por Mavel Flores<\/strong><\/p>\n\n\n\n<p><strong>NUEVA YORK.-&nbsp;<\/strong>Representativos de la comunidad dominicana en esta ciudad felicitan y consideran atinado el reciente reconocimiento que le hiciera la entidad \u00a1Viva la Patria! al comunicador Ram\u00f3n Mercedes como \u201cPeriodista de la Patria\u201d, por motivo del 180 aniversario de la Independencia de la Rep\u00fablica Dominicana.<\/p>\n\n\n\n<p>El reconocimiento se hizo en la Direcci\u00f3n de Cultura Dominicana, en el Alto Manhattan, en presencia de cientos de quisqueyanos, entre ellos, profesionales, pol\u00edticos, oficiales electos, religiosos, comunitarios y ciudadanos comunes.<\/p>\n\n\n\n<p>El congresista Adriano Espaillat dijo: \u201cPor ejercer un periodismo imparcial y transparente, hay que felicitarlo; adem\u00e1s, por su permanente trabajo period\u00edstico llevando informaci\u00f3n veraz a la comunidad dominicana, se ha ganado nuestro respeto y admiraci\u00f3n\u201d.<\/p>\n\n\n\n<p>El reconocido m\u00e9dico Rafael Lantigua: \u201cEjerce un periodismo eficaz, activo y veraz del cual los dominicanos en NYC nos sentimos complacidos y nos nutrimos de sus noticias para estar al tanto de lo que acontece en la comunidad\u201d.<\/p>\n\n\n\n<p>El ex c\u00f3nsul y presidente del PLD en NY, Luis Lithgow: \u201cEl hace un periodismo dirigido a defender los intereses de nuestra comunidad de manera responsable\u00bb.<\/p>\n\n\n\n<p>Para el abogado criminalista Andr\u00e9s Aranda \u201cEs un ejemplo y un defensor de nuestra comunidad, desempe\u00f1ando sus funciones con transparencia y profesionalismo\u201d.<\/p>\n\n\n\n<p>El doctor Yomare Polanco, candidato a diputado del PRD, por la Circunscripci\u00f3n 1-USA: \u201cEjerce un periodismo imparcial, transparente y actualizado; ofrece las informaciones que necesitamos saber, es una referencia\u201d.<\/p>\n\n\n\n<p>La dirigente del PRM Roberqui Jim\u00e9nez: \u201cEs un periodista dominicano marca pa\u00eds en el exterior\u201d.<\/p>\n\n\n\n<p>El asamble\u00edsta estatal por El Bronx, George \u00c1lvarez: \u201cConsidero que es uno de los periodistas que&nbsp;m\u00e1s&nbsp;informado mantiene a la comunidad, nuestras felicitaciones\u201d.<\/p>\n\n\n\n<p>El analista pol\u00edtico de la TV (Univisi\u00f3n 41 y Telemundo 47) J.C. Malone: \u201cMercedes se merece ese reconocimiento y otros m\u00e1s por su tit\u00e1nica labor period\u00edstica\u201d.<\/p>\n\n\n\n<p>Dayanara Borb\u00f3n, activista del movimiento \u201cAcci\u00f3n R\u00e1pida\u201d: \u201cSu periodismo va dirigido en defender los intereses de la comunidad dominicana en NYC, veraz y profesional\u201d. El locutor Francis M\u00e9ndez: \u201cMe mantengo al tanto de lo que acontece en nuestra comunidad, porque leo diariamente sus noticias claras, precisas, veraz e imparcial\u201d.&nbsp;&nbsp;<\/p>\n\n\n\n<p>Geraldo Rosario, coordinador de 300 con Leonel: \u201cMercedes es un periodista apegado a la \u00e9tica profesional, de los m\u00e1s investigativos y defensores de la comunidad\u201d.<\/p>\n\n\n\n<p>La comunicadora Belkys Mart\u00ednez: \u201cEs un ejemplo de integridad y profesionalismo. Ofrece un periodismo con altura, acogido a la \u00e9tica profesional y de servicios totalmente a favor de sus connacionales\u201d.<\/p>\n\n\n\n<p>Orlando Rosado, presidente del PRSC-NY: \u201cHay que considerarlo como uno de los mejores periodistas de nuestra comunidad en NYC\u201d.<\/p>\n\n\n\n<p>Rafael D\u00edaz, director del programa TV -Lev\u00e1ntate NY-: \u201cEs un periodista meritorio, es de la comunidad\u201d.<\/p>\n\n\n\n<p>Erasmo Chalas, ex secretario general del CDP-NY: \u201cEs un periodista al servicio de la comunidad, demostrado a trav\u00e9s de los a\u00f1os\u201d.<\/p>\n\n\n\n<p>Mercedes, quien reporta para este medio, asisti\u00f3 al acto junto a sus hijos y nietos para inculcarles el amor por la patria y los fundadores del pa\u00eds (Duarte, S\u00e1nchez, y Mella), expresando que ese premio es de la comunidad.<\/p>\n\n\n\n<p>Ha recibido reconocimientos del Congreso de los EE. UU.; el Senado de la RD; del Senado y Asamblea Estatal de NY; los Concejos Municipales de NYC y Paterson-NY; Universidad de Hostos, en El Bronx; la Alcald\u00eda de Villa Riva, provincia Duarte; seccional del CDP-NY; La Junta Comunitaria 12; y del C\u00edrculo Locutores, seccional-NY; entre otras instituciones.<\/p>\n","protected":false},"excerpt":{"rendered":"<p>Video:&nbsp;https:\/\/www.youtube.com\/watch?v=rdn4JwG44ms Por Mavel Flores NUEVA YORK.-&nbsp;Representativos de la comunidad dominicana en esta ciudad felicitan y consideran atinado el reciente reconocimiento que le hiciera la entidad \u00a1Viva la Patria! al comunicador Ram\u00f3n Mercedes como \u201cPeriodista de la Patria\u201d, por motivo del 180 aniversario de la Independencia de la Rep\u00fablica Dominicana. El reconocimiento se hizo en la [&hellip;]<\/p>\n","protected":false},"author":28,"featured_media":513502,"comment_status":"closed","ping_status":"","sticky":true,"template":"","format":"standard","meta":{"footnotes":""},"categories":[36,20,25,27],"tags":[],"class_list":["post-513501","post","type-post","status-publish","format-standard","has-post-thumbnail","hentry","category-hombresmujeresycosas","category-dominicana-hoy","category-gente","category-portada"],"_links":{"self":[{"href":"https:\/\/diariodominicano.com\/index.php?rest_route=\/wp\/v2\/posts\/513501","targetHints":{"allow":["GET"]}}],"collection":[{"href":"https:\/\/diariodominicano.com\/index.php?rest_route=\/wp\/v2\/posts"}],"about":[{"href":"https:\/\/diariodominicano.com\/index.php?rest_route=\/wp\/v2\/types\/post"}],"author":[{"embeddable":true,"href":"https:\/\/diariodominicano.com\/index.php?rest_route=\/wp\/v2\/users\/28"}],"replies":[{"embeddable":true,"href":"https:\/\/diariodominicano.com\/index.php?rest_route=%2Fwp%2Fv2%2Fcomments&post=513501"}],"version-history":[{"count":1,"href":"https:\/\/diariodominicano.com\/index.php?rest_route=\/wp\/v2\/posts\/513501\/revisions"}],"predecessor-version":[{"id":513503,"href":"https:\/\/diariodominicano.com\/index.php?rest_route=\/wp\/v2\/posts\/513501\/revisions\/513503"}],"wp:featuredmedia":[{"embeddable":true,"href":"https:\/\/diariodominicano.com\/index.php?rest_route=\/wp\/v2\/media\/513502"}],"wp:attachment":[{"href":"https:\/\/diariodominicano.com\/index.php?rest_route=%2Fwp%2Fv2%2Fmedia&parent=513501"}],"wp:term":[{"taxonomy":"category","embeddable":true,"href":"https:\/\/diariodominicano.com\/index.php?rest_route=%2Fwp%2Fv2%2Fcategories&post=513501"},{"taxonomy":"post_tag","embeddable":true,"href":"https:\/\/diariodominicano.com\/index.php?rest_route=%2Fwp%2Fv2%2Ftags&post=513501"}],"curies":[{"name":"wp","href":"https:\/\/api.w.org\/{rel}","templated":true}]}}