{"id":51350,"date":"2020-11-19T18:55:42","date_gmt":"2020-11-19T18:55:42","guid":{"rendered":"http:\/\/diariodominicano.ddns.net\/?p=51350"},"modified":"2020-11-19T18:55:42","modified_gmt":"2020-11-19T18:55:42","slug":"ministro-del-mescyt-y-rector-de-la-unphu-encabezan-graduacion-ordinaria-de-582-estudiantes-entre-ellos-renombrados-artistas","status":"publish","type":"post","link":"https:\/\/diariodominicano.com\/?p=51350","title":{"rendered":"Ministro del MESCYT y rector de la UNPHU encabezan graduaci\u00f3n ordinaria de 582 estudiantes, entre ellos renombrados artistas"},"content":{"rendered":"<p><body><\/p>\n<p><img decoding=\"async\" src=\"img3\/UNPHU -Mescyt.JPG\" \/>  <\/p>\n<p><span class=\"text1noticias\"> diariodominicano.com<\/span><\/p>\n<p><span class=\"text1noticias\">Santo Domingo, R. D., 19 de noviembre, 2020.- El ministro de Educaci\u00f3n Superior, Ciencia y Tecnolog\u00eda (MESCYT), doctor Franklin Garc\u00eda Ferm\u00edn, y el rector de la Universidad Nacional Pedro Henr\u00edquez Ure\u00f1a (UNPHU), arquitecto Miguel Ram\u00f3n Fiallo Calder\u00f3n, encabezaron este jueves la graduaci\u00f3n ordinaria n\u00famero 155, donde fueron investidos 582 estudiantes de grado y de posgrado.<\/span><\/p>\n<p><span class=\"text1noticias\"> <\/span><\/p>\n<p><span class=\"text1noticias\">De los graduandos 445 corresponden al Recinto Santo Domingo y 137 al Recinto La Vega. Esta graduaci\u00f3n es muy significativa para la universidad, ya que egresa la primera cohorte de la Carrera de M\u00fasica Contempor\u00e1nea, \u00fanica en el pa\u00eds. En esta graduaci\u00f3n se invistieron artistas de renombre como Maridalia Hern\u00e1ndez, Manuel Tejada, Amaury S\u00e1nchez, Maryam Soto, Sandy Gabriel, Luis Guzm\u00e1n, Janina Rosado, Alfio Lora, Luis Ruiz y \u00c1lvaro Dinzey.<\/span><\/p>\n<p><span class=\"text1noticias\"> <\/span><\/p>\n<p><span class=\"text1noticias\">Los graduandos del nivel de grado corresponden a las facultades de arquitectura y artes, ciencias y tecnolog\u00eda, ciencias agropecuarias y recursos naturales, ciencias econ\u00f3micas y sociales, humanidades y educaci\u00f3n, ciencias jur\u00eddicas y pol\u00edticas y ciencias de la salud, y de los diferentes programas de postgrado que oferta la instituci\u00f3n.<\/span><\/p>\n<p><span class=\"text1noticias\"> <\/span><\/p>\n<p><span class=\"text1noticias\">Al pronunciar su discurso, Garc\u00eda Ferm\u00edn felicit\u00f3 a la UNPHU por efectuar su investidura, la cual el MESCYT celebra jubilosamente y con desbordante alegr\u00eda, considerando el esfuerzo que han realizado profesores y nuevos profesionales para lograr el \u00e9xito e insertarse en el mundo laboral, colaborando con la b\u00fasqueda de soluciones a los problemas de la colectividad dominicana.<\/span><\/p>\n<p><span class=\"text1noticias\"> <\/span><\/p>\n<p><span class=\"text1noticias\">\u00abEstamos convencidos de que estos egresados que la Universidad Nacional Pedro Henr\u00edquez Ure\u00f1a pone a disposici\u00f3n de la  sociedad, har\u00e1n importantes aportes a nuestro pa\u00eds, anclados en principios \u00e9ticos y  valores morales, orientados hacia el bien de la humanidad\u00bb, subray\u00f3 el ministro.<\/span><\/p>\n<p><span class=\"text1noticias\"> <\/span><\/p>\n<p><span class=\"text1noticias\">El titular del MESCYT habl\u00f3 de los cambios que ha realizado la enfermedad mundial del coronavirus, llevando a los institutos educativos a la realizaci\u00f3n de actividades virtuales  para evitar reunir  a muchos participantes de manera presencial, sin embargo estas han logrado reinventarse, a pesar de las dificultades. Asimismo llam\u00f3 a los nuevos profesionales a no perder el sentido de partencia de la academia.<\/span><\/p>\n<p><span class=\"text1noticias\"> <\/span><\/p>\n<p><span class=\"text1noticias\">\u00abUstedes hoy salen de la UNPHU, pero siguen perteneciendo a ella, pues su calidad de egresados no perime nunca, raz\u00f3n por la cual siguen siendo miembros de la familia universitaria  y pertenecen al buen nombre que esta se ha ganado en la sociedad dominicana\u00bb, dijo Garc\u00eda Ferm\u00edn.<\/span><\/p>\n<p><span class=\"text1noticias\"> <\/span><\/p>\n<p><span class=\"text1noticias\">Mientras que el arquitecto Miguel Fiallo Calder\u00f3n, rector de la universidad, dijo a los graduandos: \u00abUstedes pertenecen a la generaci\u00f3n que, en apenas dos periodos acad\u00e9micos, han aprendido y aprender\u00e1n lo que les tom\u00f3 a las generaciones precedentes pr\u00e1cticamente toda la vida. Han tenido que adaptarse r\u00e1pidamente a una nueva forma de estudiar, trabajar, relacionarse y divertirse; en fin, a un nuevo estilo de vida muy diferente al que conoc\u00edan\u00bb.<\/span><\/p>\n<p><span class=\"text1noticias\"> <\/span><\/p>\n<p><span class=\"text1noticias\">Durante la ceremonia se otorg\u00f3 el t\u00edtulo de Doctor Honoris Causa por la Facultad de Ciencias y Tecnolog\u00eda, al se\u00f1or Melvin Cintr\u00f3n, por sus aportes a favor del desarrollo del sector de la aviaci\u00f3n. Cintr\u00f3n es actualmente director de la Oficina Regional para Norteam\u00e9rica, Centroam\u00e9rica y el Caribe de la Organizaci\u00f3n de la Aviaci\u00f3n Civil Internacional y es el candidato dominicano para el puesto de Secretario General de la OACI.<\/span><\/p>\n<p><span class=\"text1noticias\"> <\/span><\/p>\n<p><span class=\"text1noticias\">El orador invitado de la ceremonia fue el doctor Alejandro Amado B\u00e1ez, egresado distinguido de la Escuela de Medicina de la UNPHU, quien ha escalado posiciones prominentes en Estados Unidos, Europa y Asia como investigador e intervencionista. Hasta hace unos d\u00edas, fue el director de la Comisi\u00f3n de lucha contra el COVID-19 en el pa\u00eds.<\/span><\/p>\n<p><span class=\"text1noticias\">  <\/span><\/p>\n<p><span class=\"text1noticias\">PIE DE FOTO:<\/span><\/p>\n<p><span class=\"text1noticias\"> <\/span><\/p>\n<p><span class=\"text1noticias\">El ministro del MESCYT, doctor Franklin Garc\u00eda Ferm\u00edn, y el rector de la UNPHU, arquitecto Miguel Ram\u00f3n Fiallo Calder\u00f3n, hablaron durante <\/span>la graduaci\u00f3n.<\/p>\n<\/p>\n<p>Fuente: Federico Mendez Nova<\/p>\n<h6> 2020-11-19 18:55:42 <\/h6>\n<p><!--\n<link rel=\"stylesheet\" href=\"css\/bootstrap.min.css\">\n\n\n<ul class=\"pagination\">\n\t    \n\t\n\n<li >\n\t<a href='?page_no=37'>Previous<\/a>\n\t<\/li>\n\n\n       \n    \n\n<li><a href='?page_no=1'>1<\/a><\/li>\n\n\n\n<li><a href='?page_no=2'>2<\/a><\/li>\n\n\n\n<li><a>...<\/a><\/li>\n\n\n\n<li><a href='?page_no=36'>36<\/a><\/li>\n\n\n\n<li><a href='?page_no=37'>37<\/a><\/li>\n\n\n\n<li class='active'><a>38<\/a><\/li>\n\n\n\n<li><a href='?page_no=39'>39<\/a><\/li>\n\n\n\n<li><a href='?page_no=40'>40<\/a><\/li>\n\n\n\n<li><a>...<\/a><\/li>\n\n\n\n<li><a href='?page_no=22911'>22911<\/a><\/li>\n\n\n\n<li><a href='?page_no=22912'>22912<\/a><\/li>\n\n    \n\t\n\n<li >\n\t<a href='?page_no=39'>Next<\/a>\n\t<\/li>\n\n\n    \n\n<li><a href='?page_no=22912'>Last &rsaquo;&rsaquo;<\/a><\/li>\n\n<\/ul>\n\n\n--><br \/>\n<\/body><\/p>\n","protected":false},"excerpt":{"rendered":"<p>diariodominicano.com Santo Domingo, R. D., 19 de noviembre, 2020.- El ministro de Educaci\u00f3n Superior, Ciencia y Tecnolog\u00eda (MESCYT), doctor Franklin Garc\u00eda Ferm\u00edn, y el rector de la Universidad Nacional Pedro Henr\u00edquez Ure\u00f1a (UNPHU), arquitecto Miguel Ram\u00f3n Fiallo Calder\u00f3n, encabezaron este jueves la graduaci\u00f3n ordinaria n\u00famero 155, donde fueron investidos 582 estudiantes de grado y de [&hellip;]<\/p>\n","protected":false},"author":3,"featured_media":0,"comment_status":"open","ping_status":"open","sticky":false,"template":"","format":"standard","meta":{"footnotes":""},"categories":[21],"tags":[],"class_list":["post-51350","post","type-post","status-publish","format-standard","hentry","category-cultura"],"_links":{"self":[{"href":"https:\/\/diariodominicano.com\/index.php?rest_route=\/wp\/v2\/posts\/51350","targetHints":{"allow":["GET"]}}],"collection":[{"href":"https:\/\/diariodominicano.com\/index.php?rest_route=\/wp\/v2\/posts"}],"about":[{"href":"https:\/\/diariodominicano.com\/index.php?rest_route=\/wp\/v2\/types\/post"}],"author":[{"embeddable":true,"href":"https:\/\/diariodominicano.com\/index.php?rest_route=\/wp\/v2\/users\/3"}],"replies":[{"embeddable":true,"href":"https:\/\/diariodominicano.com\/index.php?rest_route=%2Fwp%2Fv2%2Fcomments&post=51350"}],"version-history":[{"count":0,"href":"https:\/\/diariodominicano.com\/index.php?rest_route=\/wp\/v2\/posts\/51350\/revisions"}],"wp:attachment":[{"href":"https:\/\/diariodominicano.com\/index.php?rest_route=%2Fwp%2Fv2%2Fmedia&parent=51350"}],"wp:term":[{"taxonomy":"category","embeddable":true,"href":"https:\/\/diariodominicano.com\/index.php?rest_route=%2Fwp%2Fv2%2Fcategories&post=51350"},{"taxonomy":"post_tag","embeddable":true,"href":"https:\/\/diariodominicano.com\/index.php?rest_route=%2Fwp%2Fv2%2Ftags&post=51350"}],"curies":[{"name":"wp","href":"https:\/\/api.w.org\/{rel}","templated":true}]}}