{"id":513491,"date":"2024-03-08T10:27:33","date_gmt":"2024-03-08T14:27:33","guid":{"rendered":"https:\/\/diariodominicano.com\/?p=513491"},"modified":"2024-03-08T10:27:33","modified_gmt":"2024-03-08T14:27:33","slug":"proedemaren-y-representantes-de-la-comunidad-de-pedernales-unen-esfuerzos-para-proteger-la-fauna-de-la-laguna-de-oviedo","status":"publish","type":"post","link":"https:\/\/diariodominicano.com\/?p=513491","title":{"rendered":"Proedemaren y representantes de la comunidad de Pedernales unen esfuerzos para proteger la fauna de la Laguna de Oviedo"},"content":{"rendered":"\n<p>diariodominicano.com<\/p>\n\n\n\n<p><strong>Santo Domingo, R. D., 8 de marzo, 2024.-<\/strong>\u00a0La Procuradur\u00eda Especializara para la Defensa del Medio Ambiente y los Recursos Naturales (Proedemaren), la administraci\u00f3n del Parque Nacional Jaragua, adem\u00e1s del comandante de la zona naval de la Subregi\u00f3n Sur de la Armada Dominicana, sostuvieron un encuentro para implementar una estrategia de soluci\u00f3n en defensa y protecci\u00f3n a los flamencos y cangrejos que habitan en la Laguna de Oviedo.<\/p>\n\n\n\n<p>De acuerdo con lo informado por el fiscal Israel Trinidad, que dirige la delegaci\u00f3n de la Proedemaren en esa localidad, el encuentro fue realizado en el Centro de Visitantes de la Laguna de Oviedo, donde tambi\u00e9n participaron organizaciones comunitarias como la Asociaci\u00f3n de Boteros, de Capitanes y Gu\u00edas Tur\u00edsticos.&nbsp;<\/p>\n\n\n\n<p>Trinidad indic\u00f3 que el encuentro tuvo como objetivo aunar esfuerzo para preservar los recursos naturales, de la flora y \u00f1a fauna mediante una estrategia autosostenibles para las presentes y futuras generaciones.<\/p>\n\n\n\n<p>Durante el encuentro An\u00edbal Diaz P\u00e9rez, administrador del Parque Nacional Jaragua, explic\u00f3 que est\u00e1n siendo utilizados chinchorros de menos de dos pulgadas en la pesca ilegal.<\/p>\n\n\n\n<p>D\u00edaz P\u00e9rez tambi\u00e9n se\u00f1al\u00f3 que no se ha respetado la veda que proh\u00edbe la pesca de cangrejo y langostas, la que inici\u00f3 el 10 de marzo del 2023 y concluye el 30 de julio del presente a\u00f1o.<\/p>\n\n\n\n<p>El corte de \u00e1rboles de caoba es otro de los delitos, que con esta alianza se busca erradicar por completo.<\/p>\n\n\n\n<p><strong>Direcci\u00f3n General de Comunicaci\u00f3n, Prensa, y RRPP<\/strong><strong><\/strong><\/p>\n\n\n\n<p>Ministerio P\u00fablico.&nbsp;R.D.<\/p>\n\n\n\n<p>Viernes, 8 de marzo de 2024<\/p>\n","protected":false},"excerpt":{"rendered":"<p>diariodominicano.com Santo Domingo, R. D., 8 de marzo, 2024.-\u00a0La Procuradur\u00eda Especializara para la Defensa del Medio Ambiente y los Recursos Naturales (Proedemaren), la administraci\u00f3n del Parque Nacional Jaragua, adem\u00e1s del comandante de la zona naval de la Subregi\u00f3n Sur de la Armada Dominicana, sostuvieron un encuentro para implementar una estrategia de soluci\u00f3n en defensa y [&hellip;]<\/p>\n","protected":false},"author":5,"featured_media":513504,"comment_status":"closed","ping_status":"","sticky":true,"template":"","format":"standard","meta":{"footnotes":""},"categories":[20,27],"tags":[],"class_list":["post-513491","post","type-post","status-publish","format-standard","has-post-thumbnail","hentry","category-dominicana-hoy","category-portada"],"_links":{"self":[{"href":"https:\/\/diariodominicano.com\/index.php?rest_route=\/wp\/v2\/posts\/513491","targetHints":{"allow":["GET"]}}],"collection":[{"href":"https:\/\/diariodominicano.com\/index.php?rest_route=\/wp\/v2\/posts"}],"about":[{"href":"https:\/\/diariodominicano.com\/index.php?rest_route=\/wp\/v2\/types\/post"}],"author":[{"embeddable":true,"href":"https:\/\/diariodominicano.com\/index.php?rest_route=\/wp\/v2\/users\/5"}],"replies":[{"embeddable":true,"href":"https:\/\/diariodominicano.com\/index.php?rest_route=%2Fwp%2Fv2%2Fcomments&post=513491"}],"version-history":[{"count":1,"href":"https:\/\/diariodominicano.com\/index.php?rest_route=\/wp\/v2\/posts\/513491\/revisions"}],"predecessor-version":[{"id":513506,"href":"https:\/\/diariodominicano.com\/index.php?rest_route=\/wp\/v2\/posts\/513491\/revisions\/513506"}],"wp:featuredmedia":[{"embeddable":true,"href":"https:\/\/diariodominicano.com\/index.php?rest_route=\/wp\/v2\/media\/513504"}],"wp:attachment":[{"href":"https:\/\/diariodominicano.com\/index.php?rest_route=%2Fwp%2Fv2%2Fmedia&parent=513491"}],"wp:term":[{"taxonomy":"category","embeddable":true,"href":"https:\/\/diariodominicano.com\/index.php?rest_route=%2Fwp%2Fv2%2Fcategories&post=513491"},{"taxonomy":"post_tag","embeddable":true,"href":"https:\/\/diariodominicano.com\/index.php?rest_route=%2Fwp%2Fv2%2Ftags&post=513491"}],"curies":[{"name":"wp","href":"https:\/\/api.w.org\/{rel}","templated":true}]}}