{"id":513483,"date":"2024-03-08T10:09:09","date_gmt":"2024-03-08T14:09:09","guid":{"rendered":"https:\/\/diariodominicano.com\/?p=513483"},"modified":"2024-03-08T10:09:09","modified_gmt":"2024-03-08T14:09:09","slug":"mujeres-militares-son-homenajeadas-por-el-dia-internacional-de-la-mujer-durante-la-tradicional-izada-de-bandera","status":"publish","type":"post","link":"https:\/\/diariodominicano.com\/?p=513483","title":{"rendered":"Mujeres militares son homenajeadas por el D\u00eda Internacional de la Mujer durante la tradicional izada de bandera"},"content":{"rendered":"\n<p>diariodominicano.com<\/p>\n\n\n\n<p>Santo Domingo, R. D.,\u20028 de marzo, 2024.-\u00a0\u00a0<strong>El Ministerio de Defensa (MIDE)\u00a0<\/strong>dedic\u00f3 la tradicional izada de bandera a las\u00a0<strong>destacadas damas militares\u00a0<\/strong>del pa\u00eds y de todo el mundo, con motivo del\u00a0<strong>D\u00eda Internacional de la Mujer<\/strong>, a celebrarse este 8 de marzo.<\/p>\n\n\n\n<p>La ceremonia constituy\u00f3 un momento significativo de&nbsp;<strong>reconocimiento y solidaridad<\/strong>&nbsp;y fue marcada por la participaci\u00f3n y liderazgo de las mujeres miembros de las Fuerzas Armadas, quienes se unieron para conmemorar este d\u00eda hist\u00f3rico con&nbsp;<strong>orgullo y compromiso<\/strong>.<\/p>\n\n\n\n<p>Las palabras de exhortaci\u00f3n fueron expresadas por la teniente coronel abogada&nbsp;<strong>Dominga Mad\u00e9 Zabala<\/strong>, FARD, directora de Equidad de G\u00e9nero y Desarrollo, del Ministerio de Defensa (MIDE), quien expres\u00f3, que&nbsp;<em>\u201clas Fuerzas Armadas han demostrado el importante papel que ha desempe\u00f1ado la mujer en todos los roles en la naci\u00f3n, siendo ente activo en todos los procedimientos, resiliente, con disposici\u00f3n y siempre con fe de avanzar en el crecimiento, adquiriendo niveles inigualables en todas las naciones desarrolladas\u201d.<\/em><\/p>\n\n\n\n<p><em>\u201cLa Rep\u00fablica Dominicana no ha estado exenta de este desarrollo y su crecimiento, sostenido. La mujer dominicana cada vez m\u00e1s calificada para tomar posiciones de alta importancia, as\u00ed como de participar con sus grandes aportes activamente en la toma de decisiones que consolida el crecimiento sostenible de nuestro pa\u00eds\u201d<\/em>, agreg\u00f3 Mad\u00e9 Zabala.<\/p>\n\n\n\n<p>La oficial resalt\u00f3 que&nbsp;<em>\u00abel 22 % del personal que labora en las FF. AA. est\u00e1 integrado por mujeres, por lo que posiciona a la instituci\u00f3n de forma privilegiada como n\u00famero 1 en Equidad de G\u00e9nero de todas las instituciones castrenses de Latinoam\u00e9rica\u00bb.<\/em><\/p>\n\n\n\n<figure class=\"wp-block-image\"><img decoding=\"async\" src=\"https:\/\/presidencia.gob.do\/sites\/default\/files\/inline-images\/WhatsApp%20Image%202024-03-08%20at%206.07.16%20AM%20%281%29.jpeg\" alt=\"\"\/><\/figure>\n\n\n\n<p>Tambi\u00e9n dijo que con el lanzamiento del plan de implementaci\u00f3n de la&nbsp;<strong>Resoluci\u00f3n 1325, Mujer, Paz y Seguridad,<\/strong>&nbsp;se ha demostrado el funcionamiento transformador&nbsp;<strong>a favor de la equidad dentro de las instituciones militares<\/strong>, tal como lo tiene establecido la Organizaci\u00f3n de las Naciones Unidas (ONU), para este 2024.<\/p>\n\n\n\n<p>El homenaje por la memorable fecha tuvo lugar en el frontispicio del edificio principal del MIDE y fue encabezado por la presidenta de la Asociaci\u00f3n Dominicana de Esposas de Oficiales de las Fuerzas Armadas&nbsp;<strong>(Adeofa)<\/strong>, la se\u00f1ora&nbsp;<strong>Wendy Santos de D\u00edaz<\/strong>&nbsp;y parte del estado mayor general.<\/p>\n\n\n\n<p>Esta actividad no s\u00f3lo celebra los logros alcanzados por las mujeres del Ej\u00e9rcito, Armada y Fuerza A\u00e9rea de Rep\u00fablica Dominicana, sino que tambi\u00e9n destaca la importancia de&nbsp;<strong>continuar trabajando hacia la igualdad de g\u00e9nero y el empoderamiento de las mujeres en todas las esferas de la sociedad<\/strong>. Las FF. AA., con el gesto, reafirman su compromiso con la promoci\u00f3n de la igualdad de oportunidades y el respeto a los derechos humanos fundamentales para todos sus miembros.<\/p>\n\n\n\n<p>En el cierre emocionante de la celebraci\u00f3n, la presidenta de Adeofa, con una sonrisa, comparti\u00f3 un momento especial al entregar obsequios a todas las f\u00e9minas presentes. Este gesto simboliza el aprecio y reconocimiento hacia las mujeres que desempe\u00f1an roles fundamentales en las FF. AA. La jornada concluy\u00f3 con gratitud y alegr\u00eda, dejando un eco positivo que perdurar\u00e1 en la memoria de todos los asistentes.<\/p>\n\n\n\n<p>Fuente: Direcci\u00f3n de Estrategia y Comunicaci\u00f3n<\/p>\n\n\n\n<p>Ministerio Administrativo de la Presidencia de la Rep\u00fablica Dominicana<\/p>\n","protected":false},"excerpt":{"rendered":"<p>diariodominicano.com Santo Domingo, R. D.,\u20028 de marzo, 2024.-\u00a0\u00a0El Ministerio de Defensa (MIDE)\u00a0dedic\u00f3 la tradicional izada de bandera a las\u00a0destacadas damas militares\u00a0del pa\u00eds y de todo el mundo, con motivo del\u00a0D\u00eda Internacional de la Mujer, a celebrarse este 8 de marzo. La ceremonia constituy\u00f3 un momento significativo de&nbsp;reconocimiento y solidaridad&nbsp;y fue marcada por la participaci\u00f3n y [&hellip;]<\/p>\n","protected":false},"author":5,"featured_media":513484,"comment_status":"closed","ping_status":"","sticky":true,"template":"","format":"standard","meta":{"footnotes":""},"categories":[20,27],"tags":[],"class_list":["post-513483","post","type-post","status-publish","format-standard","has-post-thumbnail","hentry","category-dominicana-hoy","category-portada"],"_links":{"self":[{"href":"https:\/\/diariodominicano.com\/index.php?rest_route=\/wp\/v2\/posts\/513483","targetHints":{"allow":["GET"]}}],"collection":[{"href":"https:\/\/diariodominicano.com\/index.php?rest_route=\/wp\/v2\/posts"}],"about":[{"href":"https:\/\/diariodominicano.com\/index.php?rest_route=\/wp\/v2\/types\/post"}],"author":[{"embeddable":true,"href":"https:\/\/diariodominicano.com\/index.php?rest_route=\/wp\/v2\/users\/5"}],"replies":[{"embeddable":true,"href":"https:\/\/diariodominicano.com\/index.php?rest_route=%2Fwp%2Fv2%2Fcomments&post=513483"}],"version-history":[{"count":1,"href":"https:\/\/diariodominicano.com\/index.php?rest_route=\/wp\/v2\/posts\/513483\/revisions"}],"predecessor-version":[{"id":513485,"href":"https:\/\/diariodominicano.com\/index.php?rest_route=\/wp\/v2\/posts\/513483\/revisions\/513485"}],"wp:featuredmedia":[{"embeddable":true,"href":"https:\/\/diariodominicano.com\/index.php?rest_route=\/wp\/v2\/media\/513484"}],"wp:attachment":[{"href":"https:\/\/diariodominicano.com\/index.php?rest_route=%2Fwp%2Fv2%2Fmedia&parent=513483"}],"wp:term":[{"taxonomy":"category","embeddable":true,"href":"https:\/\/diariodominicano.com\/index.php?rest_route=%2Fwp%2Fv2%2Fcategories&post=513483"},{"taxonomy":"post_tag","embeddable":true,"href":"https:\/\/diariodominicano.com\/index.php?rest_route=%2Fwp%2Fv2%2Ftags&post=513483"}],"curies":[{"name":"wp","href":"https:\/\/api.w.org\/{rel}","templated":true}]}}