{"id":513440,"date":"2024-03-08T08:55:15","date_gmt":"2024-03-08T12:55:15","guid":{"rendered":"https:\/\/diariodominicano.com\/?p=513440"},"modified":"2024-03-08T08:58:47","modified_gmt":"2024-03-08T12:58:47","slug":"ramfis-trujillo-declina-y-apoya-binomio-presidencial-ped-con-roque-espaillat-y-jose-ernesto-fadul","status":"publish","type":"post","link":"https:\/\/diariodominicano.com\/?p=513440","title":{"rendered":"Ramfis Trujillo declina y apoya binomio presidencial PED con Roque Espaillat y Jos\u00e9 Ernesto Fadul"},"content":{"rendered":"\n<p><strong>\u00a0Proclama se forma trio patri\u00f3tico 3X1<\/strong><\/p>\n\n\n\n<p>El Presidente del\u00a0<strong>Partido Esperanza Democr\u00e1tica<\/strong>,\u00a0<strong>Ramfis Dom\u00ednguez Trujillo<\/strong>, dej\u00f3 a un lado sus aspiraciones presidenciales, cediendo la candidatura presidencial que le hab\u00eda sido otorgada por el partido, al\u00a0<strong>Dr. Roque Espaillat<\/strong>, coronando as\u00ed el binomio oficial del\u00a0<strong>PED\u00a0<\/strong>para los comicios de Mayo de 2024.<\/p>\n\n\n\n<p>\u201cHoy celebramos con regocijo, que nuestro\u00a0<strong>Partido Esperanza Democr\u00e1tica<\/strong>\u00a0cuenta con dos toletes de hombre que forman nuestra boleta presidencial,\u00a0<strong>el Dr. Roque Espaillat Presidente<\/strong>, y el\u00a0<strong>Dr. Ernesto Fadul, Vicepresidente<\/strong>, en la casilla #32, del partido dorado, sellando as\u00ed este tr\u00edo\u00a0patri\u00f3tico indetenible que garantiza el triunfo de nuestra organizaci\u00f3n pol\u00edtica en las elecciones de Mayo,\u201d.<\/p>\n\n\n\n<p>Al responder a los cuestionamientos sobre su candidatura presidencial y los motivos que provocaron su sorpresiva decisi\u00f3n, Ramfis  enfatiz\u00f3 su plena confianza en que su derecho a ser candidato presidencial quedar\u00e1 certificado por medio de los procesos jur\u00eddicos que encabeza su equipo de abogados este a\u00f1o, pero rese\u00f1ando que el dif\u00edcil momento que vive el pa\u00eds exige una respuesta firme y una demostraci\u00f3n de total desprendimiento de los intereses personales a favor del beneficio colectivo de la Patria y el pueblo dominicano.<\/p>\n\n\n\n<figure class=\"wp-block-image size-large\"><img loading=\"lazy\" decoding=\"async\" width=\"1024\" height=\"768\" src=\"https:\/\/diariodominicano.com\/wp-content\/uploads\/2024\/03\/WhatsApp-Image-2024-03-07-at-4.46.51-PM-1-1024x768.jpeg\" alt=\"\" class=\"wp-image-513443\" srcset=\"https:\/\/diariodominicano.com\/wp-content\/uploads\/2024\/03\/WhatsApp-Image-2024-03-07-at-4.46.51-PM-1-1024x768.jpeg 1024w, https:\/\/diariodominicano.com\/wp-content\/uploads\/2024\/03\/WhatsApp-Image-2024-03-07-at-4.46.51-PM-1-300x225.jpeg 300w, https:\/\/diariodominicano.com\/wp-content\/uploads\/2024\/03\/WhatsApp-Image-2024-03-07-at-4.46.51-PM-1-768x576.jpeg 768w, https:\/\/diariodominicano.com\/wp-content\/uploads\/2024\/03\/WhatsApp-Image-2024-03-07-at-4.46.51-PM-1-816x612.jpeg 816w, https:\/\/diariodominicano.com\/wp-content\/uploads\/2024\/03\/WhatsApp-Image-2024-03-07-at-4.46.51-PM-1.jpeg 1280w\" sizes=\"auto, (max-width: 1024px) 100vw, 1024px\" \/><\/figure>\n\n\n\n<p>\u201cLa clase pol\u00edtica del pa\u00eds me tiene miedo, eso est\u00e1 claro, han hecho todo lo posible para bloquear mi candidatura; yo estoy consciente de que mis derechos est\u00e1n siendo violentados de una forma vulgar por los viejos pol\u00edticos, porque de ser por mi estar\u00edan todos los corruptos presos. Sin embargo, el verdadero crimen ser\u00eda dejar el pa\u00eds a la intemperie, sin opciones, relegados a votar por los mismos inmorales que nos han gobernado hace demasiado tiempo, d\u00edgase&nbsp;<strong>PLD, PRD, FUPU y PRM<\/strong>; todos son m\u00e1s de lo mismo, y el pueblo ya se hart\u00f3. No lamento para nada mi decisi\u00f3n, todo lo contrario, me llena de orgullo que hoy contamos con una boleta presidencial a la par con las expectativas del pueblo y las necesidades del pa\u00eds, y yo tengo el privilegio de formar parte de este extraordinario e hist\u00f3rico triunvirato,\u201d precis\u00f3.<\/p>\n\n\n\n<p>Por su parte, el candidato presidencial del&nbsp;<strong>Partido Esperanza Democr\u00e1tica<\/strong>, el&nbsp;<strong>Dr. Roque Espaillat Tav\u00e1rez&nbsp;<\/strong>( El Cobrador ) , expres\u00f3 su agradecimiento al partido por habilitar su candidatura, y manifestando su deseo de iniciar los trabajos pol\u00edticos, escudados por un partido como el&nbsp;<strong>PED<\/strong>, que ha demostrado su deseo de luchar por los mejores intereses del pa\u00eds y la Patria, marcando distancia con un accionar completamente diferente a lo que tild\u00f3 como la casta pol\u00edtica corrupta del pa\u00eds.<\/p>\n\n\n\n<p>\u201cEl&nbsp;<strong>Partido Esperanza Democr\u00e1tica&nbsp;<\/strong>es el \u00fanico partido que no pact\u00f3 con la partidocracia corrupta, demostrando su compromiso con hacer las cosas bien. El pa\u00eds no aguanta cuatro a\u00f1os de estos sinverg\u00fcenzas en el poder, es el momento de cambiar el rumbo de la naci\u00f3n, y aqu\u00ed tenemos la combinaci\u00f3n perfecta. Vamos a demostrar de lo que somos capaces de hacer cuando el pueblo y los buenos dominicanos nos unimos,\u201d se\u00f1al\u00f3.<\/p>\n\n\n\n<p>El&nbsp;<strong>Dr. Ernesto Fadul<\/strong>, candidato presidencial del&nbsp;<strong>Partido Esperanza Democr\u00e1tica<\/strong>&nbsp;se mostr\u00f3 entusiasta al hablar de la composici\u00f3n del binomio presidencial, se\u00f1alando que los dominicanos est\u00e1n ansiosos por un verdadero cambio, no lo que describi\u00f3 como la gran mentira del Presidente&nbsp;<strong>Abinader&nbsp;<\/strong>y el&nbsp;<strong>PRM.<\/strong><\/p>\n\n\n\n<p>\u201c<strong>PRM, PLD, PRD, FUPU<\/strong>, son todos iguales, la misma cosa, no hay nada que buscar ah\u00ed. Si el pueblo quiere algo que sea realmente diferente, es el momento de tomar en cuenta al&nbsp;<strong>Partido Esperanza Democr\u00e1tica (PED)<\/strong>&nbsp;que es el \u00fanico partido que tiene l\u00edderes de val\u00eda, de determinaci\u00f3n, y de compromiso. Voten todos en la casilla #32,\u201d insisti\u00f3.<\/p>\n\n\n\n<p>Al ser cuestionado sobre el origen de la relaci\u00f3n entre \u00e9l y el presidente del&nbsp;<strong>Partido Esperanza Democr\u00e1tica,<\/strong>&nbsp;el candidato vicepresidencial precis\u00f3 que la amistad entre ambos surgi\u00f3 hace un buen tiempo, fuera del \u00e1mbito pol\u00edtico, afirmando que el acuerdo pactado para luchar juntos nace de un compromiso pro-pa\u00eds, dejando claro que su complicidad ideol\u00f3gica trasciende mucho m\u00e1s all\u00e1 de del documento suscrito entre ambas partes.<\/p>\n\n\n\n<p>\u201cEste es un pacto patri\u00f3tico que fue sellado hace mucho; Ramfis y yo nos conocemos hace un buen tiempo, compartiendo totalmente fuera de la pol\u00edtica.&nbsp; Esta alianza la comprende no solo esa buena amistad, sino que nos une una hermandad pro-patria, una semejanza filos\u00f3fica inconfundible, y una identidad clara de lo que desde el gobierno haremos para transformar este pa\u00eds, resumidos todos en un listado de puntos convenidos que marcaran nuestro proceder,\u201d aclar\u00f3.<\/p>\n\n\n\n<p>Para finalizar,&nbsp;<strong>Ramfis Dom\u00ednguez-Trujillo<\/strong>, destac\u00f3 que estar\u00e1 inmerso en las actividades pol\u00edticas para garantizar el triunfo del binomio Espaillat\/Fadul y del&nbsp;<strong>Partido Esperanza Democr\u00e1tica<\/strong>, tild\u00e1ndolo como el \u00faltimo basti\u00f3n de decencia y de esperanza para el pa\u00eds, declarando la alianza inscrita como un gran tratado de naci\u00f3n.<\/p>\n\n\n\n<p>\u201cHoy lanzamos formalmente este tr\u00edo\u00a0patri\u00f3tico, 3 x 1, marcando as\u00ed el inicio de la restauraci\u00f3n de nuestra Rep\u00fablica Dominicana. Para mi este es el\u00a0<strong>PACTO TODO POR LA PATRIA<\/strong>, y lucharemos sin tregua, para convertir este sue\u00f1o en una realidad para todos los dominicanos \u00ab,\u201d complet\u00f3.<\/p>\n\n\n\n<p>generando noticias<\/p>\n\n\n\n<p><a target=\"_blank\" href=\"mailto:generandonoticias@gmail.com\" rel=\"noreferrer noopener\">generandonoticias@gmail.com<\/a><\/p>\n","protected":false},"excerpt":{"rendered":"<p>\u00a0Proclama se forma trio patri\u00f3tico 3X1 El Presidente del\u00a0Partido Esperanza Democr\u00e1tica,\u00a0Ramfis Dom\u00ednguez Trujillo, dej\u00f3 a un lado sus aspiraciones presidenciales, cediendo la candidatura presidencial que le hab\u00eda sido otorgada por el partido, al\u00a0Dr. Roque Espaillat, coronando as\u00ed el binomio oficial del\u00a0PED\u00a0para los comicios de Mayo de 2024. \u201cHoy celebramos con regocijo, que nuestro\u00a0Partido Esperanza Democr\u00e1tica\u00a0cuenta [&hellip;]<\/p>\n","protected":false},"author":28,"featured_media":513441,"comment_status":"closed","ping_status":"","sticky":true,"template":"","format":"standard","meta":{"footnotes":""},"categories":[22,27],"tags":[],"class_list":["post-513440","post","type-post","status-publish","format-standard","has-post-thumbnail","hentry","category-politica","category-portada"],"_links":{"self":[{"href":"https:\/\/diariodominicano.com\/index.php?rest_route=\/wp\/v2\/posts\/513440","targetHints":{"allow":["GET"]}}],"collection":[{"href":"https:\/\/diariodominicano.com\/index.php?rest_route=\/wp\/v2\/posts"}],"about":[{"href":"https:\/\/diariodominicano.com\/index.php?rest_route=\/wp\/v2\/types\/post"}],"author":[{"embeddable":true,"href":"https:\/\/diariodominicano.com\/index.php?rest_route=\/wp\/v2\/users\/28"}],"replies":[{"embeddable":true,"href":"https:\/\/diariodominicano.com\/index.php?rest_route=%2Fwp%2Fv2%2Fcomments&post=513440"}],"version-history":[{"count":3,"href":"https:\/\/diariodominicano.com\/index.php?rest_route=\/wp\/v2\/posts\/513440\/revisions"}],"predecessor-version":[{"id":513445,"href":"https:\/\/diariodominicano.com\/index.php?rest_route=\/wp\/v2\/posts\/513440\/revisions\/513445"}],"wp:featuredmedia":[{"embeddable":true,"href":"https:\/\/diariodominicano.com\/index.php?rest_route=\/wp\/v2\/media\/513441"}],"wp:attachment":[{"href":"https:\/\/diariodominicano.com\/index.php?rest_route=%2Fwp%2Fv2%2Fmedia&parent=513440"}],"wp:term":[{"taxonomy":"category","embeddable":true,"href":"https:\/\/diariodominicano.com\/index.php?rest_route=%2Fwp%2Fv2%2Fcategories&post=513440"},{"taxonomy":"post_tag","embeddable":true,"href":"https:\/\/diariodominicano.com\/index.php?rest_route=%2Fwp%2Fv2%2Ftags&post=513440"}],"curies":[{"name":"wp","href":"https:\/\/api.w.org\/{rel}","templated":true}]}}